{"id":3317,"date":"2024-06-17T12:55:20","date_gmt":"2024-06-17T04:55:20","guid":{"rendered":"https:\/\/cathayvista.top\/?p=3317"},"modified":"2025-01-31T09:49:58","modified_gmt":"2025-01-31T01:49:58","slug":"turkish-radio-and-television-corporation-zhen","status":"publish","type":"post","link":"https:\/\/cathayvista.top\/index.php\/2024\/06\/17\/turkish-radio-and-television-corporation-zhen\/","title":{"rendered":"\u571f\u8033\u5176\u5e7f\u64ad\u7535\u89c6\u516c\u53f8 \/ Turkish Radio and Television Corporation(TRT) &#8211; \u4e2d\u82f1\u6587\u7ef4\u57fa\u767e\u79d1\u8bcd\u6761\u878d\u5408"},"content":{"rendered":"\n<blockquote class=\"wp-block-quote is-layout-flow wp-block-quote-is-layout-flow\">\n<p class=\"has-small-font-size\">\u4e2d\u6587\u8bcd\u6761\u539f\u6587\u94fe\u63a5\uff08\u65e0\u6cd5\u4ece\u4e2d\u56fd\u5185\u5730\u8bbf\u95ee\uff09\uff1a<a href=\"https:\/\/zh.wikipedia.org\/wiki\/%E5%9C%9F%E8%80%B3%E5%85%B6%E5%B9%BF%E6%92%AD%E7%94%B5%E8%A7%86%E5%85%AC%E5%8F%B8\" target=\"_blank\" rel=\"noreferrer noopener\">\u8bf7\u70b9\u51fb\u8fd9\u91cc\u8bbf\u95ee<\/a> <br>\u82f1\u6587\u8bcd\u6761\u539f\u6587\u94fe\u63a5\uff08\u65e0\u6cd5\u4ece\u4e2d\u56fd\u5185\u5730\u8bbf\u95ee\uff09\uff1a<a href=\"https:\/\/en.wikipedia.org\/wiki\/Turkish_Radio_and_Television_Corporation\" target=\"_blank\" rel=\"noreferrer noopener\">\u8bf7\u70b9\u51fb\u8fd9\u91cc\u8bbf\u95ee<\/a> <br>\u672c\u6587\u57fa\u4e8e\u82f1\u6587\u8bcd\u6761\u7684\u7ebf\u7d22\uff0c\u5e76\u8865\u5145\u90e8\u5206\u6765\u81ea\u4e2d\u6587\u8bcd\u6761\u7684\u5185\u5bb9\uff08\u5728\u4e8c\u8005\u51b2\u7a81\u65f6\uff0c\u4ee5\u66f4\u665a\u66f4\u65b0\u8005\u4e3a\u51c6\uff09\u3002\u8fbd\u89c2\u642c\u8fd0\u65f6\u8fdb\u884c\u4e86\u5fc5\u8981\u7684\u5408\u89c4\u5316\u5904\u7406\uff0c\u4ee5\u4f7f\u5176\u80fd\u591f\u5728\u4e2d\u56fd\u5185\u5730\u4e0a\u4f20\u3002 <\/p>\n\n\n\n<p class=\"has-small-font-size\"> \u7ef4\u57fa\u767e\u79d1\uff08Wikipedia\uff09\u662f\u7f8e\u56fd\u7ef4\u57fa\u5a92\u4f53\u57fa\u91d1\u4f1a\u7684\u4e92\u8054\u7f51\u767e\u79d1\u9879\u76ee\uff0c\u5176\u5185\u5bb9\u53ef\u80fd\u53d7\u5230\u7acb\u573a\u3001\u4fe1\u606f\u6765\u6e90\u7b49\u56e0\u7d20\u5f71\u54cd\uff0c\u8bf7\u5ba2\u89c2\u770b\u5f85\u3002\u6b63\u6587\u5185\u5bb9\u4e0d\u4ee3\u8868\u8bd1\u8005\u89c2\u70b9\u3002 \u8fbd\u89c2\u63d0\u4f9b\u7684\u7ffb\u8bd1\u4ec5\u4f9b\u53c2\u8003\u3002<\/p>\n\n\n\n<p class=\"has-vivid-red-color has-text-color has-link-color has-small-font-size wp-elements-fa3520ec8a146f3dbaefc7078a38d0d3\">\u6587\u4e2d\u53ef\u80fd\u5305\u542b\u65e0\u6cd5\u4ece\u4e2d\u56fd\u5185\u5730\u8bbf\u95ee\u7684\u94fe\u63a5\u3002 <\/p>\n<cite>\u8fbd\u89c2\u6240\u642c\u8fd0\u7684\u8bcd\u6761\u6587\u672c\u4e0e\u7ef4\u57fa\u767e\u79d1\u4e00\u9053\u540c\u6837\u9075\u5faaCC BY-SA 4.0\u534f\u8bae\uff08<a href=\"https:\/\/zhuanlan.zhihu.com\/p\/653887754?utm_psn=1730141199812366337\" target=\"_blank\" rel=\"noreferrer noopener\">\u8fbd\u89c2\u642c\u8fd0\u7684\u4e2d\u82f1\u6587\u5bf9\u7167\u7248\u672c<\/a>\uff09\uff0c\u5728\u7b26\u5408\u534f\u8bae\u8981\u6c42\u7684\u60c5\u51b5\u4e0b\u60a8\u53ef\u4ee5\u514d\u8d39\u4f7f\u7528\u5176\u5185\u5bb9\uff08\u5305\u62ec\u5546\u7528\uff09\u3002\u56fe\u7247\u548c\u89c6\u9891\u53ef\u80fd\u9075\u5faa\u4e0d\u540c\u7684\u5171\u4eab\u534f\u8bae\u3002<a href=\"https:\/\/zhuanlan.zhihu.com\/p\/666846485?utm_psn=1730141316690960386\" target=\"_blank\" rel=\"noreferrer noopener\">\u8bf7\u70b9\u51fb\u8fd9\u91cc\u8bbf\u95ee<\/a><\/cite><\/blockquote>\n\n\n\n<h2 class=\"wp-block-heading\">1. \u6b63\u6587\uff08\u53d1\u5e03\u4e8e\u77e5\u4e4e\u4e13\u680f\uff09<\/h2>\n\n\n\n<p><a href=\"https:\/\/zhuanlan.zhihu.com\/p\/703798906\/\" data-type=\"link\" data-id=\"https:\/\/zhuanlan.zhihu.com\/p\/703798906\/\">\u8bf7\u70b9\u51fb\u8fd9\u91cc\u8bbf\u95ee<\/a><\/p>\n\n\n\n<h2 class=\"wp-block-heading\">2. \u53c2\u89c1\uff08\u7ef4\u57fa\u767e\u79d1\u7684\u76f8\u5173\u8bcd\u6761\uff09| See also<\/h2>\n\n\n\n<ul class=\"has-small-font-size wp-block-list\">\n<li><a href=\"https:\/\/en.wikipedia.org\/wiki\/Timeline_of_broadcast_in_Turkey\">Timeline of broadcast in Turkey<\/a>\u3010\u571f\u8033\u5176\u7684\u5e7f\u64ad\u65f6\u95f4\u7ebf\u3011<\/li>\n\n\n\n<li><a href=\"https:\/\/en.wikipedia.org\/wiki\/Media_freedom_in_Turkey\">Media freedom in Turkey<\/a>\u00a0(covers censorship aspects)\u3010\u571f\u8033\u5176\u7684\u5a92\u4f53\u81ea\u7531\u72b6\u51b5\uff08\u6d89\u53ca\u5ba1\u67e5\u65b9\u9762\uff09\u3011<\/li>\n\n\n\n<li><a href=\"https:\/\/en.wikipedia.org\/wiki\/Media_of_Turkey\">Media of Turkey<\/a>\u3010\u571f\u8033\u5176\u7684\u5a92\u4f53\u3011<\/li>\n\n\n\n<li><a href=\"https:\/\/en.wikipedia.org\/wiki\/Emel_Gazimihal\">Emel Gazimihal<\/a>\u00a0(first female speaker)\u3010\u827e\u6885\u5c14\u00b7\u52a0\u5179\u7c73\u54c8\u5c14\uff08\u571f\u8033\u5176\u9996\u4f4d\u5973\u64ad\u97f3\u5458\uff09\u3011<\/li>\n<\/ul>\n\n\n\n<h2 class=\"wp-block-heading\">3. \u53c2\u8003\u6587\u732e\uff08\u4ec5\u82f1\u6587\u8bcd\u6761\uff09<\/h2>\n\n\n\n<ol class=\"has-small-font-size wp-block-list\">\n<li>\u00a0EU Monitoring and Advocacy Program &#8211;\u00a0<em>Television across Europe<\/em>.\u00a0<a href=\"http:\/\/www.eumap.org\/topics\/media\/television_europe\/national\/turkey\/media_tur1.pdf\"><em>Turkey<\/em><\/a>\u00a0<a href=\"https:\/\/web.archive.org\/web\/20051101221504\/http:\/\/www.eumap.org\/topics\/media\/television_europe\/national\/turkey\/media_tur1.pdf\">Archived<\/a>\u00a01 November 2005 at the\u00a0<a href=\"https:\/\/en.wikipedia.org\/wiki\/Wayback_Machine\">Wayback Machine<\/a><\/li>\n\n\n\n<li>^\u00a0<a href=\"https:\/\/en.wikipedia.org\/wiki\/Turkish_Radio_and_Television_Corporation#cite_ref-history_2-0\">Jump up to:<sup><em><strong>a<\/strong><\/em><\/sup><\/a>\u00a0<a href=\"https:\/\/en.wikipedia.org\/wiki\/Turkish_Radio_and_Television_Corporation#cite_ref-history_2-1\"><sup><em><strong>b<\/strong><\/em><\/sup><\/a>\u00a0<a href=\"https:\/\/en.wikipedia.org\/wiki\/Turkish_Radio_and_Television_Corporation#cite_ref-history_2-2\"><sup><em><strong>c<\/strong><\/em><\/sup><\/a>\u00a0<a href=\"http:\/\/www.byegm.gov.tr\/db\/dosyalar\/webicerik31.pdf\">&#8220;?&#8221;<\/a>\u00a0(PDF). Gov.tr.<\/li>\n\n\n\n<li>^\u00a0<a href=\"https:\/\/en.wikipedia.org\/wiki\/Turkish_Radio_and_Television_Corporation#cite_ref-turkey_3-0\">Jump up to:<sup><em><strong>a<\/strong><\/em><\/sup><\/a>\u00a0<a href=\"https:\/\/en.wikipedia.org\/wiki\/Turkish_Radio_and_Television_Corporation#cite_ref-turkey_3-1\"><sup><em><strong>b<\/strong><\/em><\/sup><\/a>\u00a0<a href=\"http:\/\/www.byegm.gov.tr\/REFERENCES\/radyo-tv2002.htm\">&#8220;Historical Background of radio and television broadcasting in Turkey&#8221;<\/a>.<\/li>\n\n\n\n<li><strong><a href=\"https:\/\/en.wikipedia.org\/wiki\/Turkish_Radio_and_Television_Corporation#cite_ref-4\">^<\/a><\/strong>\u00a0<a href=\"https:\/\/web.archive.org\/web\/20230510173315\/https:\/\/www.trthaber.com\/trtden-haberler\/trtden-yeni-bir-cocuk-kanali-796.html\">&#8220;TRT&#8217;den yeni bir \u00e7ocuk kanal\u0131&#8221;<\/a>.\u00a0<em>www.trthaber.com<\/em>\u00a0(in Turkish). 10 May 2023. Archived from\u00a0<a href=\"https:\/\/www.trthaber.com\/trtden-haberler\/trtden-yeni-bir-cocuk-kanali-796.html\">the original<\/a>\u00a0on 10 May 2023. Retrieved\u00a010 May\u00a02023.<\/li>\n\n\n\n<li><strong><a href=\"https:\/\/en.wikipedia.org\/wiki\/Turkish_Radio_and_Television_Corporation#cite_ref-5\">^<\/a><\/strong>\u00a0<a href=\"https:\/\/twitter.com\/DIBAliErbas\/status\/1656029584255508480\">&#8220;@DIBAliErbas&#8221;<\/a>.\u00a0<em>Twitter<\/em>\u00a0(in Turkish).\u00a0<a href=\"https:\/\/web.archive.org\/web\/20230510174752\/https:\/\/twitter.com\/DIBAliErbas\/status\/1656029584255508480\">Archived<\/a>\u00a0from the original on 10 May 2023. Retrieved\u00a010 May\u00a02023.<\/li>\n\n\n\n<li><strong><a href=\"https:\/\/en.wikipedia.org\/wiki\/Turkish_Radio_and_Television_Corporation#cite_ref-https:\/\/www.amerikaninsesi.com\/a\/trt-eylem-ankara-istanbul\/4668372.html_6-0\">^<\/a><\/strong>\u00a0<a href=\"https:\/\/www.amerikaninsesi.com\/a\/trt-eylem-ankara-istanbul\/4668372.html\">&#8220;1800 \u00c7al\u0131\u015fan\u0131n Emekli Oldu\u011fu TRT&#8217;de Neler Oluyor?&#8221;<\/a>.\u00a0<em>Amerika&#8217;nin Sesi | Voice of America &#8211; Turkish<\/em>. 21 November 2018.<\/li>\n\n\n\n<li><strong><a href=\"https:\/\/en.wikipedia.org\/wiki\/Turkish_Radio_and_Television_Corporation#cite_ref-7\">^<\/a><\/strong>\u00a0Burcu Karaka\u015f (17 August 2018).\u00a0<a href=\"https:\/\/web.archive.org\/web\/20180817200002\/https:\/\/www.dw.com\/tr\/trtde-tasfiye-tedirginli%C4%9Fi\/a-45121364\">&#8220;TRT&#8217;de tasfiye tedirginli\u011fi&#8221;<\/a>.\u00a0<em><a href=\"https:\/\/en.wikipedia.org\/wiki\/Deutsche_Welle\">Deutsche Welle<\/a><\/em>\u00a0(in Turkish). \u0130stanbul. Archived from\u00a0<a href=\"https:\/\/www.dw.com\/tr\/trtde-tasfiye-tedirginli%C4%9Fi\/a-45121364\">the original<\/a>\u00a0on 17 August 2018.<\/li>\n\n\n\n<li><strong><a href=\"https:\/\/en.wikipedia.org\/wiki\/Turkish_Radio_and_Television_Corporation#cite_ref-https:\/\/www.medyaloji.net\/son-haber\/trtden-ihrac-edilenlerin-tam-listesi_23646266.html_8-0\">^<\/a><\/strong>\u00a0<a href=\"https:\/\/www.medyaloji.net\/son-haber\/trtden-ihrac-edilenlerin-tam-listesi_23646266.html\">&#8220;TRT&#8217;den ihra\u00e7 edilenlerin tam listesi&#8221;<\/a>.\u00a0<em>www.medyaloji.net<\/em>.<\/li>\n\n\n\n<li><strong><a href=\"https:\/\/en.wikipedia.org\/wiki\/Turkish_Radio_and_Television_Corporation#cite_ref-https:\/\/stockholmcf.org\/updated-list\/_9-0\">^<\/a><\/strong>\u00a0<a href=\"https:\/\/stockholmcf.org\/updated-list\/\">&#8220;Jailed and wanted Journalists in Turkey- Updated List&#8221;<\/a>.<\/li>\n\n\n\n<li><strong><a href=\"https:\/\/en.wikipedia.org\/wiki\/Turkish_Radio_and_Television_Corporation#cite_ref-10\">^<\/a><\/strong>\u00a0S. Mustafa \u00d6nen; Nural \u0130mik Tany\u0131ld\u0131z\u0131 (September 2010).\u00a0<a href=\"https:\/\/avesis.inonu.edu.tr\/yayin\/7ca1d350-279e-4cee-921a-920d3760fc62\/the-administrative-control-of-broadcasting-of-the-turkish-radio-television-corporation-trt-can-the-british-broadcasting-corporation-bbc-provide-a-model\">&#8220;The Administrative Supervision of Broadcasting of the Turkish Radio Television Corporation (TRT): Can the British Broadcasting Corporation (BBC) Provide a Model?&#8221;<\/a>.\u00a0<em>Amme \u0130daresi Dergisi<\/em>.\u00a0<strong>4<\/strong>\u00a0(3): 131.<\/li>\n\n\n\n<li><strong><a href=\"https:\/\/en.wikipedia.org\/wiki\/Turkish_Radio_and_Television_Corporation#cite_ref-11\">^<\/a><\/strong>\u00a0<a href=\"https:\/\/www.trtworld.com\/\">&#8220;TRT World&#8221;<\/a>.\u00a0<em>TRT World<\/em>. Retrieved\u00a02 June\u00a02021.<\/li>\n\n\n\n<li><strong><a href=\"https:\/\/en.wikipedia.org\/wiki\/Turkish_Radio_and_Television_Corporation#cite_ref-12\">^<\/a><\/strong>\u00a0<a href=\"https:\/\/www.trtspor.com.tr\/haber\/diger-sporlar\/trtden-dev-adim-192214.html\">&#8220;TRT&#8217;den dev ad\u0131m&#8221;<\/a>.\u00a0<em>www.trtspor.com.tr<\/em>.<\/li>\n\n\n\n<li><strong><a href=\"https:\/\/en.wikipedia.org\/wiki\/Turkish_Radio_and_Television_Corporation#cite_ref-13\">^<\/a><\/strong>\u00a0Turkish Directorate General of Press and Information (2003).\u00a0<a href=\"https:\/\/web.archive.org\/web\/20060830170539\/http:\/\/www.byegm.gov.tr\/REFERENCES\/radyo-tv2002.htm\">&#8220;Historical background of radio and television broadcasting in Turkey&#8221;<\/a>. Turkish Prime Minister&#8217;s Office. Archived from\u00a0<a href=\"http:\/\/www.byegm.gov.tr\/REFERENCES\/radyo-tv2002.htm\">the original<\/a>\u00a0on 30 August 2006. Retrieved\u00a010 August\u00a02006.<\/li>\n\n\n\n<li><strong><a href=\"https:\/\/en.wikipedia.org\/wiki\/Turkish_Radio_and_Television_Corporation#cite_ref-14\">^<\/a><\/strong>\u00a0Nasuhi G\u00fcng\u00f6r (2009).\u00a0<a href=\"https:\/\/web.archive.org\/web\/20110812215546\/http:\/\/www.todayszaman.com\/newsDetail_getNewsById.action?load=detay&amp;link=162643\">&#8220;Kurdish TRT&#8221;<\/a>. Zaman. Archived from\u00a0<a href=\"http:\/\/www.todayszaman.com\/newsDetail_getNewsById.action?load=detay&amp;link=162643\">the original<\/a>\u00a0on 12 August 2011. Retrieved\u00a025 February\u00a02009.<\/li>\n\n\n\n<li><strong><a href=\"https:\/\/en.wikipedia.org\/wiki\/Turkish_Radio_and_Television_Corporation#cite_ref-trt_15-0\">^<\/a><\/strong>\u00a0<a href=\"https:\/\/web.archive.org\/web\/20100407201822\/http:\/\/www.trt.net.tr\/Haber\/HaberDetay.aspx?HaberKodu=0a615416-2c74-4551-9264-c57fa7febb5e\">&#8220;TRT Arap\u00e7a Bug\u00fcn A\u00e7\u0131l\u0131yor&#8221;<\/a>. Trt.net.tr. 13 January 2011. Archived from\u00a0<a href=\"http:\/\/www.trt.net.tr\/Haber\/HaberDetay.aspx?HaberKodu=0a615416-2c74-4551-9264-c57fa7febb5e\">the original<\/a>\u00a0on 7 April 2010. Retrieved\u00a04 November\u00a02012.<\/li>\n\n\n\n<li><strong><a href=\"https:\/\/en.wikipedia.org\/wiki\/Turkish_Radio_and_Television_Corporation#cite_ref-16\">^<\/a><\/strong>\u00a0Caglar, Bayram (5 October 2018).\u00a0<a href=\"https:\/\/dx.doi.org\/10.5824\/1309-1581.2018.3.010.x\">&#8220;Reception of The Series Seksenler From The Perspective of Cultural Studies: Comments of The Audience on Social Media&#8221;<\/a>.\u00a0<em>Ajit-e Online Academic Journal of Information Technology<\/em>.\u00a0<strong>9<\/strong>\u00a0(33): 159\u2013192.\u00a0<a href=\"https:\/\/en.wikipedia.org\/wiki\/Doi_(identifier)\">doi<\/a>:<a href=\"https:\/\/doi.org\/10.5824%2F1309-1581.2018.3.010.x\">10.5824\/1309-1581.2018.3.010.x<\/a>.\u00a0<a href=\"https:\/\/en.wikipedia.org\/wiki\/ISSN_(identifier)\">ISSN<\/a>\u00a0<a href=\"https:\/\/www.worldcat.org\/issn\/1309-1581\">1309-1581<\/a>.<\/li>\n\n\n\n<li>^\u00a0<a href=\"https:\/\/en.wikipedia.org\/wiki\/Turkish_Radio_and_Television_Corporation#cite_ref-:0_17-0\">Jump up to:<sup><em><strong>a<\/strong><\/em><\/sup><\/a>\u00a0<a href=\"https:\/\/en.wikipedia.org\/wiki\/Turkish_Radio_and_Television_Corporation#cite_ref-:0_17-1\"><sup><em><strong>b<\/strong><\/em><\/sup><\/a>\u00a0OKUMU\u015e, M. Sami (30 June 2020).\u00a0<a href=\"https:\/\/dx.doi.org\/10.35343\/kosbed.738725\">&#8220;1974&#8217;ten 2020&#8217;ye TRT Tarih Dizileri&#8221;<\/a>.\u00a0<em>Kocaeli \u00dcniversitesi Sosyal Bilimler Dergisi<\/em>.\u00a0<strong>1<\/strong>\u00a0(39): 37\u201352.\u00a0<a href=\"https:\/\/en.wikipedia.org\/wiki\/Doi_(identifier)\">doi<\/a>:<a href=\"https:\/\/doi.org\/10.35343%2Fkosbed.738725\">10.35343\/kosbed.738725<\/a>.\u00a0<a href=\"https:\/\/en.wikipedia.org\/wiki\/ISSN_(identifier)\">ISSN<\/a>\u00a0<a href=\"https:\/\/www.worldcat.org\/issn\/1302-6658\">1302-6658<\/a>.<\/li>\n\n\n\n<li>^\u00a0<a href=\"https:\/\/en.wikipedia.org\/wiki\/Turkish_Radio_and_Television_Corporation#cite_ref-:1_18-0\">Jump up to:<sup><em><strong>a<\/strong><\/em><\/sup><\/a>\u00a0<a href=\"https:\/\/en.wikipedia.org\/wiki\/Turkish_Radio_and_Television_Corporation#cite_ref-:1_18-1\"><sup><em><strong>b<\/strong><\/em><\/sup><\/a>\u00a0<a href=\"https:\/\/en.wikipedia.org\/wiki\/Turkish_Radio_and_Television_Corporation#cite_ref-:1_18-2\"><sup><em><strong>c<\/strong><\/em><\/sup><\/a>\u00a0\u00c7a\u011flan Bilsel, \u00d6zlem; Arda, \u00d6zlem (12 July 2021),\u00a0<a href=\"https:\/\/dx.doi.org\/10.26650\/b\/ss18.2021.004.006\">&#8220;Cultural Codes Creating a Universal Context and Reception of The Audience: the Case Study of \u0130stanbullu Geli\u0307n&#8221;<\/a>,\u00a0<em>Transnationalization Of Turkish Television Series<\/em>, Istanbul University Press, pp.\u00a083\u2013111,\u00a0<a href=\"https:\/\/en.wikipedia.org\/wiki\/ISBN_(identifier)\">ISBN<\/a>\u00a0<a href=\"https:\/\/en.wikipedia.org\/wiki\/Special:BookSources\/978-605-07-0756-4\"><bdi>978-605-07-0756-4<\/bdi><\/a>, retrieved\u00a024 April\u00a02024<\/li>\n\n\n\n<li><strong><a href=\"https:\/\/en.wikipedia.org\/wiki\/Turkish_Radio_and_Television_Corporation#cite_ref-19\">^<\/a><\/strong>\u00a0<a href=\"https:\/\/dx.doi.org\/10.59287\/siibyc.688\">&#8220;Dizilerde Kad\u0131na Y\u00f6nelik Erkek \u015eiddetiyle M\u00fccadelenin Toplumsal \u0130mgesi: Merhamet Dizisi \u00d6rne\u011fi&#8221;<\/a>,\u00a0<em>SOSYAL, \u0130NSAN VE \u0130DAR\u0130 B\u0130L\u0130MLERDE YEN\u0130L\u0130K\u00c7\u0130 \u00c7ALI\u015eMALAR<\/em>, DUVAR PUBLISHING, 2023,\u00a0<a href=\"https:\/\/en.wikipedia.org\/wiki\/ISBN_(identifier)\">ISBN<\/a>\u00a0<a href=\"https:\/\/en.wikipedia.org\/wiki\/Special:BookSources\/978-625-6507-32-6\"><bdi>978-625-6507-32-6<\/bdi><\/a>, retrieved\u00a024 April\u00a02024<\/li>\n\n\n\n<li><strong><a href=\"https:\/\/en.wikipedia.org\/wiki\/Turkish_Radio_and_Television_Corporation#cite_ref-20\">^<\/a><\/strong>\u00a0Kuyucu, Prof Dr Michael (Mihalis).\u00a0<a href=\"https:\/\/www.academia.edu\/26047985\/Evaluation_of_the_Economic_and_Cultural_Effects_of_the_Turkish_Soap_Operas_and_TV_Series_Exported_to_the_World_TVs_in_the_Example_of_Muhte%C5%9Fem_Y%C3%BCzy%C4%B1l_and_Greece\">&#8220;Evaluation of the Economic and Cultural Effects of the Turkish Soap Operas and TV Series Exported to the World TVs in the Example of &#8216;Muhte\u015fem Y\u00fczy\u0131l&#8217; and Greece&#8221;<\/a>.\u00a0<code>{{<a href=\"https:\/\/en.wikipedia.org\/wiki\/Template:Cite_journal\">cite journal<\/a>}}<\/code>:\u00a0Cite journal requires\u00a0<code>|journal=<\/code>\u00a0(<a href=\"https:\/\/en.wikipedia.org\/wiki\/Help:CS1_errors#missing_periodical\">help<\/a>)<\/li>\n\n\n\n<li>^\u00a0<a href=\"https:\/\/en.wikipedia.org\/wiki\/Turkish_Radio_and_Television_Corporation#cite_ref-:2_21-0\">Jump up to:<sup><em><strong>a<\/strong><\/em><\/sup><\/a>\u00a0<a href=\"https:\/\/en.wikipedia.org\/wiki\/Turkish_Radio_and_Television_Corporation#cite_ref-:2_21-1\"><sup><em><strong>b<\/strong><\/em><\/sup><\/a>\u00a0Larochelle, Dimitra (12 July 2021),\u00a0<a href=\"https:\/\/dx.doi.org\/10.26650\/b\/ss18.2021.004.005\">&#8220;&#8221;They&#8217;re Not That Much Different After All\u2026&#8221;. The Reception of Turkish Series by Greeks: Between Alterity and Proximity&#8221;<\/a>,\u00a0<em>Transnationalization Of Turkish Television Series<\/em>, Istanbul University Press, pp.\u00a067\u201381,\u00a0<a href=\"https:\/\/en.wikipedia.org\/wiki\/ISBN_(identifier)\">ISBN<\/a>\u00a0<a href=\"https:\/\/en.wikipedia.org\/wiki\/Special:BookSources\/978-605-07-0756-4\"><bdi>978-605-07-0756-4<\/bdi><\/a>, retrieved\u00a024 April\u00a02024<\/li>\n\n\n\n<li><strong><a href=\"https:\/\/en.wikipedia.org\/wiki\/Turkish_Radio_and_Television_Corporation#cite_ref-22\">^<\/a><\/strong>\u00a0<a href=\"https:\/\/avesis.marmara.edu.tr\/yonetilen-tez\/60da8000-1b98-422b-a24a-9cbdcc699a65\/kulturun-kuresel-karsi-akisina-ornek-olarak-turk-dizileri-ve-turk-dizilerinin-makedonyadaki-universite-ogrencileri-tarafindan-alimlanmasi\">&#8220;K\u00fclt\u00fcr\u00fcn k\u00fcresel kar\u015f\u0131-ak\u0131\u015f\u0131na \u00f6rnek olarak T\u00fcrk dizileri ve T\u00fcrk dizilerinin Makedonya&#8217;daki \u00fcniversite \u00f6\u011frencileri taraf\u0131ndan al\u0131mlanmas\u0131 | AVES\u0130S&#8221;<\/a>.\u00a0<em>avesis.marmara.edu.tr<\/em>. Retrieved\u00a024 April\u00a02024.<\/li>\n\n\n\n<li><strong><a href=\"https:\/\/en.wikipedia.org\/wiki\/Turkish_Radio_and_Television_Corporation#cite_ref-23\">^<\/a><\/strong>\u00a0Berg, Miriam (13 June 2023).\u00a0<a href=\"https:\/\/dx.doi.org\/10.47788\/agll1722\"><em>Turkish Drama Serials<\/em><\/a>. University of Exeter Press.\u00a0<a href=\"https:\/\/en.wikipedia.org\/wiki\/ISBN_(identifier)\">ISBN<\/a>\u00a0<a href=\"https:\/\/en.wikipedia.org\/wiki\/Special:BookSources\/978-1-80413-042-1\"><bdi>978-1-80413-042-1<\/bdi><\/a>.<\/li>\n\n\n\n<li>^\u00a0<a href=\"https:\/\/en.wikipedia.org\/wiki\/Turkish_Radio_and_Television_Corporation#cite_ref-Television_in_Turkey_24-0\">Jump up to:<sup><em><strong>a<\/strong><\/em><\/sup><\/a>\u00a0<a href=\"https:\/\/en.wikipedia.org\/wiki\/Turkish_Radio_and_Television_Corporation#cite_ref-Television_in_Turkey_24-1\"><sup><em><strong>b<\/strong><\/em><\/sup><\/a>\u00a0Kaptan, Ye\u015fim; Algan, Ece, eds. (2020).\u00a0<a href=\"https:\/\/dx.doi.org\/10.1007\/978-3-030-46051-8\">&#8220;Television in Turkey&#8221;<\/a>.\u00a0<a href=\"https:\/\/en.wikipedia.org\/wiki\/Doi_(identifier)\">doi<\/a>:<a href=\"https:\/\/doi.org\/10.1007%2F978-3-030-46051-8\">10.1007\/978-3-030-46051-8<\/a>.\u00a0<code>{{<a href=\"https:\/\/en.wikipedia.org\/wiki\/Template:Cite_journal\">cite journal<\/a>}}<\/code>:\u00a0Cite journal requires\u00a0<code>|journal=<\/code>\u00a0(<a href=\"https:\/\/en.wikipedia.org\/wiki\/Help:CS1_errors#missing_periodical\">help<\/a>)<\/li>\n\n\n\n<li><strong><a href=\"https:\/\/en.wikipedia.org\/wiki\/Turkish_Radio_and_Television_Corporation#cite_ref-25\">^<\/a><\/strong>\u00a0Yesil, Bilge (April 2015).\u00a0<a href=\"https:\/\/dx.doi.org\/10.1177\/1742766515573274\">&#8220;Transnationalization of Turkish dramas: Exploring the convergence of local and global market imperatives&#8221;<\/a>.\u00a0<em>Global Media and Communication<\/em>.\u00a0<strong>11<\/strong>\u00a0(1): 43\u201360.\u00a0<a href=\"https:\/\/en.wikipedia.org\/wiki\/Doi_(identifier)\">doi<\/a>:<a href=\"https:\/\/doi.org\/10.1177%2F1742766515573274\">10.1177\/1742766515573274<\/a>.\u00a0<a href=\"https:\/\/en.wikipedia.org\/wiki\/ISSN_(identifier)\">ISSN<\/a>\u00a0<a href=\"https:\/\/www.worldcat.org\/issn\/1742-7665\">1742-7665<\/a>.<\/li>\n\n\n\n<li><strong><a href=\"https:\/\/en.wikipedia.org\/wiki\/Turkish_Radio_and_Television_Corporation#cite_ref-26\">^<\/a><\/strong>\u00a0<a href=\"http:\/\/www.trtvotworld.com\/\">&#8220;TRT D\u0131\u015f Yay\u0131nlar Dairesi Ba\u015fkanl\u0131\u011f\u0131&#8221;<\/a>.\u00a0<em>www.trtvotworld.com<\/em>. Retrieved\u00a021 March\u00a02021.<\/li>\n<\/ol>\n\n\n\n<h2 class=\"wp-block-heading\">4. \u5916\u90e8\u94fe\u63a5 | External links<\/h2>\n\n\n\n<p>Wikimedia Commons has media related to\u00a0<strong><em><a href=\"https:\/\/commons.wikimedia.org\/wiki\/Category:TRT\">TRT<\/a><\/em><\/strong>.[\u7ef4\u57fa\u5171\u4eab\u8d44\u6e90\u4e2d\u6709\u4e0e TRT \u76f8\u5173\u7684\u5a92\u4f53]<\/p>\n\n\n\n<ul class=\"has-small-font-size wp-block-list\">\n<li><a href=\"http:\/\/www.trt.net.tr\/\">Official website<\/a>\u00a0(in Turkish) \/ <a href=\"https:\/\/www.trt.net.tr\/\">\u571f\u8033\u5176\u5e7f\u64ad\u7535\u89c6\u516c\u53f8<\/a>\u00a0\uff08<a href=\"https:\/\/web.archive.org\/web\/20230317194152\/https:\/\/www.trt.net.tr\/\">\u9875\u9762\u5b58\u6863\u5907\u4efd<\/a>\uff0c\u5b58\u4e8e<a href=\"https:\/\/zh.wikipedia.org\/wiki\/%E4%BA%92%E8%81%94%E7%BD%91%E6%A1%A3%E6%A1%88%E9%A6%86\">\u4e92\u8054\u7f51\u6863\u6848\u9986<\/a>\uff09<\/li>\n\n\n\n<li><a href=\"http:\/\/www.trtworld.com\/\">TRT World<\/a>\u00a0(in English)<\/li>\n\n\n\n<li><a href=\"http:\/\/www.trtsales.com\/\">TRT Sales<\/a><\/li>\n\n\n\n<li><a href=\"https:\/\/www.trt.net.tr\/chinese\/\">\u571f\u8033\u5176\u4e4b\u58f0\u4e2d\u6587\u7f51<\/a>\u00a0\uff08<a href=\"https:\/\/web.archive.org\/web\/20201230191448\/https:\/\/www.trt.net.tr\/chinese\/\">\u9875\u9762\u5b58\u6863\u5907\u4efd<\/a>\uff0c\u5b58\u4e8e<a href=\"https:\/\/zh.wikipedia.org\/wiki\/%E4%BA%92%E8%81%94%E7%BD%91%E6%A1%A3%E6%A1%88%E9%A6%86\">\u4e92\u8054\u7f51\u6863\u6848\u9986<\/a>\uff09<\/li>\n\n\n\n<li><a href=\"https:\/\/twitter.com\/trtchinesecom\">TRT\u4e2d\u6587\u7684X\uff08\u524dTwitter\uff09\u8d26\u6237<\/a><strong>\uff08\u4e2d\u6587\uff09<\/strong><\/li>\n\n\n\n<li><a href=\"https:\/\/twitter.com\/trt\">TRT\u7684X\uff08\u524dTwitter\uff09\u8d26\u6237<\/a><strong>\uff08\u571f\u8033\u5176\u6587\uff09<\/strong><\/li>\n<\/ul>\n","protected":false},"excerpt":{"rendered":"<p>\u4e2d\u6587\u8bcd\u6761\u539f\u6587\u94fe\u63a5\uff08\u65e0\u6cd5\u4ece\u4e2d\u56fd\u5185\u5730\u8bbf\u95ee\uff09\uff1a\u8bf7\u70b9 [&hellip;]<\/p>\n","protected":false},"author":1,"featured_media":0,"comment_status":"closed","ping_status":"closed","sticky":false,"template":"","format":"standard","meta":[],"categories":[31,96,39],"tags":[155,101],"class_list":["post-3317","post","type-post","status-publish","format-standard","hentry","category-middle-east","category-state-owned-enterprise","category-media","tag-155","tag-101"],"_links":{"self":[{"href":"https:\/\/cathayvista.top\/index.php\/wp-json\/wp\/v2\/posts\/3317","targetHints":{"allow":["GET"]}}],"collection":[{"href":"https:\/\/cathayvista.top\/index.php\/wp-json\/wp\/v2\/posts"}],"about":[{"href":"https:\/\/cathayvista.top\/index.php\/wp-json\/wp\/v2\/types\/post"}],"author":[{"embeddable":true,"href":"https:\/\/cathayvista.top\/index.php\/wp-json\/wp\/v2\/users\/1"}],"replies":[{"embeddable":true,"href":"https:\/\/cathayvista.top\/index.php\/wp-json\/wp\/v2\/comments?post=3317"}],"version-history":[{"count":0,"href":"https:\/\/cathayvista.top\/index.php\/wp-json\/wp\/v2\/posts\/3317\/revisions"}],"wp:attachment":[{"href":"https:\/\/cathayvista.top\/index.php\/wp-json\/wp\/v2\/media?parent=3317"}],"wp:term":[{"taxonomy":"category","embeddable":true,"href":"https:\/\/cathayvista.top\/index.php\/wp-json\/wp\/v2\/categories?post=3317"},{"taxonomy":"post_tag","embeddable":true,"href":"https:\/\/cathayvista.top\/index.php\/wp-json\/wp\/v2\/tags?post=3317"}],"curies":[{"name":"wp","href":"https:\/\/api.w.org\/{rel}","templated":true}]}}