{"id":3461,"date":"2024-07-08T12:30:38","date_gmt":"2024-07-08T04:30:38","guid":{"rendered":"https:\/\/cathayvista.top\/?p=3461"},"modified":"2025-01-31T09:57:05","modified_gmt":"2025-01-31T01:57:05","slug":"airbus-a330-mrtt-zhen","status":"publish","type":"post","link":"https:\/\/cathayvista.top\/index.php\/2024\/07\/08\/airbus-a330-mrtt-zhen\/","title":{"rendered":"\u7a7a\u4e2d\u5ba2\u8f66A330 MRTT \/ Airbus A330 MRTT &#8211; \u4e2d\u82f1\u6587\u7ef4\u57fa\u767e\u79d1\u8bcd\u6761\u878d\u5408"},"content":{"rendered":"\n<blockquote class=\"wp-block-quote is-layout-flow wp-block-quote-is-layout-flow\">\n<p class=\"has-small-font-size\">\u4e2d\u6587\u8bcd\u6761\u539f\u6587\u94fe\u63a5\uff08\u65e0\u6cd5\u4ece\u4e2d\u56fd\u5185\u5730\u8bbf\u95ee\uff09\uff1a<a href=\"https:\/\/zh.wikipedia.org\/wiki\/%E7%A9%BA%E4%B8%AD%E5%AE%A2%E8%BD%A6A330_MRTT\" target=\"_blank\" rel=\"noreferrer noopener\">\u8bf7\u70b9\u51fb\u8fd9\u91cc\u8bbf\u95ee<\/a> <br>\u82f1\u6587\u8bcd\u6761\u539f\u6587\u94fe\u63a5\uff08\u65e0\u6cd5\u4ece\u4e2d\u56fd\u5185\u5730\u8bbf\u95ee\uff09\uff1a<a href=\"https:\/\/en.wikipedia.org\/wiki\/Airbus_A330_MRTT\" target=\"_blank\" rel=\"noreferrer noopener\">\u8bf7\u70b9\u51fb\u8fd9\u91cc\u8bbf\u95ee<\/a> <br>\u672c\u6587\u57fa\u4e8e\u82f1\u6587\u8bcd\u6761\u7684\u7ebf\u7d22\uff0c\u5e76\u8865\u5145\u90e8\u5206\u6765\u81ea\u4e2d\u6587\u8bcd\u6761\u7684\u5185\u5bb9\uff08\u5728\u4e8c\u8005\u51b2\u7a81\u65f6\uff0c\u4ee5\u66f4\u665a\u66f4\u65b0\u8005\u4e3a\u51c6\uff09\u3002\u8fbd\u89c2\u642c\u8fd0\u65f6\u8fdb\u884c\u4e86\u5fc5\u8981\u7684\u5408\u89c4\u5316\u5904\u7406\uff0c\u4ee5\u4f7f\u5176\u80fd\u591f\u5728\u4e2d\u56fd\u5185\u5730\u4e0a\u4f20\u3002 <\/p>\n\n\n\n<p class=\"has-small-font-size\">\u5173\u4e8e\u8fbd\u89c2\u7684\u7ef4\u57fa\u767e\u79d1\u642c\u8fd0\u8ba1\u5212\uff0c\u53ca\u5176\u4ed6\u5df2\u642c\u8fd0\u7684\u8bcd\u6761\uff0c<a href=\"https:\/\/cathayvista.top\/index.php\/wikipedia-intro\/\" target=\"_blank\" rel=\"noreferrer noopener\">\u8bf7\u70b9\u51fb\u8fd9\u91cc\u4e86\u89e3\u66f4\u591a<\/a>\u3002 <\/p>\n\n\n\n<p class=\"has-small-font-size\">\u7ef4\u57fa\u767e\u79d1\uff08Wikipedia\uff09\u662f\u7f8e\u56fd\u7ef4\u57fa\u5a92\u4f53\u57fa\u91d1\u4f1a\u7684\u4e92\u8054\u7f51\u767e\u79d1\u9879\u76ee\uff0c\u5176\u5185\u5bb9\u53ef\u80fd\u53d7\u5230\u7acb\u573a\u3001\u4fe1\u606f\u6765\u6e90\u7b49\u56e0\u7d20\u5f71\u54cd\uff0c\u8bf7\u5ba2\u89c2\u770b\u5f85\u3002\u6b63\u6587\u5185\u5bb9\u4e0d\u4ee3\u8868\u8bd1\u8005\u89c2\u70b9\u3002 \u8fbd\u89c2\u63d0\u4f9b\u7684\u7ffb\u8bd1\u4ec5\u4f9b\u53c2\u8003\u3002<strong>\u6587\u4e2d\u53ef\u80fd\u5305\u542b\u65e0\u6cd5\u4ece\u4e2d\u56fd\u5185\u5730\u8bbf\u95ee\u7684\u94fe\u63a5\u3002 <\/strong><\/p>\n<cite>\u8fbd\u89c2\u6240\u642c\u8fd0\u7684\u8bcd\u6761\u6587\u672c\u4e0e\u7ef4\u57fa\u767e\u79d1\u4e00\u9053\u540c\u6837\u9075\u5faaCC BY-SA 4.0\u534f\u8bae\uff08<a href=\"https:\/\/zhuanlan.zhihu.com\/p\/653887754?utm_psn=1730141199812366337\" target=\"_blank\" rel=\"noreferrer noopener\">\u8fbd\u89c2\u642c\u8fd0\u7684\u4e2d\u82f1\u6587\u5bf9\u7167\u7248\u672c<\/a>\uff09\uff0c\u5728\u7b26\u5408\u534f\u8bae\u8981\u6c42\u7684\u60c5\u51b5\u4e0b\u60a8\u53ef\u4ee5\u514d\u8d39\u4f7f\u7528\u5176\u5185\u5bb9\uff08\u5305\u62ec\u5546\u7528\uff09\u3002\u56fe\u7247\u548c\u89c6\u9891\u53ef\u80fd\u9075\u5faa\u4e0d\u540c\u7684\u5171\u4eab\u534f\u8bae\u3002<a href=\"https:\/\/zhuanlan.zhihu.com\/p\/666846485?utm_psn=1730141316690960386\" target=\"_blank\" rel=\"noreferrer noopener\">\u8bf7\u70b9\u51fb\u8fd9\u91cc\u8bbf\u95ee<\/a><\/cite><\/blockquote>\n\n\n\n<h2 class=\"wp-block-heading\">1. \u6b63\u6587\uff08\u53d1\u5e03\u4e8e\u77e5\u4e4e\u4e13\u680f\uff09<\/h2>\n\n\n\n<p>\u7b2c\u4e00\u90e8\u5206\uff08\u6982\u8ff0\u3001\u8bbe\u8ba1\u548c\u5f00\u53d1\u3001\u8fd0\u7528\u5386\u53f2\uff09<a href=\"https:\/\/zhuanlan.zhihu.com\/p\/693165413\/\" data-type=\"link\" data-id=\"https:\/\/zhuanlan.zhihu.com\/p\/693165413\/\">\u8bf7\u70b9\u51fb\u8fd9\u91cc\u8bbf\u95ee<\/a><\/p>\n\n\n\n<p>\u7b2c\u4e8c\u90e8\u5206\uff08\u578b\u53f7\u3001\u8fd0\u8425\u8005\u3001\u4e8b\u6545\u3001\u6280\u672f\u89c4\u683c\uff09<a href=\"https:\/\/zhuanlan.zhihu.com\/p\/693235487\" target=\"_blank\" rel=\"noreferrer noopener\">\u8bf7\u70b9\u51fb\u8fd9\u91cc\u8bbf\u95ee<\/a><\/p>\n\n\n\n<h2 class=\"wp-block-heading\">2. \u53c2\u89c1\uff08\u7ef4\u57fa\u767e\u79d1\u7684\u76f8\u5173\u8bcd\u6761\uff09| See also<\/h2>\n\n\n\n<p><strong>Related development\u3010\u76f8\u5173\u5f00\u53d1\u9879\u76ee\u3011<\/strong><\/p>\n\n\n\n<ul class=\"has-small-font-size wp-block-list\">\n<li><a href=\"https:\/\/en.wikipedia.org\/wiki\/Airbus_A330\" target=\"_blank\" rel=\"noreferrer noopener\">Airbus A330<\/a><\/li>\n\n\n\n<li><a href=\"https:\/\/en.wikipedia.org\/wiki\/Airbus_A310_MRTT\" target=\"_blank\" rel=\"noreferrer noopener\">Airbus A310 MRTT<\/a><\/li>\n\n\n\n<li><a href=\"https:\/\/en.wikipedia.org\/wiki\/Airbus_CC-330_Husky\" target=\"_blank\" rel=\"noreferrer noopener\">Airbus CC-330 Husky<\/a><\/li>\n\n\n\n<li><a href=\"https:\/\/en.wikipedia.org\/wiki\/EADS\/Northrop_Grumman_KC-45\" target=\"_blank\" rel=\"noreferrer noopener\">EADS\/Northrop Grumman KC-45<\/a><\/li>\n<\/ul>\n\n\n\n<p><strong>Aircraft of comparable role, configuration, and era\u3010\u76f8\u8fd1\u529f\u80fd\u3001\u914d\u7f6e\u548c\u5e74\u4ee3\u7684\u673a\u578b\u3011<\/strong><\/p>\n\n\n\n<ul class=\"has-small-font-size wp-block-list\">\n<li><a href=\"https:\/\/en.wikipedia.org\/wiki\/Boeing_KC-135_Stratotanker\" target=\"_blank\" rel=\"noreferrer noopener\">Boeing KC-135 Stratotanker<\/a><\/li>\n\n\n\n<li><a href=\"https:\/\/en.wikipedia.org\/wiki\/McDonnell_Douglas_KC-10_Extender\" target=\"_blank\" rel=\"noreferrer noopener\">McDonnell Douglas KC-10 Extender<\/a><\/li>\n\n\n\n<li><a href=\"https:\/\/en.wikipedia.org\/wiki\/Boeing_KC-46_Pegasus\" target=\"_blank\" rel=\"noreferrer noopener\">Boeing KC-46 Pegasus<\/a><\/li>\n\n\n\n<li><a href=\"https:\/\/en.wikipedia.org\/wiki\/Ilyushin_Il-96\" target=\"_blank\" rel=\"noreferrer noopener\">Ilyushin Il-96-400TZ<\/a><\/li>\n<\/ul>\n\n\n\n<h2 class=\"wp-block-heading\">3. \u82f1\u6587\u8bcd\u6761\u53c2\u8003\u6587\u732e<\/h2>\n\n\n\n<ol class=\"has-small-font-size wp-block-list\">\n<li>\u00a0<a href=\"https:\/\/www.airbus.com\/sites\/g\/files\/jlcbta136\/files\/2024-02\/2024-01_MRS_GEN_Ord-Deliv%20by%20country.pdf\" target=\"_blank\" rel=\"noreferrer noopener\">&#8220;Airbus; Orders, Deliveries, In Operation Military aircraft by Country&#8221;<\/a>\u00a0(PDF).\u00a0<em>Airbus<\/em>. 31 January 2024. Retrieved\u00a014 February\u00a02024.<\/li>\n\n\n\n<li><strong><a href=\"https:\/\/en.wikipedia.org\/wiki\/Airbus_A330_MRTT#cite_ref-2\" target=\"_blank\" rel=\"noreferrer noopener\">^<\/a><\/strong>\u00a0<a href=\"https:\/\/www.airbus.com\/content\/dam\/corporate-topics\/publications\/o&amp;d\/2020-11_MRS_GEN_Ord-Deliv-by-country.pdf\" target=\"_blank\" rel=\"noreferrer noopener\">&#8220;Airbus; Orders, Deliveries, In Operation Military aircraft by Country&#8221;<\/a>\u00a0(PDF).\u00a0<em>Airbus<\/em>. 30 November 2020. Retrieved\u00a07 December\u00a02020.<\/li>\n\n\n\n<li><strong><a href=\"https:\/\/en.wikipedia.org\/wiki\/Airbus_A330_MRTT#cite_ref-3\" target=\"_blank\" rel=\"noreferrer noopener\">^<\/a><\/strong>\u00a0<a href=\"http:\/\/www.airforce-technology.com\/projects\/a330_200\/\" target=\"_blank\" rel=\"noreferrer noopener\">A330-200 Future Strategic Tanker Aircraft (FSTA)\u2014Multi-Role Tanker Transporter (MRTT), Europe<\/a>\u00a0<a href=\"https:\/\/web.archive.org\/web\/20080523162446\/http:\/\/www.airforce-technology.com\/projects\/a330_200\/\" target=\"_blank\" rel=\"noreferrer noopener\">Archived<\/a>\u00a023 May 2008 at the\u00a0<a href=\"https:\/\/en.wikipedia.org\/wiki\/Wayback_Machine\" target=\"_blank\" rel=\"noreferrer noopener\">Wayback Machine<\/a>. Airforce-technology.com.<\/li>\n\n\n\n<li><strong><a href=\"https:\/\/en.wikipedia.org\/wiki\/Airbus_A330_MRTT#cite_ref-4\" target=\"_blank\" rel=\"noreferrer noopener\">^<\/a><\/strong>\u00a0<a href=\"http:\/\/militaryaircraft-airbusds.com\/Portals\/0\/Images\/Aircraft\/a330\/about\/A330MRTTBrochure2014.pdf\" target=\"_blank\" rel=\"noreferrer noopener\">&#8220;A330 MRTT: The Benchmark&#8221;<\/a>\u00a0(PDF).\u00a0<a href=\"https:\/\/web.archive.org\/web\/20160207150805\/http:\/\/militaryaircraft-airbusds.com\/Portals\/0\/Images\/Aircraft\/a330\/about\/A330MRTTBrochure2014.pdf\" target=\"_blank\" rel=\"noreferrer noopener\">Archived<\/a>\u00a0(PDF)\u00a0from the original on 7 February 2016. Retrieved\u00a017 January\u00a02016.<\/li>\n\n\n\n<li><strong><a href=\"https:\/\/en.wikipedia.org\/wiki\/Airbus_A330_MRTT#cite_ref-5\" target=\"_blank\" rel=\"noreferrer noopener\">^<\/a><\/strong>\u00a0<a href=\"http:\/\/www.flightglobal.com\/articles\/2010\/10\/06\/348171\/a330-tanker-gains-military-certification.html\" target=\"_blank\" rel=\"noreferrer noopener\">&#8220;A330 tanker gains military certification&#8221;<\/a>. 6 October 2010.\u00a0<a href=\"https:\/\/web.archive.org\/web\/20101007211622\/http:\/\/www.flightglobal.com\/articles\/2010\/10\/06\/348171\/a330-tanker-gains-military-certification.html\" target=\"_blank\" rel=\"noreferrer noopener\">Archived<\/a>\u00a0from the original on 7 October 2010. Retrieved\u00a07 October\u00a02010.<\/li>\n\n\n\n<li><strong><a href=\"https:\/\/en.wikipedia.org\/wiki\/Airbus_A330_MRTT#cite_ref-First_RAAF_KC-30_6-0\" target=\"_blank\" rel=\"noreferrer noopener\">^<\/a><\/strong>\u00a0<a href=\"http:\/\/australianaviation.com.au\/2011\/06\/first-raaf-kc-30-arrives\/\" target=\"_blank\" rel=\"noreferrer noopener\">&#8220;First RAAF KC-30 arrives&#8221;<\/a>. Australian Aviation. 1 June 2011.\u00a0<a href=\"https:\/\/web.archive.org\/web\/20110605055911\/http:\/\/australianaviation.com.au\/2011\/06\/first-raaf-kc-30-arrives\/\" target=\"_blank\" rel=\"noreferrer noopener\">Archived<\/a>\u00a0from the original on 5 June 2011. Retrieved\u00a027 June\u00a02011.<\/li>\n\n\n\n<li><strong><a href=\"https:\/\/en.wikipedia.org\/wiki\/Airbus_A330_MRTT#cite_ref-7\" target=\"_blank\" rel=\"noreferrer noopener\">^<\/a><\/strong>\u00a0<a href=\"https:\/\/web.archive.org\/web\/20161013083234\/https:\/\/airbusdefenceandspace.com\/newsroom\/news-and-features\/first-new-standard-a330-mrtt-makes-maiden-flight\/\" target=\"_blank\" rel=\"noreferrer noopener\">&#8220;First new standard A330 MRTT makes maiden flight&#8221;<\/a>.\u00a0<em>airbusdefenceandspace.com<\/em>. Archived from\u00a0<a href=\"https:\/\/airbusdefenceandspace.com\/newsroom\/news-and-features\/first-new-standard-a330-mrtt-makes-maiden-flight\/\" target=\"_blank\" rel=\"noreferrer noopener\">the original<\/a>\u00a0on 13 October 2016.<\/li>\n\n\n\n<li><strong><a href=\"https:\/\/en.wikipedia.org\/wiki\/Airbus_A330_MRTT#cite_ref-8\" target=\"_blank\" rel=\"noreferrer noopener\">^<\/a><\/strong>\u00a0<a href=\"https:\/\/www.defensenews.com\/air\/2018\/11\/15\/uk-mod-other-bidders-didnt-have-a-chance-against-boeing-wedgetail\/\" target=\"_blank\" rel=\"noreferrer noopener\">&#8220;UK MoD: Other bidders didn&#8217;t have a chance against Boeing Wedgetail&#8221;<\/a>.\u00a0<em>Defense News<\/em>. Sightline Media Group. 15 November 2018.\u00a0<a href=\"https:\/\/archive.today\/20240322024317\/https:\/\/www.defensenews.com\/air\/2018\/11\/15\/uk-mod-other-bidders-didnt-have-a-chance-against-boeing-wedgetail\/\" target=\"_blank\" rel=\"noreferrer noopener\">Archived<\/a>\u00a0from the original on 22 March 2024. Retrieved\u00a022 March\u00a02024.<\/li>\n\n\n\n<li><strong><a href=\"https:\/\/en.wikipedia.org\/wiki\/Airbus_A330_MRTT#cite_ref-9\" target=\"_blank\" rel=\"noreferrer noopener\">^<\/a><\/strong>\u00a0<a href=\"https:\/\/www.kappa-optronics.com\/en\/aviation\/in-flight-refueling-vision-systems\/\" target=\"_blank\" rel=\"noreferrer noopener\">&#8220;Kappa Vision System for A330 MRTT&#8221;<\/a>.\u00a0<a href=\"https:\/\/archive.today\/20240322024558\/https:\/\/www.kappa-optronics.com\/en\/aviation\/in-flight-refueling-vision-systems\/\" target=\"_blank\" rel=\"noreferrer noopener\">Archived<\/a>\u00a0from the original on 22 March 2024. Retrieved\u00a028 September\u00a02022.<\/li>\n\n\n\n<li><strong><a href=\"https:\/\/en.wikipedia.org\/wiki\/Airbus_A330_MRTT#cite_ref-10\" target=\"_blank\" rel=\"noreferrer noopener\">^<\/a><\/strong>\u00a0Perry, Dominic (21 November 2023).\u00a0<a href=\"https:\/\/www.flightglobal.com\/defence\/airbus-begins-derisking-studies-for-a330neo-based-tanker\/155932.article\" target=\"_blank\" rel=\"noreferrer noopener\">&#8220;Airbus begins derisking studies for A330neo-based tanker&#8221;<\/a>.\u00a0<em>Flight Global<\/em>.\u00a0<a href=\"https:\/\/archive.today\/20231121182154\/https:\/\/www.flightglobal.com\/defence\/airbus-begins-derisking-studies-for-a330neo-based-tanker\/155932.article\" target=\"_blank\" rel=\"noreferrer noopener\">Archived<\/a>\u00a0from the original on 21 November 2023. Retrieved\u00a022 March\u00a02024.<\/li>\n\n\n\n<li>^\u00a0<a href=\"https:\/\/en.wikipedia.org\/wiki\/Airbus_A330_MRTT#cite_ref-:0_11-0\" target=\"_blank\" rel=\"noreferrer noopener\">Jump up to:<\/a><strong><em><a href=\"https:\/\/en.wikipedia.org\/wiki\/Airbus_A330_MRTT#cite_ref-:0_11-0\" target=\"_blank\" rel=\"noreferrer noopener\">a<\/a><\/em><\/strong>\u00a0<strong><em><a href=\"https:\/\/en.wikipedia.org\/wiki\/Airbus_A330_MRTT#cite_ref-:0_11-1\" target=\"_blank\" rel=\"noreferrer noopener\">b<\/a><\/em><\/strong>\u00a0<strong><em><a href=\"https:\/\/en.wikipedia.org\/wiki\/Airbus_A330_MRTT#cite_ref-:0_11-2\" target=\"_blank\" rel=\"noreferrer noopener\">c<\/a><\/em><\/strong>\u00a0Force, Australian Air (3 November 2017).\u00a0<a href=\"https:\/\/www.airforce.gov.au\/technology\/aircraft\/air-mobility\/kc-30a-multi-role-tanker-transport\" target=\"_blank\" rel=\"noreferrer noopener\">&#8220;KC-30A Multi-Role Tanker Transport&#8221;<\/a>.\u00a0<em>www.airforce.gov.au<\/em>.\u00a0<a href=\"https:\/\/archive.today\/20240322025002\/https:\/\/www.airforce.gov.au\/aircraft\/kc-30a-mrtt\" target=\"_blank\" rel=\"noreferrer noopener\">Archived<\/a>\u00a0from the original on 22 March 2024. Retrieved\u00a022 March\u00a02024.<\/li>\n\n\n\n<li><strong><a href=\"https:\/\/en.wikipedia.org\/wiki\/Airbus_A330_MRTT#cite_ref-12\" target=\"_blank\" rel=\"noreferrer noopener\">^<\/a><\/strong>\u00a0<a href=\"https:\/\/australianaviation.com.au\/2009\/11\/kc-30-simultaneous-fuel-transfer\/\" target=\"_blank\" rel=\"noreferrer noopener\">&#8220;KC-30 simultaneous fuel transfer&#8221;<\/a>.\u00a0<em>Australian Aviation<\/em>. 24 November 2009.\u00a0<a href=\"https:\/\/archive.today\/20240322025303\/https:\/\/australianaviation.com.au\/2009\/11\/kc-30-simultaneous-fuel-transfer\/\" target=\"_blank\" rel=\"noreferrer noopener\">Archived<\/a>\u00a0from the original on 22 March 2024. Retrieved\u00a022 March\u00a02024.<\/li>\n\n\n\n<li><strong><a href=\"https:\/\/en.wikipedia.org\/wiki\/Airbus_A330_MRTT#cite_ref-13\" target=\"_blank\" rel=\"noreferrer noopener\">^<\/a><\/strong>\u00a0<a href=\"https:\/\/web.archive.org\/web\/20110514101526\/http:\/\/www.defence.gov.au\/news\/raafnews\/EDITIONS\/4702\/topstories\/story12.htm\" target=\"_blank\" rel=\"noreferrer noopener\">&#8220;New tankers to take on many roles&#8221;<\/a>.\u00a0<em>Air Force News (Australia)<\/em>. 24 February 2005. Archived from\u00a0<a href=\"http:\/\/www.defence.gov.au\/news\/raafnews\/editions\/4702\/topstories\/story12.htm\" target=\"_blank\" rel=\"noreferrer noopener\">the original<\/a>\u00a0on 14 May 2011.<\/li>\n\n\n\n<li><strong><a href=\"https:\/\/en.wikipedia.org\/wiki\/Airbus_A330_MRTT#cite_ref-14\" target=\"_blank\" rel=\"noreferrer noopener\">^<\/a><\/strong>\u00a0<a href=\"http:\/\/australianaviation.com.au\/2011\/01\/boom-or-bust-raaf-kc-30-loses-boom\/\" target=\"_blank\" rel=\"noreferrer noopener\">Boom or bust! \u2013 RAAF KC-30 loses boom<\/a>\u00a0<a href=\"https:\/\/web.archive.org\/web\/20110815124800\/http:\/\/australianaviation.com.au\/2011\/01\/boom-or-bust-raaf-kc-30-loses-boom\/\" target=\"_blank\" rel=\"noreferrer noopener\">Archived<\/a>\u00a015 August 2011 at the\u00a0<a href=\"https:\/\/en.wikipedia.org\/wiki\/Wayback_Machine\" target=\"_blank\" rel=\"noreferrer noopener\">Wayback Machine<\/a>.\u00a0<em>Australian Aviation<\/em>\u00a0magazine<\/li>\n\n\n\n<li><strong><a href=\"https:\/\/en.wikipedia.org\/wiki\/Airbus_A330_MRTT#cite_ref-KC30_AA_01_15-0\" target=\"_blank\" rel=\"noreferrer noopener\">^<\/a><\/strong>\u00a0<a href=\"http:\/\/australianaviation.com.au\/2011\/06\/first-raaf-kc-30-arrives\/\" target=\"_blank\" rel=\"noreferrer noopener\">&#8220;First RAAF KC-30 arrives&#8221;<\/a>. Australian Aviation. 1 June 2011.\u00a0<a href=\"https:\/\/web.archive.org\/web\/20110605055911\/http:\/\/australianaviation.com.au\/2011\/06\/first-raaf-kc-30-arrives\/\" target=\"_blank\" rel=\"noreferrer noopener\">Archived<\/a>\u00a0from the original on 5 June 2011. Retrieved\u00a027 June\u00a02011.<\/li>\n\n\n\n<li><strong><a href=\"https:\/\/en.wikipedia.org\/wiki\/Airbus_A330_MRTT#cite_ref-KC30_AA_02_16-0\" target=\"_blank\" rel=\"noreferrer noopener\">^<\/a><\/strong>\u00a0<a href=\"http:\/\/australianaviation.com.au\/2011\/06\/second-kc-30a-touches-down-in-australia\/\" target=\"_blank\" rel=\"noreferrer noopener\">&#8220;Second KC-30A touches down in Australia&#8221;<\/a>. Australian Aviation. 23 June 2011.\u00a0<a href=\"https:\/\/web.archive.org\/web\/20110703004426\/http:\/\/australianaviation.com.au\/2011\/06\/second-kc-30a-touches-down-in-australia\/\" target=\"_blank\" rel=\"noreferrer noopener\">Archived<\/a>\u00a0from the original on 3 July 2011. Retrieved\u00a027 June\u00a02011.<\/li>\n\n\n\n<li>^\u00a0<a href=\"https:\/\/en.wikipedia.org\/wiki\/Airbus_A330_MRTT#cite_ref-asiapacific2012_17-0\" target=\"_blank\" rel=\"noreferrer noopener\">Jump up to:<\/a><strong><em><a href=\"https:\/\/en.wikipedia.org\/wiki\/Airbus_A330_MRTT#cite_ref-asiapacific2012_17-0\" target=\"_blank\" rel=\"noreferrer noopener\">a<\/a><\/em><\/strong>\u00a0<strong><em><a href=\"https:\/\/en.wikipedia.org\/wiki\/Airbus_A330_MRTT#cite_ref-asiapacific2012_17-1\" target=\"_blank\" rel=\"noreferrer noopener\">b<\/a><\/em><\/strong>\u00a0<a href=\"https:\/\/web.archive.org\/web\/20160311003404\/http:\/\/asiapacificdefencereporter.com\/articles\/277\/airbus-military-delivers-final-a330-mrtt-to-royal-australian-air-force\" target=\"_blank\" rel=\"noreferrer noopener\">&#8220;AIRBUS MILITARY DELIVERS FINAL A330 MRTT TO ROYAL AUSTRALIAN AIR FORCE&#8221;<\/a>.\u00a0<em>Asia-Pacific Defense Reporter<\/em>. 11 December 2012. Archived from\u00a0<a href=\"http:\/\/www.asiapacificdefencereporter.com\/articles\/277\/Airbus-Military-delivers-final-A330-MRTT-to-Royal-Australian-Air-Force\" target=\"_blank\" rel=\"noreferrer noopener\">the original<\/a>\u00a0on 11 March 2016.<\/li>\n\n\n\n<li><strong><a href=\"https:\/\/en.wikipedia.org\/wiki\/Airbus_A330_MRTT#cite_ref-18\" target=\"_blank\" rel=\"noreferrer noopener\">^<\/a><\/strong>\u00a0<a href=\"http:\/\/www.flightglobal.com\/articles\/2009\/06\/25\/328841\/qantas-receives-second-a330-for-australias-kc-30-tanker-conversion.html\" target=\"_blank\" rel=\"noreferrer noopener\">&#8220;Qantas receives second A330 for Australia&#8217;s KC-30 tanker conversion&#8221;<\/a>\u00a0<a href=\"https:\/\/web.archive.org\/web\/20090628102338\/http:\/\/www.flightglobal.com\/articles\/2009\/06\/25\/328841\/qantas-receives-second-a330-for-australias-kc-30-tanker-conversion.html\" target=\"_blank\" rel=\"noreferrer noopener\">Archived<\/a>\u00a028 June 2009 at the\u00a0<a href=\"https:\/\/en.wikipedia.org\/wiki\/Wayback_Machine\" target=\"_blank\" rel=\"noreferrer noopener\">Wayback Machine<\/a>. Flight International, 25 June 2009.<\/li>\n\n\n\n<li><strong><a href=\"https:\/\/en.wikipedia.org\/wiki\/Airbus_A330_MRTT#cite_ref-19\" target=\"_blank\" rel=\"noreferrer noopener\">^<\/a><\/strong>\u00a0<a href=\"https:\/\/www.bloomberg.com\/news\/2013-07-24\/airbus-tanker-jet-s-fuel-boom-bug-confounds-australian-air-force.html\/\" target=\"_blank\" rel=\"noreferrer noopener\">&#8220;Airbus Tanker Jet&#8217;s Fuel-Boom Bug Confounds Australian Air Force&#8221;<\/a>. Bloomberg. 25 July 2013.\u00a0<a href=\"https:\/\/web.archive.org\/web\/20161008192556\/http:\/\/www.bloomberg.com\/news\/2013-07-24\/airbus-tanker-jet-s-fuel-boom-bug-confounds-australian-air-force.html\/\" target=\"_blank\" rel=\"noreferrer noopener\">Archived<\/a>\u00a0from the original on 8 October 2016.<\/li>\n\n\n\n<li><strong><a href=\"https:\/\/en.wikipedia.org\/wiki\/Airbus_A330_MRTT#cite_ref-20\" target=\"_blank\" rel=\"noreferrer noopener\">^<\/a><\/strong>\u00a0<a href=\"https:\/\/en.wikipedia.org\/wiki\/Ian_McPhedran\" target=\"_blank\" rel=\"noreferrer noopener\">McPhedran, Ian<\/a>\u00a0(19 August 2013).\u00a0<a href=\"https:\/\/web.archive.org\/web\/20130923134632\/http:\/\/www.news.com.au\/national-news\/federal-election\/pm8217s-afghanistan-visit-cost-total-of-810000\/story-fnho52ip-1226700144212\" target=\"_blank\" rel=\"noreferrer noopener\">&#8220;PM&#8217;s Afghanistan visit cost total of $810,000&#8221;<\/a>. News Limited Network. Archived from\u00a0<a href=\"http:\/\/www.news.com.au\/national-news\/federal-election\/pm8217s-afghanistan-visit-cost-total-of-810000\/story-fnho52ip-1226700144212\" target=\"_blank\" rel=\"noreferrer noopener\">the original<\/a>\u00a0on 23 September 2013.<\/li>\n\n\n\n<li><strong><a href=\"https:\/\/en.wikipedia.org\/wiki\/Airbus_A330_MRTT#cite_ref-21\" target=\"_blank\" rel=\"noreferrer noopener\">^<\/a><\/strong>\u00a0<a href=\"http:\/\/www.news.com.au\/national\/prime-minister-tony-abbott-to-fly-worldwide-nonstop-on-airbus-kc30a\/story-fncynjr2-1227023370734\" target=\"_blank\" rel=\"noreferrer noopener\">&#8220;Prime Minister Tony Abbott to fly worldwide non-stop on Airbus KC-30A&#8221;<\/a>. news.com.au. 14 August 2014.\u00a0<a href=\"https:\/\/web.archive.org\/web\/20150929015609\/http:\/\/www.news.com.au\/national\/prime-minister-tony-abbott-to-fly-worldwide-nonstop-on-airbus-kc30a\/story-fncynjr2-1227023370734\" target=\"_blank\" rel=\"noreferrer noopener\">Archived<\/a>\u00a0from the original on 29 September 2015.<\/li>\n\n\n\n<li><strong><a href=\"https:\/\/en.wikipedia.org\/wiki\/Airbus_A330_MRTT#cite_ref-22\" target=\"_blank\" rel=\"noreferrer noopener\">^<\/a><\/strong>\u00a0<a href=\"https:\/\/web.archive.org\/web\/20160307165228\/http:\/\/australianaviation.com.au\/2015\/07\/raaf-to-acquire-two-additional-kc-30s\/\" target=\"_blank\" rel=\"noreferrer noopener\">&#8220;RAAF to acquire two additional KC-30As&#8221;<\/a>. Australian Aviation. 1 July 2015. Archived from\u00a0<a href=\"http:\/\/australianaviation.com.au\/2015\/07\/raaf-to-acquire-two-additional-kc-30s\/\" target=\"_blank\" rel=\"noreferrer noopener\">the original<\/a>\u00a0on 7 March 2016.<\/li>\n\n\n\n<li><strong><a href=\"https:\/\/en.wikipedia.org\/wiki\/Airbus_A330_MRTT#cite_ref-Waldron_23-0\" target=\"_blank\" rel=\"noreferrer noopener\">^<\/a><\/strong>\u00a0Waldron, Greg (1 July 2015).\u00a0<a href=\"http:\/\/www.flightglobal.com\/news\/articles\/raaf-orders-two-additional-kc-30a-tankers-414190\/\" target=\"_blank\" rel=\"noreferrer noopener\">&#8220;RAAF orders two additional KC-30A tankers&#8221;<\/a>.\u00a0<em>Flight Global<\/em>.\u00a0<a href=\"https:\/\/web.archive.org\/web\/20150704023228\/http:\/\/www.flightglobal.com\/news\/articles\/raaf-orders-two-additional-kc-30a-tankers-414190\/\" target=\"_blank\" rel=\"noreferrer noopener\">Archived<\/a>\u00a0from the original on 4 July 2015.<\/li>\n\n\n\n<li><strong><a href=\"https:\/\/en.wikipedia.org\/wiki\/Airbus_A330_MRTT#cite_ref-24\" target=\"_blank\" rel=\"noreferrer noopener\">^<\/a><\/strong>\u00a0Remeikis, Amy (8 October 2016).\u00a0<a href=\"http:\/\/www.canberratimes.com.au\/federal-politics\/political-news\/come-fly-with-me--australia-gets-its-air-force-one-20161007-grxbbf.html\" target=\"_blank\" rel=\"noreferrer noopener\">&#8220;Come fly with me &#8211; Australia gets its Air Force One&#8221;<\/a>.\u00a0<em>The Canberra Times<\/em>.\u00a0<a href=\"https:\/\/web.archive.org\/web\/20161011010252\/http:\/\/www.canberratimes.com.au\/federal-politics\/political-news\/come-fly-with-me--australia-gets-its-air-force-one-20161007-grxbbf.html\" target=\"_blank\" rel=\"noreferrer noopener\">Archived<\/a>\u00a0from the original on 11 October 2016. Retrieved\u00a08 October\u00a02016.<\/li>\n\n\n\n<li><strong><a href=\"https:\/\/en.wikipedia.org\/wiki\/Airbus_A330_MRTT#cite_ref-25\" target=\"_blank\" rel=\"noreferrer noopener\">^<\/a><\/strong>\u00a0Nutbrown, Robert (14 October 2017).\u00a0<a href=\"http:\/\/australianaviation.com.au\/2016\/10\/raaf-kc-30-tanker-to-be-modified-for-vip-transport\/\" target=\"_blank\" rel=\"noreferrer noopener\">&#8220;RAAF KC-30 tanker to be modified for VIP transport&#8221;<\/a>.\u00a0<em>Australian Aviation<\/em>.\u00a0<a href=\"https:\/\/web.archive.org\/web\/20170805144700\/http:\/\/australianaviation.com.au\/2016\/10\/raaf-kc-30-tanker-to-be-modified-for-vip-transport\/\" target=\"_blank\" rel=\"noreferrer noopener\">Archived<\/a>\u00a0from the original on 5 August 2017.<\/li>\n\n\n\n<li><strong><a href=\"https:\/\/en.wikipedia.org\/wiki\/Airbus_A330_MRTT#cite_ref-26\" target=\"_blank\" rel=\"noreferrer noopener\">^<\/a><\/strong>\u00a0<em><a href=\"https:\/\/web.archive.org\/web\/20160403192146\/http:\/\/www.defence.gov.au\/WhitePaper\/Docs\/2016-Defence-White-Paper.pdf\" target=\"_blank\" rel=\"noreferrer noopener\">2016 Defence White Paper<\/a><\/em>\u00a0(PDF). Australia: Commonwealth of Australia. 2016. p.\u00a094.\u00a0<a href=\"https:\/\/en.wikipedia.org\/wiki\/ISBN_(identifier)\" target=\"_blank\" rel=\"noreferrer noopener\">ISBN<\/a>\u00a0<a href=\"https:\/\/en.wikipedia.org\/wiki\/Special:BookSources\/978-0-9941680-5-4\" target=\"_blank\" rel=\"noreferrer noopener\">978-0-9941680-5-4<\/a>. Archived from\u00a0<a href=\"http:\/\/www.defence.gov.au\/WhitePaper\/Docs\/2016-Defence-White-Paper.pdf\" target=\"_blank\" rel=\"noreferrer noopener\">the original<\/a>\u00a0(PDF)\u00a0on 3 April 2016.<\/li>\n\n\n\n<li><strong><a href=\"https:\/\/en.wikipedia.org\/wiki\/Airbus_A330_MRTT#cite_ref-27\" target=\"_blank\" rel=\"noreferrer noopener\">^<\/a><\/strong>\u00a0<em><a href=\"https:\/\/web.archive.org\/web\/20160304052419\/http:\/\/australianaviation.com.au\/2014\/09\/raaf-deployment-to-iraq-departs\/\" target=\"_blank\" rel=\"noreferrer noopener\">RAAF deployment to Iraq departs<\/a><\/em>, 22 September 2014, archived from\u00a0<a href=\"http:\/\/australianaviation.com.au\/2014\/09\/raaf-deployment-to-iraq-departs\/\" target=\"_blank\" rel=\"noreferrer noopener\">the original<\/a>\u00a0on 4 March 2016<\/li>\n\n\n\n<li><strong><a href=\"https:\/\/en.wikipedia.org\/wiki\/Airbus_A330_MRTT#cite_ref-28\" target=\"_blank\" rel=\"noreferrer noopener\">^<\/a><\/strong>\u00a0Nicholson, Brendan (4 October 2014).\u00a0<a href=\"http:\/\/www.theaustralian.com.au\/in-depth\/terror\/tony-abbott-gives-green-light-to-raaf-airstrikes-in-iraq\/story-fnpdbcmu-1227079646252\" target=\"_blank\" rel=\"noreferrer noopener\">&#8220;Tony Abbott gives green light to RAAF airstrikes in Iraq&#8221;<\/a>.\u00a0<em>The Australian<\/em>.\u00a0<a href=\"https:\/\/archive.today\/20170126113003\/http:\/\/www.theaustralian.com.au\/national-affairs\/tony-abbott-gives-green-light-to-raaf-airstrikes-in-iraq\/news-story\/59bca17cfa98ca3d0d94d00b93693ed5\" target=\"_blank\" rel=\"noreferrer noopener\">Archived<\/a>\u00a0from the original on 26 January 2017. Retrieved\u00a022 March\u00a02024.<\/li>\n\n\n\n<li><strong><a href=\"https:\/\/en.wikipedia.org\/wiki\/Airbus_A330_MRTT#cite_ref-29\" target=\"_blank\" rel=\"noreferrer noopener\">^<\/a><\/strong>\u00a0<a href=\"http:\/\/australianaviation.com.au\/2016\/12\/raaf-kc-30-bones-up-on-b-1b-refuelling\/\" target=\"_blank\" rel=\"noreferrer noopener\">RAAF KC-30 bones up on B-1B refuelling 2 December 2016<\/a>\u00a0<a href=\"https:\/\/web.archive.org\/web\/20170202062452\/http:\/\/australianaviation.com.au\/2016\/12\/raaf-kc-30-bones-up-on-b-1b-refuelling\/\" target=\"_blank\" rel=\"noreferrer noopener\">Archived<\/a>\u00a02 February 2017 at the\u00a0<a href=\"https:\/\/en.wikipedia.org\/wiki\/Wayback_Machine\" target=\"_blank\" rel=\"noreferrer noopener\">Wayback Machine<\/a>\u00a0<em><a href=\"https:\/\/en.wikipedia.org\/wiki\/Australian_Aviation_(magazine)\" target=\"_blank\" rel=\"noreferrer noopener\">Australian Aviation<\/a><\/em><\/li>\n\n\n\n<li><strong><a href=\"https:\/\/en.wikipedia.org\/wiki\/Airbus_A330_MRTT#cite_ref-30\" target=\"_blank\" rel=\"noreferrer noopener\">^<\/a><\/strong>\u00a0<a href=\"https:\/\/www.australiandefence.com.au\/news\/multi-billion-dollar-investment-in-new-c-130j-hercules-aircraft\" target=\"_blank\" rel=\"noreferrer noopener\">&#8220;Multi-billion dollar investment in new C-130J Hercules aircraft &#8211; Australian Defence Magazine&#8221;<\/a>.\u00a0<em>Australian Defence Magazine<\/em>.\u00a0<a href=\"https:\/\/archive.today\/20240322025716\/https:\/\/www.australiandefence.com.au\/defence\/air\/multi-billion-dollar-investment-in-new-c-130j-hercules-aircraft\" target=\"_blank\" rel=\"noreferrer noopener\">Archived<\/a>\u00a0from the original on 22 March 2024. Retrieved\u00a024 July\u00a02023.<\/li>\n\n\n\n<li><strong><a href=\"https:\/\/en.wikipedia.org\/wiki\/Airbus_A330_MRTT#cite_ref-31\" target=\"_blank\" rel=\"noreferrer noopener\">^<\/a><\/strong>\u00a0<a href=\"http:\/\/news.bbc.co.uk\/1\/hi\/business\/7316835.stm\" target=\"_blank\" rel=\"noreferrer noopener\">&#8220;EADS wins \u00a313bn RAF tanker deal&#8221;<\/a>.\u00a0<em>BBC News<\/em>. 27 March 2008.\u00a0<a href=\"https:\/\/web.archive.org\/web\/20080402231104\/http:\/\/news.bbc.co.uk\/1\/hi\/business\/7316835.stm\" target=\"_blank\" rel=\"noreferrer noopener\">Archived<\/a>\u00a0from the original on 2 April 2008.<\/li>\n\n\n\n<li><strong><a href=\"https:\/\/en.wikipedia.org\/wiki\/Airbus_A330_MRTT#cite_ref-32\" target=\"_blank\" rel=\"noreferrer noopener\">^<\/a><\/strong>\u00a0Committee of Public Accounts (8 September 2010).\u00a0<a href=\"https:\/\/publications.parliament.uk\/pa\/cm201011\/cmselect\/cmpubacc\/425\/425.pdf\" target=\"_blank\" rel=\"noreferrer noopener\">&#8220;Delivering Multi-Role Tanker Aircraft Capability&#8221;<\/a>\u00a0(PDF).\u00a0<em>Parliament.UK<\/em>.<\/li>\n\n\n\n<li><strong><a href=\"https:\/\/en.wikipedia.org\/wiki\/Airbus_A330_MRTT#cite_ref-33\" target=\"_blank\" rel=\"noreferrer noopener\">^<\/a><\/strong>\u00a0<a href=\"http:\/\/www.mod.uk\/DefenceInternet\/DefenceNews\/EquipmentAndLogistics\/RafsLargestEverAircraftArrivesInTheUk.htm\" target=\"_blank\" rel=\"noreferrer noopener\">&#8220;RAF&#8217;s largest ever aircraft arrives in the UK&#8221;<\/a>. 18 April 2011.\u00a0<a href=\"https:\/\/web.archive.org\/web\/20110426074928\/http:\/\/www.mod.uk\/DefenceInternet\/DefenceNews\/EquipmentAndLogistics\/RafsLargestEverAircraftArrivesInTheUk.htm\" target=\"_blank\" rel=\"noreferrer noopener\">Archived<\/a>\u00a0from the original on 26 April 2011.<\/li>\n\n\n\n<li><strong><a href=\"https:\/\/en.wikipedia.org\/wiki\/Airbus_A330_MRTT#cite_ref-Voyager_RAF_01_34-0\" target=\"_blank\" rel=\"noreferrer noopener\">^<\/a><\/strong>\u00a0<a href=\"http:\/\/www.raf.mod.uk\/rafbrizenorton\/rafcms\/mediafiles\/A1FD98F1_5056_A318_A854158750D5D4EE.pdf\" target=\"_blank\" rel=\"noreferrer noopener\">&#8220;Programme Future Brize&#8221;<\/a>\u00a0(PDF). Global Gateway (RAF Brize Norton magazine). February 2011. p.\u00a022.\u00a0<a href=\"https:\/\/web.archive.org\/web\/20110406094256\/http:\/\/www.raf.mod.uk\/rafbrizenorton\/rafcms\/mediafiles\/A1FD98F1_5056_A318_A854158750D5D4EE.pdf\" target=\"_blank\" rel=\"noreferrer noopener\">Archived<\/a>\u00a0(PDF)\u00a0from the original on 6 April 2011. Retrieved\u00a027 June\u00a02011.<\/li>\n\n\n\n<li>^\u00a0<a href=\"https:\/\/en.wikipedia.org\/wiki\/Airbus_A330_MRTT#cite_ref-rafboom_2016_35-0\" target=\"_blank\" rel=\"noreferrer noopener\">Jump up to:<\/a><strong><em><a href=\"https:\/\/en.wikipedia.org\/wiki\/Airbus_A330_MRTT#cite_ref-rafboom_2016_35-0\" target=\"_blank\" rel=\"noreferrer noopener\">a<\/a><\/em><\/strong>\u00a0<strong><em><a href=\"https:\/\/en.wikipedia.org\/wiki\/Airbus_A330_MRTT#cite_ref-rafboom_2016_35-1\" target=\"_blank\" rel=\"noreferrer noopener\">b<\/a><\/em><\/strong>\u00a0Jennings, Gareth (4 April 2016).\u00a0<a href=\"http:\/\/www.janes.com\/article\/59242\/uk-raf-shows-interest-in-voyager-boom\" target=\"_blank\" rel=\"noreferrer noopener\">&#8220;UK RAF shows interest in Voyager boom&#8221;<\/a>.\u00a0<em>IHS Jane&#8217;s 360<\/em>.\u00a0<a href=\"https:\/\/web.archive.org\/web\/20161019213523\/http:\/\/www.janes.com\/article\/59242\/uk-raf-shows-interest-in-voyager-boom\" target=\"_blank\" rel=\"noreferrer noopener\">Archived<\/a>\u00a0from the original on 19 October 2016.<\/li>\n\n\n\n<li><strong><a href=\"https:\/\/en.wikipedia.org\/wiki\/Airbus_A330_MRTT#cite_ref-36\" target=\"_blank\" rel=\"noreferrer noopener\">^<\/a><\/strong>\u00a0<a href=\"http:\/\/www.caa.co.uk\/application.aspx?catid=60&amp;pagetype=65&amp;appid=1&amp;mode=detailnosummary&amp;fullregmark=VYGA\" target=\"_blank\" rel=\"noreferrer noopener\">&#8220;United Kingdom Civil Aviation Authority Aircraft Register \u2013 G-VYGA&#8221;<\/a>. Caa.co.uk.\u00a0<a href=\"https:\/\/web.archive.org\/web\/20140222170807\/http:\/\/www.caa.co.uk\/application.aspx?catid=60&amp;pagetype=65&amp;appid=1&amp;mode=detailnosummary&amp;fullregmark=VYGA\" target=\"_blank\" rel=\"noreferrer noopener\">Archived<\/a>\u00a0from the original on 22 February 2014. Retrieved\u00a012 February\u00a02014.<\/li>\n\n\n\n<li>^\u00a0<a href=\"https:\/\/en.wikipedia.org\/wiki\/Airbus_A330_MRTT#cite_ref-corefleet_37-0\" target=\"_blank\" rel=\"noreferrer noopener\">Jump up to:<\/a><strong><em><a href=\"https:\/\/en.wikipedia.org\/wiki\/Airbus_A330_MRTT#cite_ref-corefleet_37-0\" target=\"_blank\" rel=\"noreferrer noopener\">a<\/a><\/em><\/strong>\u00a0<strong><em><a href=\"https:\/\/en.wikipedia.org\/wiki\/Airbus_A330_MRTT#cite_ref-corefleet_37-1\" target=\"_blank\" rel=\"noreferrer noopener\">b<\/a><\/em><\/strong>\u00a0<a href=\"http:\/\/www.airtanker.co.uk\/raf-voyager\/voyager-news\/2014\/05\/29\/zz338-arrival-completes-the-raf-voyager-core-fleet\" target=\"_blank\" rel=\"noreferrer noopener\">&#8220;ZZ338 arrival completes the RAF Voyager core fleet&#8221;<\/a>. Airtanker.\u00a0<a href=\"https:\/\/web.archive.org\/web\/20160107085656\/http:\/\/www.airtanker.co.uk\/raf-voyager\/voyager-news\/2014\/05\/29\/zz338-arrival-completes-the-raf-voyager-core-fleet\" target=\"_blank\" rel=\"noreferrer noopener\">Archived<\/a>\u00a0from the original on 7 January 2016. Retrieved\u00a02 June\u00a02014.<\/li>\n\n\n\n<li>^\u00a0<a href=\"https:\/\/en.wikipedia.org\/wiki\/Airbus_A330_MRTT#cite_ref-RAF14_38-0\" target=\"_blank\" rel=\"noreferrer noopener\">Jump up to:<\/a><strong><em><a href=\"https:\/\/en.wikipedia.org\/wiki\/Airbus_A330_MRTT#cite_ref-RAF14_38-0\" target=\"_blank\" rel=\"noreferrer noopener\">a<\/a><\/em><\/strong>\u00a0<strong><em><a href=\"https:\/\/en.wikipedia.org\/wiki\/Airbus_A330_MRTT#cite_ref-RAF14_38-1\" target=\"_blank\" rel=\"noreferrer noopener\">b<\/a><\/em><\/strong>\u00a0<a href=\"http:\/\/www.raf.mod.uk\/rafbrizenorton\/newsweather\/index.cfm?storyid=1E482784-5056-A318-A838D4D574A229AF\" target=\"_blank\" rel=\"noreferrer noopener\">&#8220;The Voyager family is complete at RAF Brize Norton&#8221;<\/a>. Royal Air Force. 14 July 2016.\u00a0<a href=\"https:\/\/web.archive.org\/web\/20160816162024\/http:\/\/www.raf.mod.uk\/rafbrizenorton\/newsweather\/index.cfm?storyid=1E482784-5056-A318-A838D4D574A229AF\" target=\"_blank\" rel=\"noreferrer noopener\">Archived<\/a>\u00a0from the original on 16 August 2016.<\/li>\n\n\n\n<li><strong><a href=\"https:\/\/en.wikipedia.org\/wiki\/Airbus_A330_MRTT#cite_ref-39\" target=\"_blank\" rel=\"noreferrer noopener\">^<\/a><\/strong>\u00a0<a href=\"https:\/\/www.bbc.co.uk\/news\/uk-politics-34864328\" target=\"_blank\" rel=\"noreferrer noopener\">&#8220;PM to get own plane for official trips \u2013 News \u2013 BBC&#8221;<\/a>.\u00a0<em>BBC News<\/em>. 19 November 2015.\u00a0<a href=\"https:\/\/web.archive.org\/web\/20181215132748\/https:\/\/www.bbc.com\/news\/uk-politics-34864328\" target=\"_blank\" rel=\"noreferrer noopener\">Archived<\/a>\u00a0from the original on 15 December 2018.<\/li>\n\n\n\n<li><strong><a href=\"https:\/\/en.wikipedia.org\/wiki\/Airbus_A330_MRTT#cite_ref-40\" target=\"_blank\" rel=\"noreferrer noopener\">^<\/a><\/strong>\u00a0<a href=\"https:\/\/www.raf.mod.uk\/news\/articles\/vip-raf-voyager-ready-for-global-role\/\" target=\"_blank\" rel=\"noreferrer noopener\">&#8220;VIP RAF Voyager Ready For Global Role&#8221;<\/a>. Royal Air Force. 25 June 2020.\u00a0<a href=\"https:\/\/archive.today\/20240322030226\/https:\/\/www.raf.mod.uk\/news\/articles\/vip-raf-voyager-ready-for-global-role\/\" target=\"_blank\" rel=\"noreferrer noopener\">Archived<\/a>\u00a0from the original on 22 March 2024. Retrieved\u00a022 March\u00a02024.<\/li>\n\n\n\n<li><strong><a href=\"https:\/\/en.wikipedia.org\/wiki\/Airbus_A330_MRTT#cite_ref-41\" target=\"_blank\" rel=\"noreferrer noopener\">^<\/a><\/strong>\u00a0<a href=\"https:\/\/web.archive.org\/web\/20160714154520\/http:\/\/forces.tv\/23993050\" target=\"_blank\" rel=\"noreferrer noopener\">&#8220;RAF&#8217;s VIP Voyager Enters Service&#8221;<\/a>. Forces TV. 7 July 2016. Archived from\u00a0<a href=\"http:\/\/forces.tv\/23993050\" target=\"_blank\" rel=\"noreferrer noopener\">the original<\/a>\u00a0on 14 July 2016.<\/li>\n\n\n\n<li><strong><a href=\"https:\/\/en.wikipedia.org\/wiki\/Airbus_A330_MRTT#cite_ref-42\" target=\"_blank\" rel=\"noreferrer noopener\">^<\/a><\/strong>\u00a0Sabbagh, Dan (16 June 2020).\u00a0<a href=\"https:\/\/www.theguardian.com\/politics\/2020\/jun\/16\/air-force-one-for-boris-raf-plane-for-vips-gets-a-union-jack-makeover\" target=\"_blank\" rel=\"noreferrer noopener\">&#8220;Air Force One for Boris? RAF plane for VIPs gets a union flag makeover&#8221;<\/a>.\u00a0<em>The Guardian<\/em>.\u00a0<a href=\"https:\/\/archive.today\/20240322030614\/https:\/\/www.theguardian.com\/politics\/2020\/jun\/16\/air-force-one-for-boris-raf-plane-for-vips-gets-a-union-jack-makeover\" target=\"_blank\" rel=\"noreferrer noopener\">Archived<\/a>\u00a0from the original on 22 March 2024. Retrieved\u00a022 March\u00a02024.<\/li>\n\n\n\n<li><strong><a href=\"https:\/\/en.wikipedia.org\/wiki\/Airbus_A330_MRTT#cite_ref-43\" target=\"_blank\" rel=\"noreferrer noopener\">^<\/a><\/strong>\u00a0<a href=\"https:\/\/www.raf.mod.uk\/news\/articles\/royal-air-force-completes-world-first-sustainable-fuel-military-transporter-flight\/\" target=\"_blank\" rel=\"noreferrer noopener\">&#8220;Royal Air Force completes world-first sustainable fuel military transporter flight&#8221;<\/a>.\u00a0<em>Royal Air Force<\/em>. 18 November 2022.\u00a0<a href=\"https:\/\/archive.today\/20240322030906\/https:\/\/www.raf.mod.uk\/news\/articles\/royal-air-force-completes-world-first-sustainable-fuel-military-transporter-flight\/\" target=\"_blank\" rel=\"noreferrer noopener\">Archived<\/a>\u00a0from the original on 22 March 2024. Retrieved\u00a027 November\u00a02022.<\/li>\n\n\n\n<li><strong><a href=\"https:\/\/en.wikipedia.org\/wiki\/Airbus_A330_MRTT#cite_ref-KhaleejTimes1_44-0\" target=\"_blank\" rel=\"noreferrer noopener\">^<\/a><\/strong>\u00a0<a href=\"http:\/\/www.khaleejtimes.com\/DisplayArticle.asp?xfile=data\/theuae\/2007\/February\/theuae_February623.xml&amp;section=theuae\" target=\"_blank\" rel=\"noreferrer noopener\">&#8220;UAE to buy 3 Airbus refuelling aircraft&#8221;<\/a>.\u00a0<em><a href=\"https:\/\/en.wikipedia.org\/wiki\/Khaleej_Times\" target=\"_blank\" rel=\"noreferrer noopener\">Khaleej Times<\/a><\/em>. Abu Dhabi. 20 February 2007.\u00a0<a href=\"https:\/\/web.archive.org\/web\/20090506023057\/http:\/\/www.khaleejtimes.com\/DisplayArticle.asp?xfile=data%2Ftheuae%2F2007%2FFebruary%2Ftheuae_February623.xml&amp;section=theuae\" target=\"_blank\" rel=\"noreferrer noopener\">Archived<\/a>\u00a0from the original on 6 May 2009. Retrieved\u00a02 April\u00a02009.\u00a0The United Arab Emirates Air Force will buy three military Airbus A330 refuelling aircraft rather than rival Boeing&#8217;s 767 plane, a UAE military spokesman said yesterday.<\/li>\n\n\n\n<li><strong><a href=\"https:\/\/en.wikipedia.org\/wiki\/Airbus_A330_MRTT#cite_ref-EADS1_45-0\" target=\"_blank\" rel=\"noreferrer noopener\">^<\/a><\/strong>\u00a0<a href=\"https:\/\/archive.today\/20130221201807\/http:\/\/www.eads.net\/1024\/en\/pressdb\/archiv\/2008\/2008\/all\/20080225_eads_mrtt_uae.html\" target=\"_blank\" rel=\"noreferrer noopener\">&#8220;United Arab Emirates orders the A330 MRTT air to air refuelling aircraft from EADS&#8221;<\/a>.\u00a0<em>EADS website<\/em>. Madrid: EADS N.V. 25 February 2008. Archived from\u00a0<a href=\"http:\/\/www.eads.net\/1024\/en\/pressdb\/archiv\/2008\/2008\/all\/20080225_eads_mrtt_uae.html\" target=\"_blank\" rel=\"noreferrer noopener\">the original<\/a>\u00a0on 21 February 2013. Retrieved\u00a02 April\u00a02009.\u00a0United Arab Emirates has announced today the purchase from EADS, through its Military Transport Aircraft Division, of the A330 MRTT (Multi Role Transport Tanker) as the new air-to-air refuelling aircraft for the UAE Air Force &amp; Air Defense.<\/li>\n\n\n\n<li><strong><a href=\"https:\/\/en.wikipedia.org\/wiki\/Airbus_A330_MRTT#cite_ref-UAE_deliver_46-0\" target=\"_blank\" rel=\"noreferrer noopener\">^<\/a><\/strong>\u00a0<a href=\"http:\/\/www.defense-aerospace.com\/article-view\/release\/142373\/airbus-delivers-first-a330-tanker-to-uae.html\" target=\"_blank\" rel=\"noreferrer noopener\">Airbus Military Delivers First A330 MRTT to United Arab Emirates<\/a>\u00a0<a href=\"https:\/\/web.archive.org\/web\/20130212210735\/http:\/\/www.defense-aerospace.com\/article-view\/release\/142373\/airbus-delivers-first-a330-tanker-to-uae.html\" target=\"_blank\" rel=\"noreferrer noopener\">Archived<\/a>\u00a012 February 2013 at the\u00a0<a href=\"https:\/\/en.wikipedia.org\/wiki\/Wayback_Machine\" target=\"_blank\" rel=\"noreferrer noopener\">Wayback Machine<\/a>\u00a0\u2013 Defense-Aerospace.com, 6 February 2013<\/li>\n\n\n\n<li><strong><a href=\"https:\/\/en.wikipedia.org\/wiki\/Airbus_A330_MRTT#cite_ref-UAE_47-0\" target=\"_blank\" rel=\"noreferrer noopener\">^<\/a><\/strong>\u00a0<a href=\"http:\/\/www.flightglobal.com\/news\/articles\/airbus-military-completes-a330-tanker-deliveries-to-uae-389167\/\" target=\"_blank\" rel=\"noreferrer noopener\">&#8220;Airbus Military completes A330 tanker deliveries to UAE&#8221;<\/a>. Flightglobal. 6 August 2013.\u00a0<a href=\"https:\/\/web.archive.org\/web\/20130826182347\/http:\/\/www.flightglobal.com\/news\/articles\/airbus-military-completes-a330-tanker-deliveries-to-uae-389167\/\" target=\"_blank\" rel=\"noreferrer noopener\">Archived<\/a>\u00a0from the original on 26 August 2013. Retrieved\u00a06 August\u00a02013.<\/li>\n\n\n\n<li>^\u00a0<a href=\"https:\/\/en.wikipedia.org\/wiki\/Airbus_A330_MRTT#cite_ref-Flightglobal1_48-0\" target=\"_blank\" rel=\"noreferrer noopener\">Jump up to:<\/a><strong><em><a href=\"https:\/\/en.wikipedia.org\/wiki\/Airbus_A330_MRTT#cite_ref-Flightglobal1_48-0\" target=\"_blank\" rel=\"noreferrer noopener\">a<\/a><\/em><\/strong>\u00a0<strong><em><a href=\"https:\/\/en.wikipedia.org\/wiki\/Airbus_A330_MRTT#cite_ref-Flightglobal1_48-1\" target=\"_blank\" rel=\"noreferrer noopener\">b<\/a><\/em><\/strong>\u00a0<strong><em><a href=\"https:\/\/en.wikipedia.org\/wiki\/Airbus_A330_MRTT#cite_ref-Flightglobal1_48-2\" target=\"_blank\" rel=\"noreferrer noopener\">c<\/a><\/em><\/strong>\u00a0<strong><em><a href=\"https:\/\/en.wikipedia.org\/wiki\/Airbus_A330_MRTT#cite_ref-Flightglobal1_48-3\" target=\"_blank\" rel=\"noreferrer noopener\">d<\/a><\/em><\/strong>\u00a0<strong><em><a href=\"https:\/\/en.wikipedia.org\/wiki\/Airbus_A330_MRTT#cite_ref-Flightglobal1_48-4\" target=\"_blank\" rel=\"noreferrer noopener\">e<\/a><\/em><\/strong>\u00a0<strong><em><a href=\"https:\/\/en.wikipedia.org\/wiki\/Airbus_A330_MRTT#cite_ref-Flightglobal1_48-5\" target=\"_blank\" rel=\"noreferrer noopener\">f<\/a><\/em><\/strong>\u00a0<strong><em><a href=\"https:\/\/en.wikipedia.org\/wiki\/Airbus_A330_MRTT#cite_ref-Flightglobal1_48-6\" target=\"_blank\" rel=\"noreferrer noopener\">g<\/a><\/em><\/strong>\u00a0Hoyle, Craig (19 October 2012),\u00a0<a href=\"https:\/\/web.archive.org\/web\/20121021224259\/http:\/\/www.flightglobal.com\/news\/articles\/airbus-military-explains-cause-of-a330-boom-detachment-377845\/\" target=\"_blank\" rel=\"noreferrer noopener\">&#8220;Airbus Military explains cause of A330 boom detachment&#8221;<\/a>,\u00a0<em><a href=\"https:\/\/en.wikipedia.org\/wiki\/Flightglobal.com\" target=\"_blank\" rel=\"noreferrer noopener\">Flightglobal.com<\/a>\u00a0website<\/em>, London, England, U.K.: Reed Elsevier,\u00a0<a href=\"https:\/\/en.wikipedia.org\/wiki\/OCLC_(identifier)\" target=\"_blank\" rel=\"noreferrer noopener\">OCLC<\/a>\u00a0<a href=\"https:\/\/www.worldcat.org\/oclc\/173992746\" target=\"_blank\" rel=\"noreferrer noopener\">173992746<\/a>, archived from\u00a0<a href=\"http:\/\/www.flightglobal.com\/news\/articles\/airbus-military-explains-cause-of-a330-boom-detachment-377845\/\" target=\"_blank\" rel=\"noreferrer noopener\">the original<\/a>\u00a0on 21 October 2012, retrieved\u00a022 October\u00a02012,\u00a0A back-up boom hoist intended to allow the structure to be retracted in the event of a failure to its primary system was being used, but its effects were unexpectedly countered by the main system until a failure and separation occurred.<\/li>\n\n\n\n<li><strong><a href=\"https:\/\/en.wikipedia.org\/wiki\/Airbus_A330_MRTT#cite_ref-49\" target=\"_blank\" rel=\"noreferrer noopener\">^<\/a><\/strong>\u00a0<a href=\"https:\/\/www.cobham.com\/mission-systems\/news\/uae-receives-first-a330-mrtt-aircraft\/\" target=\"_blank\" rel=\"noreferrer noopener\">&#8220;Cobham plc, Mission Systems, UAE receives first A330 MRTT aircraft&#8221;<\/a>.\u00a0<em>www.cobham.com<\/em>. 15 February 2013.\u00a0<a href=\"https:\/\/web.archive.org\/web\/20160625033933\/https:\/\/www.cobham.com\/mission-systems\/news\/uae-receives-first-a330-mrtt-aircraft\/\" target=\"_blank\" rel=\"noreferrer noopener\">Archived<\/a>\u00a0from the original on 25 June 2016. Retrieved\u00a014 January\u00a02020.<\/li>\n\n\n\n<li><strong><a href=\"https:\/\/en.wikipedia.org\/wiki\/Airbus_A330_MRTT#cite_ref-50\" target=\"_blank\" rel=\"noreferrer noopener\">^<\/a><\/strong>\u00a0Perry2019-11-19T13:15:00+00:00, Dominic.\u00a0<a href=\"https:\/\/www.flightglobal.com\/dubai-air-show-2019\/uae-tops-up-globaleye-mrtt-orders\/135455.article\" target=\"_blank\" rel=\"noreferrer noopener\">&#8220;UAE tops up GlobalEye, MRTT orders&#8221;<\/a>.\u00a0<em>Flight Global<\/em>.\u00a0<a href=\"https:\/\/archive.today\/20240322031359\/https:\/\/www.flightglobal.com\/dubai-air-show-2019\/uae-tops-up-globaleye-mrtt-orders\/135455.article\" target=\"_blank\" rel=\"noreferrer noopener\">Archived<\/a>\u00a0from the original on 22 March 2024. Retrieved\u00a014 January\u00a02020.<\/li>\n\n\n\n<li><strong><a href=\"https:\/\/en.wikipedia.org\/wiki\/Airbus_A330_MRTT#cite_ref-51\" target=\"_blank\" rel=\"noreferrer noopener\">^<\/a><\/strong>\u00a0<a href=\"http:\/\/www.defenseindustrydaily.com\/airbus-completes-a330-tanker-deal-with-uae-04756\/\" target=\"_blank\" rel=\"noreferrer noopener\">&#8220;UAEAFs Long Reach: 3 Airbus A330 Tankers for the UAE&#8221;<\/a>.\u00a0<em>Defense Industry Daily<\/em>.\u00a0<a href=\"https:\/\/archive.today\/20240322031558\/https:\/\/www.defenseindustrydaily.com\/airbus-completes-a330-tanker-deal-with-uae-04756\/\" target=\"_blank\" rel=\"noreferrer noopener\">Archived<\/a>\u00a0from the original on 22 March 2024. Retrieved\u00a014 January\u00a02020.<\/li>\n\n\n\n<li>^\u00a0<a href=\"https:\/\/en.wikipedia.org\/wiki\/Airbus_A330_MRTT#cite_ref-UAE-MRTT_52-0\" target=\"_blank\" rel=\"noreferrer noopener\">Jump up to:<\/a><strong><em><a href=\"https:\/\/en.wikipedia.org\/wiki\/Airbus_A330_MRTT#cite_ref-UAE-MRTT_52-0\" target=\"_blank\" rel=\"noreferrer noopener\">a<\/a><\/em><\/strong>\u00a0<strong><em><a href=\"https:\/\/en.wikipedia.org\/wiki\/Airbus_A330_MRTT#cite_ref-UAE-MRTT_52-1\" target=\"_blank\" rel=\"noreferrer noopener\">b<\/a><\/em><\/strong>\u00a0<a href=\"https:\/\/www.airbus.com\/en\/newsroom\/press-releases\/2021-11-united-arab-emirates-orders-two-additional-airbus-a330-mrtt\" target=\"_blank\" rel=\"noreferrer noopener\">&#8220;United Arab Emirates orders two additional Airbus A330 MRTT&#8221;<\/a>. Airbus.com. 14 November 2021.\u00a0<a href=\"https:\/\/web.archive.org\/web\/20211114105737\/https:\/\/www.airbus.com\/en\/newsroom\/press-releases\/2021-11-united-arab-emirates-orders-two-additional-airbus-a330-mrtt\" target=\"_blank\" rel=\"noreferrer noopener\">Archived<\/a>\u00a0from the original on 14 November 2021. Retrieved\u00a014 November\u00a02021.<\/li>\n\n\n\n<li><strong><a href=\"https:\/\/en.wikipedia.org\/wiki\/Airbus_A330_MRTT#cite_ref-FlightGlobal1_53-0\" target=\"_blank\" rel=\"noreferrer noopener\">^<\/a><\/strong>\u00a0Hoyle, Craig (3 January 2008).\u00a0<a href=\"http:\/\/www.flightglobal.com\/articles\/2008\/01\/03\/220605\/saudi-arabia-picks-eads-to-supply-three-airbus-a330-based-tankers.html\" target=\"_blank\" rel=\"noreferrer noopener\">&#8220;Saudi Arabia picks EADS to supply three Airbus A330-based tankers&#8221;<\/a>.\u00a0<em>Flightglobal<\/em>. Reed Business Information.\u00a0<a href=\"https:\/\/web.archive.org\/web\/20080630021242\/http:\/\/www.flightglobal.com\/articles\/2008\/01\/03\/220605\/saudi-arabia-picks-eads-to-supply-three-airbus-a330-based-tankers.html\" target=\"_blank\" rel=\"noreferrer noopener\">Archived<\/a>\u00a0from the original on 30 June 2008. Retrieved\u00a02 April\u00a02009.\u00a0Riyadh&#8217;s selection of the Airbus A330-based multirole tanker transport was confirmed on 3 January, with the aircraft to be equipped with under-wing hose and drogue pods and EADS Casa&#8217;s advanced refuelling boom system.<\/li>\n\n\n\n<li><strong><a href=\"https:\/\/en.wikipedia.org\/wiki\/Airbus_A330_MRTT#cite_ref-EADS2_54-0\" target=\"_blank\" rel=\"noreferrer noopener\">^<\/a><\/strong>\u00a0<a href=\"https:\/\/archive.today\/20130121231425\/http:\/\/www.eads.com\/1024\/en\/pressdb\/archiv\/2008\/2008\/all\/20080103_mtad_saudi_moda_mrtt.html\" target=\"_blank\" rel=\"noreferrer noopener\">&#8220;Saudi MODA places order for EADS A330 Multi Role Tanker Transport (MRTT) for the future air-to-air refuelling aircraft of the Royal Saudi Air Force&#8221;<\/a>.\u00a0<em>EADS website<\/em>. Madrid: EADS N.V. 3 January 2008. Archived from\u00a0<a href=\"http:\/\/www.eads.com\/1024\/en\/pressdb\/archiv\/2008\/2008\/all\/20080103_mtad_saudi_moda_mrtt.html\" target=\"_blank\" rel=\"noreferrer noopener\">the original<\/a>\u00a0on 21 January 2013. Retrieved\u00a02 April\u00a02009.\u00a0The Saudi MODA has decided the acquisition of the A330 MRTT as the new air-to-air refuelling aircraft for its Royal Saudi Air Force as a result of the competition process started in early 2006.<\/li>\n\n\n\n<li><strong><a href=\"https:\/\/en.wikipedia.org\/wiki\/Airbus_A330_MRTT#cite_ref-55\" target=\"_blank\" rel=\"noreferrer noopener\">^<\/a><\/strong>\u00a0Tran, Pierre.\u00a0<a href=\"http:\/\/www.defensenews.com\/story.php?i=4206646&amp;c=EUR&amp;s=AIR\" target=\"_blank\" rel=\"noreferrer noopener\">&#8220;Saudi Arabia Buys 3 A330s From France&#8221;<\/a>[<em><a href=\"https:\/\/en.wikipedia.org\/wiki\/Wikipedia:Link_rot\" target=\"_blank\" rel=\"noreferrer noopener\">dead link<\/a><\/em>]. Defense News, 27 July 2009.<\/li>\n\n\n\n<li><strong><a href=\"https:\/\/en.wikipedia.org\/wiki\/Airbus_A330_MRTT#cite_ref-56\" target=\"_blank\" rel=\"noreferrer noopener\">^<\/a><\/strong>\u00a0Hoyle, Craig (27 February 2013).\u00a0<a href=\"https:\/\/www.flightglobal.com\/saudi-arabia-puts-first-a330-tanker-into-service\/108910.article\" target=\"_blank\" rel=\"noreferrer noopener\">&#8220;Saudi Arabia puts first A330 tanker into service&#8221;<\/a>.\u00a0<em>Flight Global<\/em>.\u00a0<a href=\"https:\/\/archive.today\/20240322031808\/https:\/\/www.flightglobal.com\/saudi-arabia-puts-first-a330-tanker-into-service\/108910.article\" target=\"_blank\" rel=\"noreferrer noopener\">Archived<\/a>\u00a0from the original on 22 March 2024. Retrieved\u00a014 January\u00a02020.<\/li>\n\n\n\n<li><strong><a href=\"https:\/\/en.wikipedia.org\/wiki\/Airbus_A330_MRTT#cite_ref-57\" target=\"_blank\" rel=\"noreferrer noopener\">^<\/a><\/strong>\u00a0<a href=\"https:\/\/www.geaviation.com\/press-release\/cf6-engine-family\/saudi-selects-cf6-engines-its-a330-multi-role-tanker-transport\" target=\"_blank\" rel=\"noreferrer noopener\">&#8220;Saudi Selects CF6 Engines for its A330 Multi-Role Tanker Transport&#8221;<\/a>.\u00a0<em>GE Aviation<\/em>.\u00a0<a href=\"https:\/\/archive.today\/20240322032007\/https:\/\/www.geaerospace.com\/news\/press-releases\/commercial-engines\/saudi-selects-cf6-engines-its-a330-multi-role-tanker-transport\" target=\"_blank\" rel=\"noreferrer noopener\">Archived<\/a>\u00a0from the original on 22 March 2024. Retrieved\u00a014 January\u00a02020.<\/li>\n\n\n\n<li><strong><a href=\"https:\/\/en.wikipedia.org\/wiki\/Airbus_A330_MRTT#cite_ref-58\" target=\"_blank\" rel=\"noreferrer noopener\">^<\/a><\/strong>\u00a0<em>Flight International<\/em>\u00a05 March 2013, p. 17.<\/li>\n\n\n\n<li><strong><a href=\"https:\/\/en.wikipedia.org\/wiki\/Airbus_A330_MRTT#cite_ref-airbus_59-0\" target=\"_blank\" rel=\"noreferrer noopener\">^<\/a><\/strong>\u00a0<a href=\"https:\/\/web.archive.org\/web\/20120330012042\/http:\/\/www.airbusmilitary.com\/Aircraft\/A330MRTT\/A330MRTTAbout.aspx\" target=\"_blank\" rel=\"noreferrer noopener\">&#8220;Airbus 330 MRTT&#8221;<\/a>. Airbus. Archived from\u00a0<a href=\"http:\/\/www.airbusmilitary.com\/Aircraft\/A330MRTT\/A330MRTTAbout.aspx\" target=\"_blank\" rel=\"noreferrer noopener\">the original<\/a>\u00a0on 30 March 2012. Retrieved\u00a017 January\u00a02012.<\/li>\n\n\n\n<li><strong><a href=\"https:\/\/en.wikipedia.org\/wiki\/Airbus_A330_MRTT#cite_ref-60\" target=\"_blank\" rel=\"noreferrer noopener\">^<\/a><\/strong>\u00a0<a href=\"http:\/\/rpdefense.over-blog.com\/article-singapore-seeks-tankers-tranports-asw-99210743.html\" target=\"_blank\" rel=\"noreferrer noopener\">&#8220;Singapore Seeks Tankers, Tranports, ASW&#8221;<\/a>. Rpdefense.over-blog.com.\u00a0<a href=\"https:\/\/web.archive.org\/web\/20140222064142\/http:\/\/rpdefense.over-blog.com\/article-singapore-seeks-tankers-tranports-asw-99210743.html\" target=\"_blank\" rel=\"noreferrer noopener\">Archived<\/a>\u00a0from the original on 22 February 2014. Retrieved\u00a012 February\u00a02014.<\/li>\n\n\n\n<li><strong><a href=\"https:\/\/en.wikipedia.org\/wiki\/Airbus_A330_MRTT#cite_ref-61\" target=\"_blank\" rel=\"noreferrer noopener\">^<\/a><\/strong>\u00a0<a href=\"https:\/\/archive.today\/20180122204349\/http:\/\/www.airbus.com\/newsroom\/press-releases\/en\/2014\/03\/singapore-selects-airbus-defence-and-space-a330-mrtt-multi-role-tanker-transport.html\" target=\"_blank\" rel=\"noreferrer noopener\">&#8220;Singapore selects Airbus Defence and Space A330 MRTT Multi Role Tanker Transport&#8221;<\/a>.\u00a0<em>Airbus<\/em>. 7 March 2014. Archived from\u00a0<a href=\"http:\/\/www.airbus.com\/newsroom\/press-releases\/en\/2014\/03\/singapore-selects-airbus-defence-and-space-a330-mrtt-multi-role-tanker-transport.html\" target=\"_blank\" rel=\"noreferrer noopener\">the original<\/a>\u00a0on 22 January 2018.<\/li>\n\n\n\n<li><strong><a href=\"https:\/\/en.wikipedia.org\/wiki\/Airbus_A330_MRTT#cite_ref-62\" target=\"_blank\" rel=\"noreferrer noopener\">^<\/a><\/strong>\u00a0Waldron, Greg (6 March 2014).\u00a0<a href=\"https:\/\/archive.today\/20150701194622\/http:\/\/www.flightglobal.com\/news\/articles\/singapore-confirms-a330-mrtt-buy-396677\/\" target=\"_blank\" rel=\"noreferrer noopener\">&#8220;Singapore confirms A330 MRTT buy&#8221;<\/a>.\u00a0<em>Flight Global<\/em>. Singapore. Archived from\u00a0<a href=\"https:\/\/www.flightglobal.com\/news\/articles\/singapore-confirms-a330-mrtt-buy-396677\/\" target=\"_blank\" rel=\"noreferrer noopener\">the original<\/a>\u00a0on 1 July 2015.<\/li>\n\n\n\n<li><strong><a href=\"https:\/\/en.wikipedia.org\/wiki\/Airbus_A330_MRTT#cite_ref-63\" target=\"_blank\" rel=\"noreferrer noopener\">^<\/a><\/strong>\u00a0<a href=\"https:\/\/web.archive.org\/web\/20180122205633\/https:\/\/www.mindef.gov.sg\/web\/portal\/mindef\/news-and-events\/latest-releases\/article-detail\/2014\/march\/2014mar06-speeches-00002\" target=\"_blank\" rel=\"noreferrer noopener\">&#8220;Fact Sheet: Airbus A330 Multi-Role Tanker Transport&#8221;<\/a>.\u00a0<em>Singapore Ministry of Defence<\/em>. 4 March 2014. Archived from\u00a0<a href=\"https:\/\/www.mindef.gov.sg\/web\/portal\/mindef\/news-and-events\/latest-releases\/article-detail\/2014\/march\/2014mar06-speeches-00002\" target=\"_blank\" rel=\"noreferrer noopener\">the original<\/a>\u00a0on 22 January 2018.<\/li>\n\n\n\n<li><strong><a href=\"https:\/\/en.wikipedia.org\/wiki\/Airbus_A330_MRTT#cite_ref-64\" target=\"_blank\" rel=\"noreferrer noopener\">^<\/a><\/strong>\u00a0<a href=\"https:\/\/www.maphotosg.com\/republic-of-singapore-air-force-a330-mrtt-arrives-home\/\" target=\"_blank\" rel=\"noreferrer noopener\">&#8220;RSAF&#8217;s A330 MRTT Arrives Home \u22c6 MAphotoSG&#8221;<\/a>. 14 August 2018.\u00a0<a href=\"https:\/\/web.archive.org\/web\/20180816130540\/https:\/\/www.maphotosg.com\/republic-of-singapore-air-force-a330-mrtt-arrives-home\/\" target=\"_blank\" rel=\"noreferrer noopener\">Archived<\/a>\u00a0from the original on 16 August 2018.<\/li>\n\n\n\n<li><strong><a href=\"https:\/\/en.wikipedia.org\/wiki\/Airbus_A330_MRTT#cite_ref-65\" target=\"_blank\" rel=\"noreferrer noopener\">^<\/a><\/strong>\u00a0<a href=\"https:\/\/www.mindef.gov.sg\/web\/portal\/mindef\/news-and-events\/latest-releases\/article-detail\/2018\/september\/01sep18_nr\" target=\"_blank\" rel=\"noreferrer noopener\">&#8220;Prime Minister Lee Hsien Loong Officiates the Republic of Singapore Air Force&#8217;s Golden Jubilee Parade&#8221;<\/a>\u00a0(Press release). Ministry of Defence of Singapore. 1 September 2018.\u00a0<a href=\"https:\/\/web.archive.org\/web\/20180902220716\/https:\/\/www.mindef.gov.sg\/web\/portal\/mindef\/news-and-events\/latest-releases\/article-detail\/2018\/september\/01sep18_nr\" target=\"_blank\" rel=\"noreferrer noopener\">Archived<\/a>\u00a0from the original on 2 September 2018.<\/li>\n\n\n\n<li><strong><a href=\"https:\/\/en.wikipedia.org\/wiki\/Airbus_A330_MRTT#cite_ref-66\" target=\"_blank\" rel=\"noreferrer noopener\">^<\/a><\/strong>\u00a0<a href=\"https:\/\/www.ainonline.com\/aviation-news\/defense\/2021-04-21\/singapores-a330-mrtt-achieves-full-operational-capability\" target=\"_blank\" rel=\"noreferrer noopener\">&#8220;Singapore&#8217;s A330 MRTT Achieves Full Operational Capability&#8221;<\/a>.\u00a0<em>AIN Online<\/em>. 21 April 2021.\u00a0<a href=\"https:\/\/archive.today\/20240322032227\/https:\/\/www.ainonline.com\/aviation-news\/defense\/2021-04-21\/singapores-a330-mrtt-achieves-full-operational-capability\" target=\"_blank\" rel=\"noreferrer noopener\">Archived<\/a>\u00a0from the original on 22 March 2024. Retrieved\u00a022 March\u00a02024.<\/li>\n\n\n\n<li><strong><a href=\"https:\/\/en.wikipedia.org\/wiki\/Airbus_A330_MRTT#cite_ref-67\" target=\"_blank\" rel=\"noreferrer noopener\">^<\/a><\/strong>\u00a0Drew, James (30 June 2015).\u00a0<a href=\"http:\/\/www.flightglobal.com\/news\/articles\/airbus-beats-boeing-in-south-korean-tanker-competition-414161\/\" target=\"_blank\" rel=\"noreferrer noopener\">&#8220;Airbus beats Boeing in South Korean tanker competition Limited&#8221;<\/a>.\u00a0<em>Flight Global<\/em>.\u00a0<a href=\"https:\/\/web.archive.org\/web\/20150703011420\/http:\/\/www.flightglobal.com\/news\/articles\/airbus-beats-boeing-in-south-korean-tanker-competition-414161\/\" target=\"_blank\" rel=\"noreferrer noopener\">Archived<\/a>\u00a0from the original on 3 July 2015. Retrieved\u00a02 July\u00a02015.<\/li>\n\n\n\n<li><strong><a href=\"https:\/\/en.wikipedia.org\/wiki\/Airbus_A330_MRTT#cite_ref-68\" target=\"_blank\" rel=\"noreferrer noopener\">^<\/a><\/strong>\u00a0<a href=\"https:\/\/www.airbus.com\/en\/newsroom\/press-releases\/2018-11-first-south-korean-a330-mrtt-lands-in-busan-for-acceptance-tests\" target=\"_blank\" rel=\"noreferrer noopener\">&#8220;First South Korean A330-MRTT&#8221;<\/a>. Airbus.com. 13 November 2018.\u00a0<a href=\"https:\/\/web.archive.org\/web\/20181214214024\/https:\/\/www.airbus.com\/newsroom\/press-releases\/en\/2018\/11\/First-South-Korean-A330-MRTT-lands-in-Busan-for-acceptance-tests.html\" target=\"_blank\" rel=\"noreferrer noopener\">Archived<\/a>\u00a0from the original on 14 December 2018. Retrieved\u00a014 December\u00a02018.<\/li>\n\n\n\n<li><strong><a href=\"https:\/\/en.wikipedia.org\/wiki\/Airbus_A330_MRTT#cite_ref-69\" target=\"_blank\" rel=\"noreferrer noopener\">^<\/a><\/strong>\u00a0Dominguez, Gabriel (29 March 2019).\u00a0<a href=\"https:\/\/www.janes.com\/article\/87551\/south-korea-receives-second-a330-mrtt-aircraft\" target=\"_blank\" rel=\"noreferrer noopener\">&#8220;South Korea receives second A330 MRTT aircraft&#8221;<\/a>.\u00a0<em>Jane&#8217;s 360<\/em>. London.\u00a0<a href=\"https:\/\/web.archive.org\/web\/20190329194036\/https:\/\/www.janes.com\/article\/87551\/south-korea-receives-second-a330-mrtt-aircraft\" target=\"_blank\" rel=\"noreferrer noopener\">Archived<\/a>\u00a0from the original on 29 March 2019. Retrieved\u00a031 March\u00a02019.<\/li>\n\n\n\n<li><strong><a href=\"https:\/\/en.wikipedia.org\/wiki\/Airbus_A330_MRTT#cite_ref-70\" target=\"_blank\" rel=\"noreferrer noopener\">^<\/a><\/strong>\u00a0<a href=\"https:\/\/www.airbus.com\/en\/newsroom\/press-releases\/2019-01-republic-of-korea-air-force-receives-first-airbus-a330-mrtt\" target=\"_blank\" rel=\"noreferrer noopener\">&#8220;Republic of Korea Air Force receives first Airbus A330 MRTT aircraft&#8221;<\/a>.\u00a0<em>Airbus<\/em>. 28 October 2021.\u00a0<a href=\"https:\/\/archive.today\/20240322032455\/https:\/\/www.airbus.com\/en\/newsroom\/press-releases\/2019-01-republic-of-korea-air-force-receives-first-airbus-a330-mrtt\" target=\"_blank\" rel=\"noreferrer noopener\">Archived<\/a>\u00a0from the original on 22 March 2024. Retrieved\u00a028 March\u00a02022.<\/li>\n\n\n\n<li><strong><a href=\"https:\/\/en.wikipedia.org\/wiki\/Airbus_A330_MRTT#cite_ref-71\" target=\"_blank\" rel=\"noreferrer noopener\">^<\/a><\/strong>\u00a0<a href=\"https:\/\/www.keymilitary.com\/article\/last-rokaf-kc-330-close-delivery\" target=\"_blank\" rel=\"noreferrer noopener\">&#8220;Last ROKAF KC-330 close to delivery&#8221;<\/a>.\u00a0<em>Key Military<\/em>. 21 November 2019.\u00a0<a href=\"https:\/\/archive.today\/20240322032655\/https:\/\/www.keymilitary.com\/article\/last-rokaf-kc-330-close-delivery\" target=\"_blank\" rel=\"noreferrer noopener\">Archived<\/a>\u00a0from the original on 22 March 2024. Retrieved\u00a017 October\u00a02023.<\/li>\n\n\n\n<li><strong><a href=\"https:\/\/en.wikipedia.org\/wiki\/Airbus_A330_MRTT#cite_ref-72\" target=\"_blank\" rel=\"noreferrer noopener\">^<\/a><\/strong>\u00a0<a href=\"https:\/\/cafe.naver.com\/zzwa\/197682\" target=\"_blank\" rel=\"noreferrer noopener\">&#8220;\uff3b\uc370\uc655\uc370\ub798\uff3d\uc544~\uadf8 \ube44\ud589\uae30? \uadf8\uac70 \ub0b4\uac00 \uc774\ub984 \uc9c0\uc5c8\uc796\uc544~&#8221;<\/a>\u00a0[\uff3bSsulwangsulrae\uff3dAh~ That plane? I named that~].\u00a0<em>Dogswellfish&#8217;s\u00a0<a href=\"https:\/\/en.wikipedia.org\/wiki\/Naver\" target=\"_blank\" rel=\"noreferrer noopener\">Naver<\/a>\u00a0Cafe<\/em>\u00a0(in Korean). 20 February 2021.\u00a0<a href=\"https:\/\/archive.today\/20240306125723\/https:\/\/cafe.naver.com\/zzwa\/197682\" target=\"_blank\" rel=\"noreferrer noopener\">Archived<\/a>\u00a0from the original on 6 March 2024. Retrieved\u00a017 October\u00a02023.<\/li>\n\n\n\n<li><strong><a href=\"https:\/\/en.wikipedia.org\/wiki\/Airbus_A330_MRTT#cite_ref-73\" target=\"_blank\" rel=\"noreferrer noopener\">^<\/a><\/strong>\u00a0<a href=\"https:\/\/web.archive.org\/web\/20240304150749\/https:\/\/kookbang.dema.mil.kr\/newsWeb\/20190131\/6\/BBSMSTR_000000010025\/view.do\" target=\"_blank\" rel=\"noreferrer noopener\">&#8220;\uc870\uc885\uc0ac\u00b7\uae09\uc720\ud1b5\uc81c\uc0ac 30\uc5ec \uba85 &#8216;\uc18c\uc218\uc815\uc608&#8217; &#8220;\uc2dc\uadf8\ub108\uc2a4(\ubc31\uc870\uc790\ub9ac\u00a0: \uacf5\uc911\uae09\uc720\uae30\uc758 \uba85\uce6d)\uc758 \ud654\ub824\ud55c \ub0a0\uac2f\uc9d3 \uae30\ub300\ud558\uc138\uc694&#8221;&#8221;<\/a>\u00a0[About 30 pilots and refueling controllers are a small number of elites. &#8220;Look forward to the spectacular wings of Cygnus (Cygnus: the name of the aerial refueling tanker).&#8221;] (in Korean). Kookbang Ilbo. 30 January 2019. Archived from\u00a0<a href=\"https:\/\/kookbang.dema.mil.kr\/newsWeb\/20190131\/6\/BBSMSTR_000000010025\/view.do\" target=\"_blank\" rel=\"noreferrer noopener\">the original<\/a>\u00a0on 4 March 2024. Retrieved\u00a017 October\u00a02023.<\/li>\n\n\n\n<li><strong><a href=\"https:\/\/en.wikipedia.org\/wiki\/Airbus_A330_MRTT#cite_ref-74\" target=\"_blank\" rel=\"noreferrer noopener\">^<\/a><\/strong>\u00a0<a href=\"https:\/\/news.heraldcorp.com\/military\/view.php?ud=20190130000523\" target=\"_blank\" rel=\"noreferrer noopener\">&#8220;\uff3b\uae40\uc218\ud55c\uc758 \ub9ac\uc370\uc6e8\ud380\uff3d\uacf5\uc911\uae09\uc720\uae30 \uba85\uce6d\uc774 &#8216;\ubc31\uc870&#8217;\uac00 \ub41c \uc0ac\uc5f0&#8221;<\/a>\u00a0[\uff3bKim Soo-han\u2019s Lethal Weapon\uff3d The story behind the aerial refueling tanker being named &#8216;Cygnus&#8217;] (in Korean). Herald. 30 January 2019.\u00a0<a href=\"https:\/\/archive.today\/20240322033620\/https:\/\/news.heraldcorp.com\/military\/view.php?ud=20190130000523\" target=\"_blank\" rel=\"noreferrer noopener\">Archived<\/a>\u00a0from the original on 22 March 2024. Retrieved\u00a016 October\u00a02023.<\/li>\n\n\n\n<li><strong><a href=\"https:\/\/en.wikipedia.org\/wiki\/Airbus_A330_MRTT#cite_ref-75\" target=\"_blank\" rel=\"noreferrer noopener\">^<\/a><\/strong>\u00a0<a href=\"https:\/\/maplestory.pe.kr\/596\" target=\"_blank\" rel=\"noreferrer noopener\">&#8220;\uc2dc\uadf8\ub108\uc2a4\uae30\uc0ac\ub2e8 \uc544\ud504\ub9ac\uce74 \ub77c\uc774\ube0c\ubc29\uc1a1 1\ud3b8\uc694\uc57d&#8221;<\/a>\u00a0[Cygnus Knights AfreecaTV Live Broadcast Part 1 Summary].\u00a0<em>Game Talk Maple<\/em>\u00a0(in Korean). 16 December 2008.\u00a0<a href=\"https:\/\/archive.today\/20240322064139\/https:\/\/maplestory.pe.kr\/596\" target=\"_blank\" rel=\"noreferrer noopener\">Archived<\/a>\u00a0from the original on 22 March 2024. Retrieved\u00a016 October\u00a02023.<\/li>\n\n\n\n<li><strong><a href=\"https:\/\/en.wikipedia.org\/wiki\/Airbus_A330_MRTT#cite_ref-76\" target=\"_blank\" rel=\"noreferrer noopener\">^<\/a><\/strong>\u00a0<a href=\"https:\/\/www.ainonline.com\/aviation-news\/defense\/2018-11-14\/republic-koreas-first-mrtt-arrives-country\" target=\"_blank\" rel=\"noreferrer noopener\">Republic of Korea&#8217;s First MRTT Arrives in Country<\/a>\u00a0<a href=\"https:\/\/web.archive.org\/web\/20181117233604\/https:\/\/www.ainonline.com\/aviation-news\/defense\/2018-11-14\/republic-koreas-first-mrtt-arrives-country\" target=\"_blank\" rel=\"noreferrer noopener\">Archived<\/a>\u00a017 November 2018 at the\u00a0<a href=\"https:\/\/en.wikipedia.org\/wiki\/Wayback_Machine\" target=\"_blank\" rel=\"noreferrer noopener\">Wayback Machine<\/a>.\u00a0<em>Aviation International News<\/em>. 14 November 2018.<\/li>\n\n\n\n<li><strong><a href=\"https:\/\/en.wikipedia.org\/wiki\/Airbus_A330_MRTT#cite_ref-77\" target=\"_blank\" rel=\"noreferrer noopener\">^<\/a><\/strong>\u00a0<a href=\"http:\/\/www.airrecognition.com\/index.php\/archive-world-worldwide-news-air-force-aviation-aerospace-air-military-defence-industry\/global-defense-security-news\/global-news-2018\/november\/4614-rokaf-first-a330-mrtt-landed-in-south-korea.html\" target=\"_blank\" rel=\"noreferrer noopener\">RoKAF first A330 MRTT landed in South Korea<\/a>\u00a0<a href=\"https:\/\/web.archive.org\/web\/20181117235038\/http:\/\/www.airrecognition.com\/index.php\/archive-world-worldwide-news-air-force-aviation-aerospace-air-military-defence-industry\/global-defense-security-news\/global-news-2018\/november\/4614-rokaf-first-a330-mrtt-landed-in-south-korea.html\" target=\"_blank\" rel=\"noreferrer noopener\">Archived<\/a>\u00a017 November 2018 at the\u00a0<a href=\"https:\/\/en.wikipedia.org\/wiki\/Wayback_Machine\" target=\"_blank\" rel=\"noreferrer noopener\">Wayback Machine<\/a>.\u00a0<em>Air Recognition<\/em>. 12 November 2018.<\/li>\n\n\n\n<li><strong><a href=\"https:\/\/en.wikipedia.org\/wiki\/Airbus_A330_MRTT#cite_ref-78\" target=\"_blank\" rel=\"noreferrer noopener\">^<\/a><\/strong>\u00a0<a href=\"https:\/\/asianews.network\/how-gas-station-in-the-sky-boosts-south-koreas-defence\/\" target=\"_blank\" rel=\"noreferrer noopener\">&#8220;How &#8216;gas station in the sky&#8217; boosts South Korea&#8217;s defence&#8221;<\/a>.\u00a0<a href=\"https:\/\/en.wikipedia.org\/wiki\/Asia_News_Network\" target=\"_blank\" rel=\"noreferrer noopener\">Asia News Network<\/a>. 18 April 2023.\u00a0<a href=\"https:\/\/archive.today\/20240322064405\/https:\/\/asianews.network\/how-gas-station-in-the-sky-boosts-south-koreas-defence\/\" target=\"_blank\" rel=\"noreferrer noopener\">Archived<\/a>\u00a0from the original on 22 March 2024. Retrieved\u00a017 October\u00a02023.<\/li>\n\n\n\n<li><strong><a href=\"https:\/\/en.wikipedia.org\/wiki\/Airbus_A330_MRTT#cite_ref-79\" target=\"_blank\" rel=\"noreferrer noopener\">^<\/a><\/strong>\u00a0<a href=\"https:\/\/english.hani.co.kr\/arti\/english_edition\/e_northkorea\/950954.html\" target=\"_blank\" rel=\"noreferrer noopener\">&#8220;\uff3bPhoto\uff3d Remains of S. Korean soldiers return home after 70 years&#8221;<\/a>.\u00a0<a href=\"https:\/\/en.wikipedia.org\/wiki\/The_Hankyoreh\" target=\"_blank\" rel=\"noreferrer noopener\">The Hankyoreh<\/a>. 25 June 2020.\u00a0<a href=\"https:\/\/archive.today\/20240322033857\/https:\/\/english.hani.co.kr\/arti\/english_edition\/e_northkorea\/950954.html\" target=\"_blank\" rel=\"noreferrer noopener\">Archived<\/a>\u00a0from the original on 22 March 2024. Retrieved\u00a017 October\u00a02023.<\/li>\n\n\n\n<li><strong><a href=\"https:\/\/en.wikipedia.org\/wiki\/Airbus_A330_MRTT#cite_ref-80\" target=\"_blank\" rel=\"noreferrer noopener\">^<\/a><\/strong>\u00a0<a href=\"https:\/\/en.yna.co.kr\/view\/AEN20230726007300325\" target=\"_blank\" rel=\"noreferrer noopener\">&#8220;Remains of 7 S. Korean troops killed during Korean War handed over to Seoul&#8221;<\/a>.\u00a0<a href=\"https:\/\/en.wikipedia.org\/wiki\/Yonhap_News_Agency\" target=\"_blank\" rel=\"noreferrer noopener\">Yonhap News Agency<\/a>. 26 July 2023.\u00a0<a href=\"https:\/\/archive.today\/20240322034105\/https:\/\/en.yna.co.kr\/view\/AEN20230726007300325\" target=\"_blank\" rel=\"noreferrer noopener\">Archived<\/a>\u00a0from the original on 22 March 2024. Retrieved\u00a017 October\u00a02023.<\/li>\n\n\n\n<li><strong><a href=\"https:\/\/en.wikipedia.org\/wiki\/Airbus_A330_MRTT#cite_ref-81\" target=\"_blank\" rel=\"noreferrer noopener\">^<\/a><\/strong>\u00a0<a href=\"https:\/\/en.yna.co.kr\/view\/AEN20200630002800325\" target=\"_blank\" rel=\"noreferrer noopener\">&#8220;S. Korea sends rotational troops to UAE using aerial tanker&#8221;<\/a>.\u00a0<a href=\"https:\/\/en.wikipedia.org\/wiki\/Yonhap_News_Agency\" target=\"_blank\" rel=\"noreferrer noopener\">Yonhap News Agency<\/a>. 30 June 2020.\u00a0<a href=\"https:\/\/archive.today\/20240322034301\/https:\/\/en.yna.co.kr\/view\/AEN20200630002800325\" target=\"_blank\" rel=\"noreferrer noopener\">Archived<\/a>\u00a0from the original on 22 March 2024. Retrieved\u00a017 October\u00a02023.<\/li>\n\n\n\n<li><strong><a href=\"https:\/\/en.wikipedia.org\/wiki\/Airbus_A330_MRTT#cite_ref-82\" target=\"_blank\" rel=\"noreferrer noopener\">^<\/a><\/strong>\u00a0<a href=\"https:\/\/en.yna.co.kr\/view\/AEN20200723001851325\" target=\"_blank\" rel=\"noreferrer noopener\">&#8220;(LEAD) S. Korea sends two military planes to bring home nearly 300 citizens&#8221;<\/a>.\u00a0<a href=\"https:\/\/en.wikipedia.org\/wiki\/Yonhap_News_Agency\" target=\"_blank\" rel=\"noreferrer noopener\">Yonhap News Agency<\/a>. 23 July 2020.\u00a0<a href=\"https:\/\/archive.today\/20240322034456\/https:\/\/en.yna.co.kr\/view\/AEN20200723001851325\" target=\"_blank\" rel=\"noreferrer noopener\">Archived<\/a>\u00a0from the original on 22 March 2024. Retrieved\u00a017 October\u00a02023.<\/li>\n\n\n\n<li><strong><a href=\"https:\/\/en.wikipedia.org\/wiki\/Airbus_A330_MRTT#cite_ref-83\" target=\"_blank\" rel=\"noreferrer noopener\">^<\/a><\/strong>\u00a0<a href=\"https:\/\/militaryleak.com\/2021\/06\/01\/south-korea-dispatching-kc-330-cygnus-multi-role-tanker-transport-mrttto-bring-covid-19-vaccines\/\" target=\"_blank\" rel=\"noreferrer noopener\">&#8220;South Korea Dispatching KC-330 Cygnus Multi Role Tanker Transport to Bring COVID-19 Vaccines&#8221;<\/a>.\u00a0<em>Military Leak<\/em>. 1 June 2021.\u00a0<a href=\"https:\/\/archive.today\/20240322065358\/https:\/\/militaryleak.com\/2021\/06\/01\/south-korea-dispatching-kc-330-cygnus-multi-role-tanker-transport-mrttto-bring-covid-19-vaccines\/\" target=\"_blank\" rel=\"noreferrer noopener\">Archived<\/a>\u00a0from the original on 22 March 2024. Retrieved\u00a017 October\u00a02023.<\/li>\n\n\n\n<li><strong><a href=\"https:\/\/en.wikipedia.org\/wiki\/Airbus_A330_MRTT#cite_ref-84\" target=\"_blank\" rel=\"noreferrer noopener\">^<\/a><\/strong>\u00a0<a href=\"http:\/\/english.khan.co.kr\/khan_art_view.html?artid=202107191806337&amp;code=710100\" target=\"_blank\" rel=\"noreferrer noopener\">&#8220;247 out of 301 Crew Members of the Cheonghae Unit Test Positive for COVID-19&#8221;<\/a>.\u00a0<a href=\"https:\/\/en.wikipedia.org\/wiki\/Kyunghyang_Shinmun\" target=\"_blank\" rel=\"noreferrer noopener\">Kyunghyang Shinmun<\/a>. 19 July 2021.\u00a0<a href=\"https:\/\/archive.today\/20240322065558\/http:\/\/english.khan.co.kr\/khan_art_view.html?artid=202107191806337&amp;code=710100\" target=\"_blank\" rel=\"noreferrer noopener\">Archived<\/a>\u00a0from the original on 22 March 2024.<\/li>\n\n\n\n<li><strong><a href=\"https:\/\/en.wikipedia.org\/wiki\/Airbus_A330_MRTT#cite_ref-85\" target=\"_blank\" rel=\"noreferrer noopener\">^<\/a><\/strong>\u00a0<a href=\"https:\/\/en.yna.co.kr\/view\/AEN20210815004600315\" target=\"_blank\" rel=\"noreferrer noopener\">&#8220;Remains of Korean independence fighter Hong Beom-do return from Kazakhstan&#8221;<\/a>.\u00a0<a href=\"https:\/\/en.wikipedia.org\/wiki\/Yonhap_News_Agency\" target=\"_blank\" rel=\"noreferrer noopener\">Yonhap News Agency<\/a>. 15 August 2021.\u00a0<a href=\"https:\/\/archive.today\/20240322065804\/https:\/\/en.yna.co.kr\/view\/AEN20210815004600315\" target=\"_blank\" rel=\"noreferrer noopener\">Archived<\/a>\u00a0from the original on 22 March 2024. Retrieved\u00a017 October\u00a02023.<\/li>\n\n\n\n<li><strong><a href=\"https:\/\/en.wikipedia.org\/wiki\/Airbus_A330_MRTT#cite_ref-86\" target=\"_blank\" rel=\"noreferrer noopener\">^<\/a><\/strong>\u00a0<a href=\"http:\/\/koreabizwire.com\/378-afghan-co-workers-family-members-arrive-in-south-korea\/197706\" target=\"_blank\" rel=\"noreferrer noopener\">&#8220;378 Afghan Co-workers, Family Members Arrive in South Korea&#8221;<\/a>. The Korea Bizwire. 26 August 2021.\u00a0<a href=\"https:\/\/archive.today\/20240322070028\/http:\/\/koreabizwire.com\/378-afghan-co-workers-family-members-arrive-in-south-korea\/197706\" target=\"_blank\" rel=\"noreferrer noopener\">Archived<\/a>\u00a0from the original on 22 March 2024. Retrieved\u00a017 October\u00a02023.<\/li>\n\n\n\n<li><strong><a href=\"https:\/\/en.wikipedia.org\/wiki\/Airbus_A330_MRTT#cite_ref-87\" target=\"_blank\" rel=\"noreferrer noopener\">^<\/a><\/strong>\u00a0<a href=\"https:\/\/koreajoongangdaily.joins.com\/2021\/11\/11\/business\/economy\/Urea-Urea-solutoin-DEF\/20211111173002614.html\" target=\"_blank\" rel=\"noreferrer noopener\">&#8220;Sales of DEF restricted in amounts, vendors&#8221;<\/a>.\u00a0<a href=\"https:\/\/en.wikipedia.org\/wiki\/Korea_JoongAng_Daily\" target=\"_blank\" rel=\"noreferrer noopener\">Korea JoongAng Daily<\/a>. 11 November 2021.\u00a0<a href=\"https:\/\/archive.today\/20240322070256\/https:\/\/koreajoongangdaily.joins.com\/2021\/11\/11\/business\/economy\/Urea-Urea-solutoin-DEF\/20211111173002614.html\" target=\"_blank\" rel=\"noreferrer noopener\">Archived<\/a>\u00a0from the original on 22 March 2024. Retrieved\u00a017 October\u00a02023.<\/li>\n\n\n\n<li><strong><a href=\"https:\/\/en.wikipedia.org\/wiki\/Airbus_A330_MRTT#cite_ref-88\" target=\"_blank\" rel=\"noreferrer noopener\">^<\/a><\/strong>\u00a0<a href=\"https:\/\/koreajoongangdaily.joins.com\/2023\/02\/08\/national\/diplomacy\/Korea-Turkey-earthquake\/20230208185241835.html\" target=\"_blank\" rel=\"noreferrer noopener\">&#8220;Korean rescue workers arrive in Turkey after earthquake&#8221;<\/a>.\u00a0<a href=\"https:\/\/en.wikipedia.org\/wiki\/Korea_JoongAng_Daily\" target=\"_blank\" rel=\"noreferrer noopener\">Korea JoongAng Daily<\/a>. 8 February 2023.\u00a0<a href=\"https:\/\/archive.today\/20240322070502\/https:\/\/koreajoongangdaily.joins.com\/2023\/02\/08\/national\/diplomacy\/Korea-Turkey-earthquake\/20230208185241835.html\" target=\"_blank\" rel=\"noreferrer noopener\">Archived<\/a>\u00a0from the original on 22 March 2024. Retrieved\u00a017 October\u00a02023.<\/li>\n\n\n\n<li><strong><a href=\"https:\/\/en.wikipedia.org\/wiki\/Airbus_A330_MRTT#cite_ref-89\" target=\"_blank\" rel=\"noreferrer noopener\">^<\/a><\/strong>\u00a0<a href=\"https:\/\/en.yna.co.kr\/view\/AEN20230425004653325\" target=\"_blank\" rel=\"noreferrer noopener\">&#8220;(3rd LD) S. Korean plane carrying 28 nationals from war-torn Sudan returns home&#8221;<\/a>.\u00a0<a href=\"https:\/\/en.wikipedia.org\/wiki\/Yonhap_News_Agency\" target=\"_blank\" rel=\"noreferrer noopener\">Yonhap News Agency<\/a>. 25 April 2023. Retrieved\u00a017 October\u00a02023.<\/li>\n\n\n\n<li><strong><a href=\"https:\/\/en.wikipedia.org\/wiki\/Airbus_A330_MRTT#cite_ref-90\" target=\"_blank\" rel=\"noreferrer noopener\">^<\/a><\/strong>\u00a0<a href=\"https:\/\/www.koreaherald.com\/view.php?ud=20230705000259\" target=\"_blank\" rel=\"noreferrer noopener\">&#8220;\uff3bPhoto News\uff3d Korean relief team to Canada&#8221;<\/a>.\u00a0<a href=\"https:\/\/en.wikipedia.org\/wiki\/The_Korea_Herald\" target=\"_blank\" rel=\"noreferrer noopener\">The Korea Herald<\/a>. 5 July 2023. Retrieved\u00a017 October\u00a02023.<\/li>\n\n\n\n<li><strong><a href=\"https:\/\/en.wikipedia.org\/wiki\/Airbus_A330_MRTT#cite_ref-91\" target=\"_blank\" rel=\"noreferrer noopener\">^<\/a><\/strong>\u00a0<a href=\"https:\/\/n.news.naver.com\/mnews\/article\/032\/0003240168?sid=100\" target=\"_blank\" rel=\"noreferrer noopener\">&#8220;\uff3b\uc601\uc0c1\uff3d \ud2b8\ub93c\ub3c4, \ud55c\uad6d \uad6c\ud638\ub300 \uadc0\uad6d \ube44\ud589\uae30 \uc62c\ub77c &#8220;\uac10\uc0ac\ud569\ub2c8\ub2e4&#8221; \ud55c\uad6d\uc5b4 \uc778\uc0ac&#8221;<\/a>\u00a0[\uff3bVideo\uff3d Trudeau says &#8220;Thank you&#8221; in Korean as he boards the plane returning home to the Korean relief team] (in Korean).\u00a0<a href=\"https:\/\/en.wikipedia.org\/wiki\/Kyunghyang_Shinmun\" target=\"_blank\" rel=\"noreferrer noopener\">Kyunghyang Shinmun<\/a>. 25 April 2023.\u00a0<a href=\"https:\/\/archive.today\/20240322070934\/https:\/\/n.news.naver.com\/mnews\/article\/032\/0003240168?sid=100\" target=\"_blank\" rel=\"noreferrer noopener\">Archived<\/a>\u00a0from the original on 22 March 2024. Retrieved\u00a017 October\u00a02023\u00a0\u2013 via Naver.<\/li>\n\n\n\n<li><strong><a href=\"https:\/\/en.wikipedia.org\/wiki\/Airbus_A330_MRTT#cite_ref-92\" target=\"_blank\" rel=\"noreferrer noopener\">^<\/a><\/strong>\u00a0<a href=\"https:\/\/web.archive.org\/web\/20231024072123\/https:\/\/www3.nhk.or.jp\/nhkworld\/en\/news\/20231015_04\/\" target=\"_blank\" rel=\"noreferrer noopener\">&#8220;51 Japanese among evacuees on S.Korean plane on flight from Israel to Seoul&#8221;<\/a>. NHK. 15 October 2023. Archived from\u00a0<a href=\"https:\/\/www3.nhk.or.jp\/nhkworld\/en\/news\/20231015_04\/\" target=\"_blank\" rel=\"noreferrer noopener\">the original<\/a>\u00a0on 24 October 2023. Retrieved\u00a017 October\u00a02023.<\/li>\n\n\n\n<li><strong><a href=\"https:\/\/en.wikipedia.org\/wiki\/Airbus_A330_MRTT#cite_ref-93\" target=\"_blank\" rel=\"noreferrer noopener\">^<\/a><\/strong>\u00a0<a href=\"https:\/\/sg.news.yahoo.com\/5-singaporeans-safely-evacuated-israel-061027078.html\" target=\"_blank\" rel=\"noreferrer noopener\">&#8220;5 Singaporeans safely evacuated from Israel amid conflict&#8221;<\/a>. Yahoo News Singapore. 16 October 2023.\u00a0<a href=\"https:\/\/web.archive.org\/web\/20231016071909\/https:\/\/sg.news.yahoo.com\/5-singaporeans-safely-evacuated-israel-061027078.html\" target=\"_blank\" rel=\"noreferrer noopener\">Archived<\/a>\u00a0from the original on 16 October 2023. Retrieved\u00a017 October\u00a02023.<\/li>\n\n\n\n<li><strong><a href=\"https:\/\/en.wikipedia.org\/wiki\/Airbus_A330_MRTT#cite_ref-94\" target=\"_blank\" rel=\"noreferrer noopener\">^<\/a><\/strong>\u00a0<a href=\"https:\/\/koreajoongangdaily.joins.com\/news\/2023-10-15\/national\/diplomacy\/163-Koreans-safely-evacuated-from-Israel-via-military-aircraft\/1890301\" target=\"_blank\" rel=\"noreferrer noopener\">&#8220;163 Koreans safely evacuated from Israel via military aircraft&#8221;<\/a>.\u00a0<a href=\"https:\/\/en.wikipedia.org\/wiki\/Korea_JoongAng_Daily\" target=\"_blank\" rel=\"noreferrer noopener\">Korea JoongAng Daily<\/a>. 15 October 2023.\u00a0<a href=\"https:\/\/archive.today\/20240322071948\/https:\/\/koreajoongangdaily.joins.com\/news\/2023-10-15\/national\/diplomacy\/163-Koreans-safely-evacuated-from-Israel-via-military-aircraft\/1890301\" target=\"_blank\" rel=\"noreferrer noopener\">Archived<\/a>\u00a0from the original on 22 March 2024. Retrieved\u00a017 October\u00a02023.<\/li>\n\n\n\n<li><strong><a href=\"https:\/\/en.wikipedia.org\/wiki\/Airbus_A330_MRTT#cite_ref-95\" target=\"_blank\" rel=\"noreferrer noopener\">^<\/a><\/strong>\u00a0<a href=\"https:\/\/www.google.com\/hostednews\/afp\/article\/ALeqM5iBJUBzXldOeW2_c8hhseSXGKfiwA?docId=CNG.22591b8acc958d42dd13da26f35d6b7f.6e1\" target=\"_blank\" rel=\"noreferrer noopener\">&#8220;AFP: France to buy Airbus tankers from 2013&#8221;<\/a>. 19 November 2011.\u00a0<a href=\"https:\/\/web.archive.org\/web\/20140130152830\/http:\/\/www.google.com\/hostednews\/afp\/article\/ALeqM5iBJUBzXldOeW2_c8hhseSXGKfiwA?docId=CNG.22591b8acc958d42dd13da26f35d6b7f.6e1\" target=\"_blank\" rel=\"noreferrer noopener\">Archived<\/a>\u00a0from the original on 30 January 2014.<\/li>\n\n\n\n<li><strong><a href=\"https:\/\/en.wikipedia.org\/wiki\/Airbus_A330_MRTT#cite_ref-Francebudget2012_96-0\" target=\"_blank\" rel=\"noreferrer noopener\">^<\/a><\/strong>\u00a0<a href=\"http:\/\/www.senat.fr\/rap\/a12-150-8\/a12-150-815.html#toc290\" target=\"_blank\" rel=\"noreferrer noopener\">&#8220;Projet de loi de finances pour 2013\u00a0: D\u00e9fense\u00a0: \u00e9quipement des forces&#8221;<\/a>\u00a0(in French). Senate of France. 22 November 2012.\u00a0<a href=\"https:\/\/web.archive.org\/web\/20130326234111\/http:\/\/www.senat.fr\/rap\/a12-150-8\/a12-150-815.html#toc290\" target=\"_blank\" rel=\"noreferrer noopener\">Archived<\/a>\u00a0from the original on 26 March 2013.<\/li>\n\n\n\n<li><strong><a href=\"https:\/\/en.wikipedia.org\/wiki\/Airbus_A330_MRTT#cite_ref-97\" target=\"_blank\" rel=\"noreferrer noopener\">^<\/a><\/strong>\u00a0Hoyle, Craig.\u00a0<a href=\"http:\/\/www.flightglobal.com\/news\/articles\/airbus-military-to-table-a330-tanker-bids-to-france-singapore-386429\/\" target=\"_blank\" rel=\"noreferrer noopener\">&#8220;Airbus Military to table A330 tanker bids to France, Singapore&#8221;<\/a>\u00a0<a href=\"https:\/\/web.archive.org\/web\/20131102085212\/http:\/\/www.flightglobal.com\/news\/articles\/airbus-military-to-table-a330-tanker-bids-to-france-singapore-386429\/\" target=\"_blank\" rel=\"noreferrer noopener\">Archived<\/a>\u00a02 November 2013 at the\u00a0<a href=\"https:\/\/en.wikipedia.org\/wiki\/Wayback_Machine\" target=\"_blank\" rel=\"noreferrer noopener\">Wayback Machine<\/a>. Flight International, 29 May 2013.<\/li>\n\n\n\n<li><strong><a href=\"https:\/\/en.wikipedia.org\/wiki\/Airbus_A330_MRTT#cite_ref-98\" target=\"_blank\" rel=\"noreferrer noopener\">^<\/a><\/strong>\u00a0<a href=\"http:\/\/webarchive.loc.gov\/all\/20140221191304\/http:\/\/www.defensenews.com\/article\/20140221\/DEFREG01\/302210021\/French%2DAF%2DTake%2D2%2DMRTT%2DVersions\" target=\"_blank\" rel=\"noreferrer noopener\">&#8220;French AF To Take 2 MRTT Versions&#8221;<\/a>. Defensenews.com. 21 February 2014. Archived from\u00a0<a href=\"http:\/\/www.defensenews.com\/article\/20140221\/DEFREG01\/302210021\/French-AF-Take-2-MRTT-Versions\" target=\"_blank\" rel=\"noreferrer noopener\">the original<\/a>\u00a0on 21 February 2014.<\/li>\n\n\n\n<li><strong><a href=\"https:\/\/en.wikipedia.org\/wiki\/Airbus_A330_MRTT#cite_ref-99\" target=\"_blank\" rel=\"noreferrer noopener\">^<\/a><\/strong>\u00a0<a href=\"http:\/\/militaryaircraft-airbusds.com\/PressCenter\/LatestNews\/TabId\/176\/ArtMID\/681\/ArticleID\/350\/France-announces-order-for-Airbus-A330-MRTT-air-to-air-refuelling-aircraft.aspx\" target=\"_blank\" rel=\"noreferrer noopener\">&#8220;France announces order for Airbus A330 MRTT air-to-air refuelling aircraft&#8221;<\/a>. Airbus Defence and Space. 20 November 2014.\u00a0<a href=\"https:\/\/web.archive.org\/web\/20141129043647\/http:\/\/militaryaircraft-airbusds.com\/PressCenter\/LatestNews\/TabId\/176\/ArtMID\/681\/ArticleID\/350\/France-announces-order-for-Airbus-A330-MRTT-air-to-air-refuelling-aircraft.aspx\" target=\"_blank\" rel=\"noreferrer noopener\">Archived<\/a>\u00a0from the original on 29 November 2014.<\/li>\n\n\n\n<li><strong><a href=\"https:\/\/en.wikipedia.org\/wiki\/Airbus_A330_MRTT#cite_ref-100\" target=\"_blank\" rel=\"noreferrer noopener\">^<\/a><\/strong>\u00a0<a href=\"https:\/\/www.flightglobal.com\/news\/articles\/france-orders-eight-airbus-a330-mrtts-420081\/\" target=\"_blank\" rel=\"noreferrer noopener\">&#8220;France orders eight Airbus A330 MRTTs&#8221;<\/a>.\u00a0<em>Flight Global<\/em>. 15 December 2015.\u00a0<a href=\"https:\/\/web.archive.org\/web\/20160407060913\/https:\/\/www.flightglobal.com\/news\/articles\/france-orders-eight-airbus-a330-mrtts-420081\/\" target=\"_blank\" rel=\"noreferrer noopener\">Archived<\/a>\u00a0from the original on 7 April 2016.<\/li>\n\n\n\n<li><strong><a href=\"https:\/\/en.wikipedia.org\/wiki\/Airbus_A330_MRTT#cite_ref-101\" target=\"_blank\" rel=\"noreferrer noopener\">^<\/a><\/strong>\u00a0Tran, Pierre (21 September 2018).\u00a0<a href=\"https:\/\/www.defensenews.com\/global\/europe\/2018\/09\/21\/france-wants-to-buy-airbus-tankers-sooner\/\" target=\"_blank\" rel=\"noreferrer noopener\">&#8220;France wants to buy Airbus tankers sooner&#8221;<\/a>.\u00a0<em>DefenseNews<\/em>. Paris.\u00a0<a href=\"https:\/\/archive.today\/20180923133841\/https:\/\/www.defensenews.com\/global\/europe\/2018\/09\/21\/france-wants-to-buy-airbus-tankers-sooner\/\" target=\"_blank\" rel=\"noreferrer noopener\">Archived<\/a>\u00a0from the original on 23 September 2018.<\/li>\n\n\n\n<li><strong><a href=\"https:\/\/en.wikipedia.org\/wiki\/Airbus_A330_MRTT#cite_ref-102\" target=\"_blank\" rel=\"noreferrer noopener\">^<\/a><\/strong>\u00a0<a href=\"https:\/\/www.defense.gouv.fr\/dga\/actualite\/acceleration-de-la-livraison-des-mrtt-phenix\" target=\"_blank\" rel=\"noreferrer noopener\">&#8220;Acc\u00e9l\u00e9ration de la livraison des MRTT Ph\u00e9nix&#8221;<\/a>.\u00a0<em>Direction g\u00e9n\u00e9rale de l&#8217;armement<\/em>. 21 September 2018.\u00a0<a href=\"https:\/\/web.archive.org\/web\/20180923134029\/https:\/\/www.defense.gouv.fr\/dga\/actualite\/acceleration-de-la-livraison-des-mrtt-phenix\" target=\"_blank\" rel=\"noreferrer noopener\">Archived<\/a>\u00a0from the original on 23 September 2018.<\/li>\n\n\n\n<li><strong><a href=\"https:\/\/en.wikipedia.org\/wiki\/Airbus_A330_MRTT#cite_ref-103\" target=\"_blank\" rel=\"noreferrer noopener\">^<\/a><\/strong>\u00a0Jennings, Gareth (28 September 2018).\u00a0<a href=\"https:\/\/www.janes.com\/article\/83419\/france-receives-first-ph%E9nix-tanker-transport-aircraft\" target=\"_blank\" rel=\"noreferrer noopener\">&#8220;France receives first Ph\u00e9nix tanker-transport aircraft&#8221;<\/a>.\u00a0<em>IHS Jane&#8217;s 360<\/em>. London.\u00a0<a href=\"https:\/\/archive.today\/20181006142734\/https:\/\/www.janes.com\/article\/83419\/france-receives-first-ph%E9nix-tanker-transport-aircraft\" target=\"_blank\" rel=\"noreferrer noopener\">Archived<\/a>\u00a0from the original on 6 October 2018.<\/li>\n\n\n\n<li><strong><a href=\"https:\/\/en.wikipedia.org\/wiki\/Airbus_A330_MRTT#cite_ref-France_104-0\" target=\"_blank\" rel=\"noreferrer noopener\">^<\/a><\/strong>\u00a0<a href=\"https:\/\/www.airbus.com\/newsroom\/press-releases\/en\/2018\/12\/France-orders-three-more-Airbus-A330-MRTT-tankers.html\" target=\"_blank\" rel=\"noreferrer noopener\">&#8220;France orders three more A330 MRTT tankers&#8221;<\/a>.\u00a0<em>Airbus.com<\/em>.\u00a0<a href=\"https:\/\/web.archive.org\/web\/20181214131505\/https:\/\/www.airbus.com\/newsroom\/press-releases\/en\/2018\/12\/France-orders-three-more-Airbus-A330-MRTT-tankers.html\" target=\"_blank\" rel=\"noreferrer noopener\">Archived<\/a>\u00a0from the original on 14 December 2018. Retrieved\u00a014 December\u00a02018.<\/li>\n\n\n\n<li>^\u00a0<a href=\"https:\/\/en.wikipedia.org\/wiki\/Airbus_A330_MRTT#cite_ref-BackgroundPaper_105-0\" target=\"_blank\" rel=\"noreferrer noopener\">Jump up to:<\/a><strong><em><a href=\"https:\/\/en.wikipedia.org\/wiki\/Airbus_A330_MRTT#cite_ref-BackgroundPaper_105-0\" target=\"_blank\" rel=\"noreferrer noopener\">a<\/a><\/em><\/strong>\u00a0<strong><em><a href=\"https:\/\/en.wikipedia.org\/wiki\/Airbus_A330_MRTT#cite_ref-BackgroundPaper_105-1\" target=\"_blank\" rel=\"noreferrer noopener\">b<\/a><\/em><\/strong>\u00a0<strong><em><a href=\"https:\/\/en.wikipedia.org\/wiki\/Airbus_A330_MRTT#cite_ref-BackgroundPaper_105-2\" target=\"_blank\" rel=\"noreferrer noopener\">c<\/a><\/em><\/strong>\u00a0<strong><em><a href=\"https:\/\/en.wikipedia.org\/wiki\/Airbus_A330_MRTT#cite_ref-BackgroundPaper_105-3\" target=\"_blank\" rel=\"noreferrer noopener\">d<\/a><\/em><\/strong>\u00a0<strong><em><a href=\"https:\/\/en.wikipedia.org\/wiki\/Airbus_A330_MRTT#cite_ref-BackgroundPaper_105-4\" target=\"_blank\" rel=\"noreferrer noopener\">e<\/a><\/em><\/strong>\u00a0<a href=\"https:\/\/archive.today\/20170717223658\/https:\/\/company.airbus.com\/dam\/assets\/airbusgroup\/int\/en\/news-and-media\/Press-Releases-PDF\/07-2016\/Airbus-Defence-and-Space-welcomes-signing-of-contract-for-A330-MRTT-aircraft\/MMF-Backgrounder\/MMF%20Backgrounder.pdf\" target=\"_blank\" rel=\"noreferrer noopener\">&#8220;MMF Background Paper &#8211; Flashback: From acknowledging Europe&#8217;s Air-to-Air Refuelling gap to today&#8217;s MFF signing&#8221;<\/a>\u00a0(PDF).\u00a0<em>Airbus Defence &amp; Space<\/em>. July 2016. Archived from\u00a0<a href=\"https:\/\/company.airbus.com\/dam\/assets\/airbusgroup\/int\/en\/news-and-media\/Press-Releases-PDF\/07-2016\/Airbus-Defence-and-Space-welcomes-signing-of-contract-for-A330-MRTT-aircraft\/MMF-Backgrounder\/MMF%20Backgrounder.pdf\" target=\"_blank\" rel=\"noreferrer noopener\">the original<\/a>\u00a0(PDF)\u00a0on 17 July 2017.<\/li>\n\n\n\n<li><strong><a href=\"https:\/\/en.wikipedia.org\/wiki\/Airbus_A330_MRTT#cite_ref-106\" target=\"_blank\" rel=\"noreferrer noopener\">^<\/a><\/strong>\u00a0<a href=\"https:\/\/www.luchtvaartnieuws.nl\/nieuws\/categorie\/4\/militair\/airbus-a330-mrtt-kandidaat-om-kdc-10s-te-vervangen\" target=\"_blank\" rel=\"noreferrer noopener\">&#8220;Airbus A330 MRTT kandidaat om KDC-10&#8217;s te vervangen&#8221;<\/a>.\u00a0<em>Luchtvaartnieuws<\/em>. The Hague. 19 December 2014.\u00a0<a href=\"https:\/\/archive.today\/20170717221603\/https:\/\/www.luchtvaartnieuws.nl\/nieuws\/categorie\/4\/militair\/airbus-a330-mrtt-kandidaat-om-kdc-10s-te-vervangen\" target=\"_blank\" rel=\"noreferrer noopener\">Archived<\/a>\u00a0from the original on 17 July 2017.<\/li>\n\n\n\n<li><strong><a href=\"https:\/\/en.wikipedia.org\/wiki\/Airbus_A330_MRTT#cite_ref-DefenseNewsNL+Lux_107-0\" target=\"_blank\" rel=\"noreferrer noopener\">^<\/a><\/strong>\u00a0Chuter, Andrew (28 July 2016).\u00a0<a href=\"https:\/\/archive.today\/20161012111305\/http:\/\/www.defensenews.com\/story\/defense\/international\/europe\/2016\/07\/28\/netherlands-luxembourg-nato-a330-mrtt\/87663968\/\" target=\"_blank\" rel=\"noreferrer noopener\">&#8220;Netherlands, Luxembourg Pitch in Two Airbus Tankers For NATO Fleet&#8221;<\/a>.\u00a0<em>Defense News<\/em>. London. Archived from\u00a0<a href=\"http:\/\/www.defensenews.com\/story\/defense\/international\/europe\/2016\/07\/28\/netherlands-luxembourg-nato-a330-mrtt\/87663968\/\" target=\"_blank\" rel=\"noreferrer noopener\">the original<\/a>\u00a0on 12 October 2016.<\/li>\n\n\n\n<li><strong><a href=\"https:\/\/en.wikipedia.org\/wiki\/Airbus_A330_MRTT#cite_ref-NLMoDPurchase_108-0\" target=\"_blank\" rel=\"noreferrer noopener\">^<\/a><\/strong>\u00a0<a href=\"https:\/\/archive.today\/20170717223402\/https:\/\/www.defensie.nl\/english\/latest\/news\/2016\/07\/28\/netherlands-and-luxembourg-buy-tanker-aircraft-together\" target=\"_blank\" rel=\"noreferrer noopener\">&#8220;Netherlands and Luxembourg buy tanker aircraft together&#8221;<\/a>.\u00a0<em>Netherlands Ministry of Defence<\/em>. 28 July 2017. Archived from\u00a0<a href=\"https:\/\/www.defensie.nl\/english\/latest\/news\/2016\/07\/28\/netherlands-and-luxembourg-buy-tanker-aircraft-together\" target=\"_blank\" rel=\"noreferrer noopener\">the original<\/a>\u00a0on 17 July 2017.<\/li>\n\n\n\n<li><strong><a href=\"https:\/\/en.wikipedia.org\/wiki\/Airbus_A330_MRTT#cite_ref-109\" target=\"_blank\" rel=\"noreferrer noopener\">^<\/a><\/strong>\u00a0<a href=\"https:\/\/archive.today\/20170717225152\/http:\/\/www.occar.int\/444\" target=\"_blank\" rel=\"noreferrer noopener\">&#8220;Germany and Norway formally join Netherlands and Luxembourg to operate pooled fleet of NATO-owned Airbus A330 MRTT tankers (MMF)&#8221;<\/a>.\u00a0<em>OCCAR<\/em>. Bonn, Germany. 29 June 2017. Archived from\u00a0<a href=\"http:\/\/www.occar.int\/444\" target=\"_blank\" rel=\"noreferrer noopener\">the original<\/a>\u00a0on 17 July 2017.<\/li>\n\n\n\n<li><strong><a href=\"https:\/\/en.wikipedia.org\/wiki\/Airbus_A330_MRTT#cite_ref-110\" target=\"_blank\" rel=\"noreferrer noopener\">^<\/a><\/strong>\u00a0<a href=\"https:\/\/archive.today\/20170717225350\/http:\/\/www.nspa.nato.int\/en\/news\/news-20170629-3.htm\" target=\"_blank\" rel=\"noreferrer noopener\">&#8220;More nations join pooled MRTT fleet&#8221;<\/a>.\u00a0<em>NATO Support and Procurement Agency<\/em>. Luxembourg. 29 June 2017. Archived from\u00a0<a href=\"http:\/\/www.nspa.nato.int\/en\/news\/news-20170629-3.htm\" target=\"_blank\" rel=\"noreferrer noopener\">the original<\/a>\u00a0on 17 July 2017.<\/li>\n\n\n\n<li><strong><a href=\"https:\/\/en.wikipedia.org\/wiki\/Airbus_A330_MRTT#cite_ref-111\" target=\"_blank\" rel=\"noreferrer noopener\">^<\/a><\/strong>\u00a0Allison, George (30 June 2017).\u00a0<a href=\"https:\/\/archive.today\/20170717225802\/https:\/\/ukdefencejournal.org.uk\/germany-norway-join-netherlands-luxembourg-operate-pooled-fleet-nato-tankers\/\" target=\"_blank\" rel=\"noreferrer noopener\">&#8220;Germany, Norway join Netherlands and Luxembourg to operate pooled fleet of NATO tankers&#8221;<\/a>.\u00a0<em>UK Defence Journal<\/em>. Archived from\u00a0<a href=\"https:\/\/ukdefencejournal.org.uk\/germany-norway-join-netherlands-luxembourg-operate-pooled-fleet-nato-tankers\/\" target=\"_blank\" rel=\"noreferrer noopener\">the original<\/a>\u00a0on 17 July 2017.<\/li>\n\n\n\n<li><strong><a href=\"https:\/\/en.wikipedia.org\/wiki\/Airbus_A330_MRTT#cite_ref-112\" target=\"_blank\" rel=\"noreferrer noopener\">^<\/a><\/strong>\u00a0<a href=\"https:\/\/www.flightglobal.com\/news\/articles\/germany-norway-sign-for-five-a330-tankers-441497\/\" target=\"_blank\" rel=\"noreferrer noopener\">&#8220;Germany, Norway sign for five A330 tankers&#8221;<\/a>. FlightGlobal. 26 September 2017.\u00a0<a href=\"https:\/\/web.archive.org\/web\/20170927000058\/https:\/\/www.flightglobal.com\/news\/articles\/germany-norway-sign-for-five-a330-tankers-441497\/\" target=\"_blank\" rel=\"noreferrer noopener\">Archived<\/a>\u00a0from the original on 27 September 2017.<\/li>\n\n\n\n<li><strong><a href=\"https:\/\/en.wikipedia.org\/wiki\/Airbus_A330_MRTT#cite_ref-113\" target=\"_blank\" rel=\"noreferrer noopener\">^<\/a><\/strong>\u00a0<a href=\"http:\/\/www.tijd.be\/politiek_economie\/belgie_federaal\/Defensie_wil_840_miljoen_euro_voor_drie_vliegende_tankstations.9624514-3136.art\" target=\"_blank\" rel=\"noreferrer noopener\">&#8220;Defensie wil 840 miljoen euro voor drie vliegende tankstations&#8221;<\/a>.\u00a0<em>Tijd.be<\/em>.\u00a0<a href=\"https:\/\/web.archive.org\/web\/20150623233151\/http:\/\/www.tijd.be\/politiek_economie\/belgie_federaal\/Defensie_wil_840_miljoen_euro_voor_drie_vliegende_tankstations.9624514-3136.art\" target=\"_blank\" rel=\"noreferrer noopener\">Archived<\/a>\u00a0from the original on 23 June 2015. Retrieved\u00a023 April\u00a02015.<\/li>\n\n\n\n<li><strong><a href=\"https:\/\/en.wikipedia.org\/wiki\/Airbus_A330_MRTT#cite_ref-114\" target=\"_blank\" rel=\"noreferrer noopener\">^<\/a><\/strong>\u00a0<a href=\"http:\/\/www.airrecognition.com\/index.php\/archive-world-worldwide-news-air-force-aviation-aerospace-air-military-defence-industry\/global-news-2015\/april\/1686-belgian-defense-ministry-intends-to-buy-3-airbus-a330-mrtt-aircraft.html\" target=\"_blank\" rel=\"noreferrer noopener\">&#8220;Belgian Defense Ministry intends to buy 3 Airbus A330 MRTT aircraft&#8221;.<\/a>\u00a0<a href=\"https:\/\/web.archive.org\/web\/20150623232625\/http:\/\/www.airrecognition.com\/index.php\/archive-world-worldwide-news-air-force-aviation-aerospace-air-military-defence-industry\/global-news-2015\/april\/1686-belgian-defense-ministry-intends-to-buy-3-airbus-a330-mrtt-aircraft.html\" target=\"_blank\" rel=\"noreferrer noopener\">Archived<\/a>\u00a023 June 2015 at the\u00a0<a href=\"https:\/\/en.wikipedia.org\/wiki\/Wayback_Machine\" target=\"_blank\" rel=\"noreferrer noopener\">Wayback Machine<\/a>\u00a0<em>Air Recognition<\/em>. Retrieved: 23 April 2015.<\/li>\n\n\n\n<li><strong><a href=\"https:\/\/en.wikipedia.org\/wiki\/Airbus_A330_MRTT#cite_ref-BelgiumReuters_115-0\" target=\"_blank\" rel=\"noreferrer noopener\">^<\/a><\/strong>\u00a0Bartunek, Robert-Jan; Blenkinsop, Philip (22 December 2017).\u00a0<a href=\"https:\/\/www.reuters.com\/article\/us-belgium-defence\/belgium-to-invest-in-multi-role-tanker-plane-idUSKBN1EG1FB\" target=\"_blank\" rel=\"noreferrer noopener\">&#8220;Belgium to invest in multi-role tanker plane&#8221;<\/a>.\u00a0<em>Reuters<\/em>. Brussels.\u00a0<a href=\"https:\/\/archive.today\/20171228005144\/https:\/\/www.reuters.com\/article\/us-belgium-defence\/belgium-to-invest-in-multi-role-tanker-plane-idUSKBN1EG1FB\" target=\"_blank\" rel=\"noreferrer noopener\">Archived<\/a>\u00a0from the original on 28 December 2017. Retrieved\u00a028 December\u00a02017.<\/li>\n\n\n\n<li><strong><a href=\"https:\/\/en.wikipedia.org\/wiki\/Airbus_A330_MRTT#cite_ref-BelgiumAviationWeek_116-0\" target=\"_blank\" rel=\"noreferrer noopener\">^<\/a><\/strong>\u00a0Osborne, Tony (26 December 2017).\u00a0<a href=\"http:\/\/aviationweek.com\/awindefense\/belgium-signs-european-tanker-fleet-entry\" target=\"_blank\" rel=\"noreferrer noopener\">&#8220;Belgium Signs Off European Tanker Fleet Entry&#8221;<\/a>.\u00a0<em>Aviation Week<\/em>.\u00a0<a href=\"https:\/\/archive.today\/20171228005023\/http:\/\/aviationweek.com\/awindefense\/belgium-signs-european-tanker-fleet-entry\" target=\"_blank\" rel=\"noreferrer noopener\">Archived<\/a>\u00a0from the original on 28 December 2017.<\/li>\n\n\n\n<li><strong><a href=\"https:\/\/en.wikipedia.org\/wiki\/Airbus_A330_MRTT#cite_ref-117\" target=\"_blank\" rel=\"noreferrer noopener\">^<\/a><\/strong>\u00a0Fiorenza, Nicholas (15 February 2018).\u00a0<a href=\"https:\/\/web.archive.org\/web\/20180217115439\/http:\/\/www.janes.com\/article\/77945\/belgium-joins-multinational-mrtt-programme\" target=\"_blank\" rel=\"noreferrer noopener\">&#8220;Belgium joins multinational MRTT programme&#8221;<\/a>.\u00a0<em>IHS Jane&#8217;s 360<\/em>. London. Archived from\u00a0<a href=\"http:\/\/www.janes.com\/article\/77945\/belgium-joins-multinational-mrtt-programme\" target=\"_blank\" rel=\"noreferrer noopener\">the original<\/a>\u00a0on 17 February 2018.<\/li>\n\n\n\n<li><strong><a href=\"https:\/\/en.wikipedia.org\/wiki\/Airbus_A330_MRTT#cite_ref-118\" target=\"_blank\" rel=\"noreferrer noopener\">^<\/a><\/strong>\u00a0<a href=\"https:\/\/www.airrecognition.com\/index.php\/archive-world-worldwide-news-air-force-aviation-aerospace-air-military-defence-industry\/global-defense-security-news\/global-news-2018\/february\/4072-belgium-formally-joins-the-mmf-program.html\" target=\"_blank\" rel=\"noreferrer noopener\">&#8220;Belgium formally joins the MMF program&#8221;<\/a>.\u00a0<em>Air Recognition<\/em>. 14 February 2018.\u00a0<a href=\"https:\/\/web.archive.org\/web\/20180214162120\/https:\/\/www.airrecognition.com\/index.php\/archive-world-worldwide-news-air-force-aviation-aerospace-air-military-defence-industry\/global-defense-security-news\/global-news-2018\/february\/4072-belgium-formally-joins-the-mmf-program.html\" target=\"_blank\" rel=\"noreferrer noopener\">Archived<\/a>\u00a0from the original on 14 February 2018.<\/li>\n\n\n\n<li><strong><a href=\"https:\/\/en.wikipedia.org\/wiki\/Airbus_A330_MRTT#cite_ref-119\" target=\"_blank\" rel=\"noreferrer noopener\">^<\/a><\/strong>\u00a0Egozi, Arie (20 December 2017).\u00a0<a href=\"https:\/\/archive.today\/20171228011736\/https:\/\/www.flightglobal.com\/news\/articles\/j-music-to-protect-nato-tanker-fleet-444358\/\" target=\"_blank\" rel=\"noreferrer noopener\">&#8220;J-Music to protect NATO tanker fleet&#8221;<\/a>.\u00a0<em>Flight Global<\/em>. Tel Aviv. Archived from\u00a0<a href=\"https:\/\/www.flightglobal.com\/news\/articles\/j-music-to-protect-nato-tanker-fleet-444358\/\" target=\"_blank\" rel=\"noreferrer noopener\">the original<\/a>\u00a0on 28 December 2017.<\/li>\n\n\n\n<li><strong><a href=\"https:\/\/en.wikipedia.org\/wiki\/Airbus_A330_MRTT#cite_ref-120\" target=\"_blank\" rel=\"noreferrer noopener\">^<\/a><\/strong>\u00a0Tomkins, Richard (19 December 2017).\u00a0<a href=\"https:\/\/archive.today\/20171228011802\/https:\/\/www.upi.com\/Defense-News\/2017\/12\/19\/NATO-orders-Elbit-infrared-counter-measures-system\/1541513709732\/\" target=\"_blank\" rel=\"noreferrer noopener\">&#8220;NATO orders Elbit infrared counter-measures system&#8221;<\/a>.\u00a0<em>United Press International<\/em>. Archived from\u00a0<a href=\"https:\/\/www.upi.com\/Defense-News\/2017\/12\/19\/NATO-orders-Elbit-infrared-counter-measures-system\/1541513709732\/\" target=\"_blank\" rel=\"noreferrer noopener\">the original<\/a>\u00a0on 28 December 2017.<\/li>\n\n\n\n<li>^\u00a0<a href=\"https:\/\/en.wikipedia.org\/wiki\/Airbus_A330_MRTT#cite_ref-JanesMRTT_121-0\" target=\"_blank\" rel=\"noreferrer noopener\">Jump up to:<\/a><strong><em><a href=\"https:\/\/en.wikipedia.org\/wiki\/Airbus_A330_MRTT#cite_ref-JanesMRTT_121-0\" target=\"_blank\" rel=\"noreferrer noopener\">a<\/a><\/em><\/strong>\u00a0<strong><em><a href=\"https:\/\/en.wikipedia.org\/wiki\/Airbus_A330_MRTT#cite_ref-JanesMRTT_121-1\" target=\"_blank\" rel=\"noreferrer noopener\">b<\/a><\/em><\/strong>\u00a0Tigner, Brooks (13 September 2018).\u00a0<a href=\"https:\/\/web.archive.org\/web\/20180913212651\/https:\/\/www.janes.com\/article\/82968\/europe-urged-to-provide-more-aerial-refuelling-capacity\" target=\"_blank\" rel=\"noreferrer noopener\">&#8220;Europe urged to provide more aerial refuelling capacity&#8221;<\/a>.\u00a0<em>IHS Jane&#8217;s 360<\/em>. Brussels. Archived from\u00a0<a href=\"https:\/\/www.janes.com\/article\/82968\/europe-urged-to-provide-more-aerial-refuelling-capacity\" target=\"_blank\" rel=\"noreferrer noopener\">the original<\/a>\u00a0on 13 September 2018.<\/li>\n\n\n\n<li><strong><a href=\"https:\/\/en.wikipedia.org\/wiki\/Airbus_A330_MRTT#cite_ref-122\" target=\"_blank\" rel=\"noreferrer noopener\">^<\/a><\/strong>\u00a0Jennings, Gareth (24 October 2019).\u00a0<a href=\"https:\/\/web.archive.org\/web\/20191025123831\/https:\/\/www.janes.com\/article\/92166\/czech-republic-joins-eu-nato-mmf-tanker-group\" target=\"_blank\" rel=\"noreferrer noopener\">&#8220;Czech Republic joins EU\/NATO MMF tanker group&#8221;<\/a>.\u00a0<em>IHS Jane&#8217;s 360<\/em>. Archived from\u00a0<a href=\"https:\/\/www.janes.com\/article\/92166\/czech-republic-joins-eu-nato-mmf-tanker-group\" target=\"_blank\" rel=\"noreferrer noopener\">the original<\/a>\u00a0on 25 October 2019.<\/li>\n\n\n\n<li><strong><a href=\"https:\/\/en.wikipedia.org\/wiki\/Airbus_A330_MRTT#cite_ref-123\" target=\"_blank\" rel=\"noreferrer noopener\">^<\/a><\/strong>\u00a0<a href=\"https:\/\/www.nspa.nato.int\/news\/2020\/mrtt-fleet-grows-to-nine-aircraft\" target=\"_blank\" rel=\"noreferrer noopener\">&#8220;MULTINATIONAL MRTT FLEET GROWS TO NINE AIRCRAFT AFTER LUXEMBOURG INCREASED CONTRIBUTION TO FLYING HOURS&#8221;<\/a>. NATO. 28 September 2020.\u00a0<a href=\"https:\/\/archive.today\/20240322075156\/https:\/\/www.nspa.nato.int\/news\/2020\/mrtt-fleet-grows-to-nine-aircraft\" target=\"_blank\" rel=\"noreferrer noopener\">Archived<\/a>\u00a0from the original on 22 March 2024. Retrieved\u00a022 March\u00a02024.<\/li>\n\n\n\n<li><strong><a href=\"https:\/\/en.wikipedia.org\/wiki\/Airbus_A330_MRTT#cite_ref-124\" target=\"_blank\" rel=\"noreferrer noopener\">^<\/a><\/strong>\u00a0<a href=\"https:\/\/web.archive.org\/web\/20201005052129\/https:\/\/www.airbus.com\/newsroom\/press-releases\/en\/2020\/09\/nato-support--procurement-agency-orders-an-additional-airbus-a330-mrtt.html\" target=\"_blank\" rel=\"noreferrer noopener\">&#8220;Airbus: NATO Support &amp; Procurement Agency orders an additional Airbus A330 MRTT&#8221;<\/a>. Airbus. 28 September 2020. Archived from\u00a0<a href=\"https:\/\/www.airbus.com\/newsroom\/press-releases\/en\/2020\/09\/nato-support--procurement-agency-orders-an-additional-airbus-a330-mrtt.html\" target=\"_blank\" rel=\"noreferrer noopener\">the original<\/a>\u00a0on 5 October 2020. Retrieved\u00a022 March\u00a02024.<\/li>\n\n\n\n<li><strong><a href=\"https:\/\/en.wikipedia.org\/wiki\/Airbus_A330_MRTT#cite_ref-125\" target=\"_blank\" rel=\"noreferrer noopener\">^<\/a><\/strong>\u00a0<a href=\"https:\/\/www.nspa.nato.int\/news\/2020\/first-mmf-aircraft-arrives-in-eindhoven-main-operating-base\" target=\"_blank\" rel=\"noreferrer noopener\">&#8220;FIRST MMF AIRCRAFT ARRIVES IN EINDHOVEN MAIN OPERATING BASE&#8221;<\/a>. NATO. 30 June 2020.\u00a0<a href=\"https:\/\/archive.today\/20240322072433\/https:\/\/www.nspa.nato.int\/news\/2020\/first-mmf-aircraft-arrives-in-eindhoven-main-operating-base\" target=\"_blank\" rel=\"noreferrer noopener\">Archived<\/a>\u00a0from the original on 22 March 2024. Retrieved\u00a022 March\u00a02024.<\/li>\n\n\n\n<li><strong><a href=\"https:\/\/en.wikipedia.org\/wiki\/Airbus_A330_MRTT#cite_ref-126\" target=\"_blank\" rel=\"noreferrer noopener\">^<\/a><\/strong>\u00a0<a href=\"https:\/\/web.archive.org\/web\/20221008154435\/http:\/\/www.occar.int\/sixth-mmf-aircraft-delivered-occar-ea?redirect=\/programmes\/mmf%23news\" target=\"_blank\" rel=\"noreferrer noopener\">&#8220;SIXTH MMF AIRCRAFT DELIVERED BY OCCAR-EASIXTH MMF AIRCRAFT DELIVERED BY OCCAR&#8221;<\/a>. NATO. 26 July 2022. Archived from\u00a0<a href=\"http:\/\/www.occar.int\/sixth-mmf-aircraft-delivered-occar-ea?redirect=\/programmes\/mmf%23news\" target=\"_blank\" rel=\"noreferrer noopener\">the original<\/a>\u00a0on 8 October 2022. Retrieved\u00a022 March\u00a02024.<\/li>\n\n\n\n<li><strong><a href=\"https:\/\/en.wikipedia.org\/wiki\/Airbus_A330_MRTT#cite_ref-127\" target=\"_blank\" rel=\"noreferrer noopener\">^<\/a><\/strong>\u00a0<a href=\"https:\/\/web.archive.org\/web\/20221008154437\/http:\/\/www.occar.int\/seventh-and-last-mmf-aircraft-delivered-occar-ea?redirect=\/programmes\/mmf%23news\" target=\"_blank\" rel=\"noreferrer noopener\">&#8220;SEVENTH AND LAST MMF AIRCRAFT DELIVERED BY OCCAR&#8221;<\/a>. NATO. 27 July 2022. Archived from\u00a0<a href=\"http:\/\/www.occar.int\/seventh-and-last-mmf-aircraft-delivered-occar-ea?redirect=\/programmes\/mmf%23news\" target=\"_blank\" rel=\"noreferrer noopener\">the original<\/a>\u00a0on 8 October 2022. Retrieved\u00a08 October\u00a02022.<\/li>\n\n\n\n<li><strong><a href=\"https:\/\/en.wikipedia.org\/wiki\/Airbus_A330_MRTT#cite_ref-128\" target=\"_blank\" rel=\"noreferrer noopener\">^<\/a><\/strong>\u00a0<a href=\"https:\/\/scramble.nl\/military-news\/ioc-for-nato-s-mmf-plus-fleet-expansion\" target=\"_blank\" rel=\"noreferrer noopener\">&#8220;IOC for NATO&#8217;s MMF plus fleet expansion&#8221;<\/a>.\u00a0<em>Scramble<\/em>. 24 March 2023.\u00a0<a href=\"https:\/\/web.archive.org\/web\/20230325170555\/https:\/\/scramble.nl\/military-news\/ioc-for-nato-s-mmf-plus-fleet-expansion\" target=\"_blank\" rel=\"noreferrer noopener\">Archived<\/a>\u00a0from the original on 25 March 2023.<\/li>\n\n\n\n<li><strong><a href=\"https:\/\/en.wikipedia.org\/wiki\/Airbus_A330_MRTT#cite_ref-129\" target=\"_blank\" rel=\"noreferrer noopener\">^<\/a><\/strong>\u00a0<a href=\"https:\/\/www.nspa.nato.int\/news\/2023\/natos-multinational-mrtt-fleet-now-ready-for-full-range-of-missions\" target=\"_blank\" rel=\"noreferrer noopener\">&#8220;NATO&#8217;S MULTINATIONAL MRTT FLEET NOW READY FOR FULL RANGE OF MISSIONS&#8221;<\/a>.\u00a0<em>www.nspa.nato.int<\/em>. 23 March 2023.\u00a0<a href=\"https:\/\/archive.today\/20240322073009\/https:\/\/www.nspa.nato.int\/news\/2023\/natos-multinational-mrtt-fleet-now-ready-for-full-range-of-missions\" target=\"_blank\" rel=\"noreferrer noopener\">Archived<\/a>\u00a0from the original on 22 March 2024. Retrieved\u00a022 March\u00a02024.<\/li>\n\n\n\n<li><strong><a href=\"https:\/\/en.wikipedia.org\/wiki\/Airbus_A330_MRTT#cite_ref-130\" target=\"_blank\" rel=\"noreferrer noopener\">^<\/a><\/strong>\u00a0<a href=\"https:\/\/www.nspa.nato.int\/news\/2023\/natos-multinational-mrtt-fleet-mmf-grows-to-ten-aircraft-\" target=\"_blank\" rel=\"noreferrer noopener\">&#8220;NATO&#8217;S MULTINATIONAL MRTT FLEET (MMF) GROWS TO TEN AIRCRAFT&#8221;<\/a>.\u00a0<em>www.nspa.nato.int<\/em>. 28 March 2023.<\/li>\n\n\n\n<li><strong><a href=\"https:\/\/en.wikipedia.org\/wiki\/Airbus_A330_MRTT#cite_ref-131\" target=\"_blank\" rel=\"noreferrer noopener\">^<\/a><\/strong>\u00a0<a href=\"https:\/\/www.airbus.com\/en\/newsroom\/press-releases\/2023-03-nato-support-and-procurement-agency-orders-additional-airbus-a330\" target=\"_blank\" rel=\"noreferrer noopener\">&#8220;NATO Support and Procurement Agency orders additional Airbus A330 MRTT&#8221;<\/a>.\u00a0<em>Airbus<\/em>. 28 March 2023.\u00a0<a href=\"https:\/\/archive.today\/20230328140857\/https:\/\/www.airbus.com\/en\/newsroom\/press-releases\/2023-03-nato-support-and-procurement-agency-orders-additional-airbus-a330\" target=\"_blank\" rel=\"noreferrer noopener\">Archived<\/a>\u00a0from the original on 28 March 2023. Retrieved\u00a022 March\u00a02024.<\/li>\n\n\n\n<li><strong><a href=\"https:\/\/en.wikipedia.org\/wiki\/Airbus_A330_MRTT#cite_ref-132\" target=\"_blank\" rel=\"noreferrer noopener\">^<\/a><\/strong>\u00a0Stankeviciute, Emilia (12 October 2023).\u00a0<a href=\"https:\/\/www.aerotime.aero\/articles\/dutch-military-aircraft-diverted-during-israel-evacuation\" target=\"_blank\" rel=\"noreferrer noopener\">&#8220;Dutch military plane diverts during evacuation in Israel&#8221;<\/a>.\u00a0<em>Aerotime Hub<\/em>.\u00a0<a href=\"https:\/\/archive.today\/20231017212308\/https:\/\/www.aerotime.aero\/articles\/dutch-military-aircraft-diverted-during-israel-evacuation\" target=\"_blank\" rel=\"noreferrer noopener\">Archived<\/a>\u00a0from the original on 17 October 2023. Retrieved\u00a022 March\u00a02024.<\/li>\n\n\n\n<li><strong><a href=\"https:\/\/en.wikipedia.org\/wiki\/Airbus_A330_MRTT#cite_ref-133\" target=\"_blank\" rel=\"noreferrer noopener\">^<\/a><\/strong>\u00a0<a href=\"https:\/\/www.defensie.nl\/actueel\/nieuws\/2023\/10\/11\/militaire-airbus-vertrokken-naar-tel-aviv-voor-repatriering-nederlanders\" target=\"_blank\" rel=\"noreferrer noopener\">&#8220;Militaire Airbus vertrokken naar Tel Aviv voor repatri\u00ebring Nederlanders &#8211; Nieuwsbericht&#8221;<\/a>\u00a0[Military Airbus left for Tel Aviv for repatriation of Dutch people].\u00a0<em>Dutch Ministry of Defense<\/em>\u00a0(in Dutch). 11 October 2023.\u00a0<a href=\"https:\/\/archive.today\/20240322073309\/https:\/\/www.defensie.nl\/actueel\/nieuws\/2023\/10\/11\/militaire-airbus-vertrokken-naar-tel-aviv-voor-repatriering-nederlanders\" target=\"_blank\" rel=\"noreferrer noopener\">Archived<\/a>\u00a0from the original on 22 March 2024.<\/li>\n\n\n\n<li><strong><a href=\"https:\/\/en.wikipedia.org\/wiki\/Airbus_A330_MRTT#cite_ref-134\" target=\"_blank\" rel=\"noreferrer noopener\">^<\/a><\/strong>\u00a0Ediciones El Pa\u00eds (31 January 2014).\u00a0<a href=\"http:\/\/politica.elpais.com\/politica\/2014\/01\/31\/actualidad\/1391192871_007333.html\" target=\"_blank\" rel=\"noreferrer noopener\">&#8220;Un Airbus 330 cisterna ser\u00e1 el &#8216;tercer avi\u00f3n del Pr\u00edncipe'&#8221;<\/a>.\u00a0<em>EL PA\u00cdS<\/em>\u00a0(in Spanish).\u00a0<a href=\"https:\/\/web.archive.org\/web\/20140201161451\/http:\/\/politica.elpais.com\/politica\/2014\/01\/31\/actualidad\/1391192871_007333.html\" target=\"_blank\" rel=\"noreferrer noopener\">Archived<\/a>\u00a0from the original on 1 February 2014. [An Airbus 330 tanker will be the &#8216;Prince&#8217;s third plane&#8217;]<\/li>\n\n\n\n<li><strong><a href=\"https:\/\/en.wikipedia.org\/wiki\/Airbus_A330_MRTT#cite_ref-135\" target=\"_blank\" rel=\"noreferrer noopener\">^<\/a><\/strong>\u00a0Infodefensa (6 October 2014).\u00a0<a href=\"http:\/\/www.infodefensa.com\/es\/2014\/10\/06\/noticia-defensa-busca-cambiar-a400m-aviones-reabastecimiento.html\" target=\"_blank\" rel=\"noreferrer noopener\">&#8220;Defensa busca cambiar A400M por aviones de reabastecimiento MRTT&#8221;<\/a>\u00a0[Defense seeks to change A400M for MRTT refueling aircraft].\u00a0<em>infodefensa.com<\/em>\u00a0(in Spanish).\u00a0<a href=\"https:\/\/web.archive.org\/web\/20141009193548\/http:\/\/www.infodefensa.com\/es\/2014\/10\/06\/noticia-defensa-busca-cambiar-a400m-aviones-reabastecimiento.html\" target=\"_blank\" rel=\"noreferrer noopener\">Archived<\/a>\u00a0from the original on 9 October 2014. Retrieved\u00a022 March\u00a02024.<\/li>\n\n\n\n<li><strong><a href=\"https:\/\/en.wikipedia.org\/wiki\/Airbus_A330_MRTT#cite_ref-136\" target=\"_blank\" rel=\"noreferrer noopener\">^<\/a><\/strong>\u00a0<a href=\"http:\/\/www.infodefensa.com\/es\/2014\/10\/20\/noticia-antonio-rodriguez-barberan-director-comercial-military-aircraft-unica-manera-mantener.html\" target=\"_blank\" rel=\"noreferrer noopener\">&#8220;Antonio Rodr\u00edguez Barber\u00e1n, director comercial de Military Aircraft: &#8220;La propuesta del Ministerio de cambiar A400M por A330 MRTT es un tema complejo pero lo estudiaremos&#8221;&#8221;<\/a>. Infodefensa. 20 October 2014.\u00a0<a href=\"https:\/\/web.archive.org\/web\/20141024012400\/http:\/\/www.infodefensa.com\/es\/2014\/10\/20\/noticia-antonio-rodriguez-barberan-director-comercial-military-aircraft-unica-manera-mantener.html\" target=\"_blank\" rel=\"noreferrer noopener\">Archived<\/a>\u00a0from the original on 24 October 2014.<\/li>\n\n\n\n<li><strong><a href=\"https:\/\/en.wikipedia.org\/wiki\/Airbus_A330_MRTT#cite_ref-137\" target=\"_blank\" rel=\"noreferrer noopener\">^<\/a><\/strong>\u00a0Defensa.com (8 September 2020).\u00a0<a href=\"https:\/\/www.defensa.com\/espana\/tres-a330-mrtt-para-ejercito-aire-espanol-seran-comprados-iberia\" target=\"_blank\" rel=\"noreferrer noopener\">&#8220;Los tres A330 MRTT para el Ej\u00e9rcito del Aire espa\u00f1ol ser\u00e1n comprados a Iberia&#8221;<\/a>\u00a0[The three A330 MRTT for the Spanish Air Force will be purchased from Iberia].\u00a0<em>defensa.com<\/em>\u00a0(in Spanish).\u00a0<a href=\"https:\/\/archive.today\/20240322073703\/https:\/\/www.defensa.com\/espana\/tres-a330-mrtt-para-ejercito-aire-espanol-seran-comprados-iberia\" target=\"_blank\" rel=\"noreferrer noopener\">Archived<\/a>\u00a0from the original on 22 March 2024. Retrieved\u00a022 March\u00a02024.<\/li>\n\n\n\n<li>^\u00a0<a href=\"https:\/\/en.wikipedia.org\/wiki\/Airbus_A330_MRTT#cite_ref-SpainMRTT_138-0\" target=\"_blank\" rel=\"noreferrer noopener\">Jump up to:<\/a><strong><em><a href=\"https:\/\/en.wikipedia.org\/wiki\/Airbus_A330_MRTT#cite_ref-SpainMRTT_138-0\" target=\"_blank\" rel=\"noreferrer noopener\">a<\/a><\/em><\/strong>\u00a0<strong><em><a href=\"https:\/\/en.wikipedia.org\/wiki\/Airbus_A330_MRTT#cite_ref-SpainMRTT_138-1\" target=\"_blank\" rel=\"noreferrer noopener\">b<\/a><\/em><\/strong>\u00a0<a href=\"https:\/\/www.airbus.com\/en\/newsroom\/press-releases\/2021-11-spanish-ministry-of-defence-signs-order-for-three-airbus-a330-mrtt\" target=\"_blank\" rel=\"noreferrer noopener\">&#8220;Spanish Ministry of Defence signs order for three Airbus A330 MRTT&#8221;<\/a>. Airbus.com. 12 November 2021.\u00a0<a href=\"https:\/\/web.archive.org\/web\/20211112143620\/https:\/\/www.airbus.com\/en\/newsroom\/press-releases\/2021-11-spanish-ministry-of-defence-signs-order-for-three-airbus-a330-mrtt\" target=\"_blank\" rel=\"noreferrer noopener\">Archived<\/a>\u00a0from the original on 12 November 2021.<\/li>\n\n\n\n<li><strong><a href=\"https:\/\/en.wikipedia.org\/wiki\/Airbus_A330_MRTT#cite_ref-139\" target=\"_blank\" rel=\"noreferrer noopener\">^<\/a><\/strong>\u00a0<a href=\"https:\/\/www.aeroin.net\/bolsonaro-anuncia-compra-de-dois-airbus-a330-para-a-forca-aerea\" target=\"_blank\" rel=\"noreferrer noopener\">&#8220;Bolsonaro anuncia compra de dois Airbus A330 para a For\u00e7a A\u00e9rea&#8221;<\/a>.\u00a0<em>Aeroin<\/em>\u00a0(in Portuguese). 29 January 2021.\u00a0<a href=\"https:\/\/archive.today\/20240322074009\/https:\/\/aeroin.net\/bolsonaro-anuncia-compra-de-dois-airbus-a330-para-a-forca-aerea\/\" target=\"_blank\" rel=\"noreferrer noopener\">Archived<\/a>\u00a0from the original on 22 March 2024. Retrieved\u00a022 March\u00a02024. [Bolsonaro announces purchase of two Airbus A330s for the Air Force]<\/li>\n\n\n\n<li><strong><a href=\"https:\/\/en.wikipedia.org\/wiki\/Airbus_A330_MRTT#cite_ref-140\" target=\"_blank\" rel=\"noreferrer noopener\">^<\/a><\/strong>\u00a0<a href=\"https:\/\/aeromagazine.uol.com.br\/artigo\/ministerio-da-defesa-da-sinal-verde-para-fab-adquirir-duas-aeronaves-de-reabastecimento-em-voo_6662.html\" target=\"_blank\" rel=\"noreferrer noopener\">&#8220;FAB recebe sinal verde para comprar novos avi\u00f5es&#8221;<\/a>\u00a0[FAB receives green light to buy new planes].\u00a0<em>Aero Magazine<\/em>\u00a0(in Portuguese). 13 May 2021.\u00a0<a href=\"https:\/\/archive.today\/20220307152802\/https:\/\/aeromagazine.uol.com.br\/artigo\/ministerio-da-defesa-da-sinal-verde-para-fab-adquirir-duas-aeronaves-de-reabastecimento-em-voo_6662.html\" target=\"_blank\" rel=\"noreferrer noopener\">Archived<\/a>\u00a0from the original on 7 March 2022. Retrieved\u00a022 March\u00a02024.<\/li>\n\n\n\n<li><strong><a href=\"https:\/\/en.wikipedia.org\/wiki\/Airbus_A330_MRTT#cite_ref-141\" target=\"_blank\" rel=\"noreferrer noopener\">^<\/a><\/strong>\u00a0<a href=\"https:\/\/veja.abril.com.br\/blog\/radar\/governo-bolsonaro-vai-comprar-dois-avioes-usados-para-a-fab\/\" target=\"_blank\" rel=\"noreferrer noopener\">&#8220;Governo Bolsonaro vai comprar dois avi\u00f5es usados para a FAB&#8221;<\/a>\u00a0[Bolsonaro government will buy two used planes for the FAB].\u00a0<em>Veja<\/em>\u00a0(in Portuguese). 14 May 2021.\u00a0<a href=\"https:\/\/archive.today\/20240322075909\/https:\/\/veja.abril.com.br\/coluna\/radar\/governo-bolsonaro-vai-comprar-dois-avioes-usados-para-a-fab\" target=\"_blank\" rel=\"noreferrer noopener\">Archived<\/a>\u00a0from the original on 22 March 2024. Retrieved\u00a022 March\u00a02024.<\/li>\n\n\n\n<li><strong><a href=\"https:\/\/en.wikipedia.org\/wiki\/Airbus_A330_MRTT#cite_ref-142\" target=\"_blank\" rel=\"noreferrer noopener\">^<\/a><\/strong>\u00a0<a href=\"https:\/\/www.defesaaereanaval.com.br\/artigos\/adido-de-defesa-britanico-explica-a-revisao-integrada-de-defesa-e-seguranca-e-fala-sobre-o-mrtt-para-o-brasil\" target=\"_blank\" rel=\"noreferrer noopener\">&#8220;Adido de Defesa brit\u00e2nico explica a Revis\u00e3o Integrada de Defesa e Seguran\u00e7a e fala sobre o MRTT para o Brasil&#8221;<\/a>\u00a0[British Defense Attach\u00e9 explains the Integrated Defense and Security Review and talks about the MRTT for Brazil].\u00a0<em>Defesa A\u00e9rea e Naval<\/em>\u00a0(in Portuguese). 30 June 2021.\u00a0<a href=\"https:\/\/archive.today\/20220307152504\/https:\/\/www.defesaaereanaval.com.br\/artigos\/adido-de-defesa-britanico-explica-a-revisao-integrada-de-defesa-e-seguranca-e-fala-sobre-o-mrtt-para-o-brasil\" target=\"_blank\" rel=\"noreferrer noopener\">Archived<\/a>\u00a0from the original on 7 March 2022. Retrieved\u00a022 March\u00a02024.<\/li>\n\n\n\n<li><strong><a href=\"https:\/\/en.wikipedia.org\/wiki\/Airbus_A330_MRTT#cite_ref-143\" target=\"_blank\" rel=\"noreferrer noopener\">^<\/a><\/strong>\u00a0<a href=\"https:\/\/www2.fab.mil.br\/cabw\/index.php\/en\/ultimas-noticias\/464-ifb-no-220004-cabw-2022-kcx3\" target=\"_blank\" rel=\"noreferrer noopener\">&#8220;IFB No. 220004\/CABW\/2022 &#8211; KCX3&#8221;<\/a>.\u00a0<em>Brazilian Air Force<\/em>. 27 January 2022.\u00a0<a href=\"https:\/\/archive.today\/20240322074335\/https:\/\/www2.fab.mil.br\/cabw\/index.php\/en\/ultimas-noticias\/464-ifb-no-220004-cabw-2022-kcx3\" target=\"_blank\" rel=\"noreferrer noopener\">Archived<\/a>\u00a0from the original on 22 March 2024. Retrieved\u00a022 March\u00a02024.<\/li>\n\n\n\n<li>^\u00a0<a href=\"https:\/\/en.wikipedia.org\/wiki\/Airbus_A330_MRTT#cite_ref-Folha_de_S.Paulo_144-0\" target=\"_blank\" rel=\"noreferrer noopener\">Jump up to:<\/a><strong><em><a href=\"https:\/\/en.wikipedia.org\/wiki\/Airbus_A330_MRTT#cite_ref-Folha_de_S.Paulo_144-0\" target=\"_blank\" rel=\"noreferrer noopener\">a<\/a><\/em><\/strong>\u00a0<strong><em><a href=\"https:\/\/en.wikipedia.org\/wiki\/Airbus_A330_MRTT#cite_ref-Folha_de_S.Paulo_144-1\" target=\"_blank\" rel=\"noreferrer noopener\">b<\/a><\/em><\/strong>\u00a0Igor Gielow (27 January 2022).\u00a0<a href=\"https:\/\/www1.folha.uol.com.br\/poder\/2022\/01\/fab-quer-comprar-dois-cargueiros-de-longo-alcance-por-r-437-milhoes.shtml\" target=\"_blank\" rel=\"noreferrer noopener\">&#8220;FAB quer comprar dois cargueiros de longo alcance por R$ 437 milh\u00f5es&#8221;<\/a>\u00a0[FAB wants to buy two long-range freighters for R$437 million].\u00a0<em><a href=\"https:\/\/en.wikipedia.org\/wiki\/Folha_de_S%C3%A3o_Paulo\" target=\"_blank\" rel=\"noreferrer noopener\">Folha de S\u00e3o Paulo<\/a><\/em>\u00a0(in Portuguese).\u00a0<a href=\"https:\/\/archive.today\/20220307153423\/https:\/\/www1.folha.uol.com.br\/poder\/2022\/01\/fab-quer-comprar-dois-cargueiros-de-longo-alcance-por-r-437-milhoes.shtml\" target=\"_blank\" rel=\"noreferrer noopener\">Archived<\/a>\u00a0from the original on 7 March 2022. Retrieved\u00a022 March\u00a02024.<\/li>\n\n\n\n<li>^\u00a0<a href=\"https:\/\/en.wikipedia.org\/wiki\/Airbus_A330_MRTT#cite_ref-Brazil_order_145-0\" target=\"_blank\" rel=\"noreferrer noopener\">Jump up to:<\/a><strong><em><a href=\"https:\/\/en.wikipedia.org\/wiki\/Airbus_A330_MRTT#cite_ref-Brazil_order_145-0\" target=\"_blank\" rel=\"noreferrer noopener\">a<\/a><\/em><\/strong>\u00a0<strong><em><a href=\"https:\/\/en.wikipedia.org\/wiki\/Airbus_A330_MRTT#cite_ref-Brazil_order_145-1\" target=\"_blank\" rel=\"noreferrer noopener\">b<\/a><\/em><\/strong>\u00a0<a href=\"https:\/\/www.in.gov.br\/web\/dou\/-\/resultado-de-julgamento-licitacao-n-220004\/cabw\/2022-391123412\" target=\"_blank\" rel=\"noreferrer noopener\">&#8220;RESULTADO DE JULGAMENTO LICITA\u00c7\u00c3O N\u00ba 220004\/CABW\/2022&#8221;<\/a>\u00a0[RESULT OF JUDGMENT BIDDING No. 220004\/CABW\/2022].\u00a0<em>Gov.br<\/em>\u00a0(in Portuguese). 6 April 2022.<\/li>\n\n\n\n<li>^\u00a0<a href=\"https:\/\/en.wikipedia.org\/wiki\/Airbus_A330_MRTT#cite_ref-Brazil_order_2_146-0\" target=\"_blank\" rel=\"noreferrer noopener\">Jump up to:<\/a><strong><em><a href=\"https:\/\/en.wikipedia.org\/wiki\/Airbus_A330_MRTT#cite_ref-Brazil_order_2_146-0\" target=\"_blank\" rel=\"noreferrer noopener\">a<\/a><\/em><\/strong>\u00a0<strong><em><a href=\"https:\/\/en.wikipedia.org\/wiki\/Airbus_A330_MRTT#cite_ref-Brazil_order_2_146-1\" target=\"_blank\" rel=\"noreferrer noopener\">b<\/a><\/em><\/strong>\u00a0<a href=\"https:\/\/www.infodefensa.com\/texto-diario\/mostrar\/3534296\/fuerza-aerea-brasilena-confirma-compra-airbus-a330-200-805-millones-dolares\" target=\"_blank\" rel=\"noreferrer noopener\">&#8220;Brasil adquiere dos aviones A330-200 a Azul Linhas A\u00e9reas por 80,5 millones de d\u00f3lares&#8221;<\/a>\u00a0[Brazil acquires two A330-200 aircraft from Azul Brazilian Airlines for 80.5 million dollars].\u00a0<em>Infodefensa<\/em>\u00a0(in Spanish). 6 April 2022.\u00a0<a href=\"https:\/\/archive.today\/20240322074703\/https:\/\/www.infodefensa.com\/texto-diario\/mostrar\/3534296\/fuerza-aerea-brasilena-confirma-compra-airbus-a330-200-805-millones-dolares\" target=\"_blank\" rel=\"noreferrer noopener\">Archived<\/a>\u00a0from the original on 22 March 2024. Retrieved\u00a022 March\u00a02024.<\/li>\n\n\n\n<li><strong><a href=\"https:\/\/en.wikipedia.org\/wiki\/Airbus_A330_MRTT#cite_ref-147\" target=\"_blank\" rel=\"noreferrer noopener\">^<\/a><\/strong>\u00a0<a href=\"https:\/\/forcaaerea.com.br\/kc-x3-fab-abre-licitacao-para-comprar-dois-airbus-a330\/\" target=\"_blank\" rel=\"noreferrer noopener\">&#8220;KC-X3: FAB abre licita\u00e7\u00e3o para comprar dois Airbus A330&#8221;<\/a>.\u00a0<em>Revista For\u00e7a A\u00e9rea<\/em>\u00a0(in Portuguese). 27 January 2022.<\/li>\n\n\n\n<li><strong><a href=\"https:\/\/en.wikipedia.org\/wiki\/Airbus_A330_MRTT#cite_ref-148\" target=\"_blank\" rel=\"noreferrer noopener\">^<\/a><\/strong>\u00a0<a href=\"https:\/\/www.fab.mil.br\/noticias\/mostra\/39491\/KC-30%20-%20Nova%20aeronave%20KC-30%20%C3%A9%20incorporada%20%C3%A0%20For%C3%A7a%20A%C3%A9rea%20Brasileira%20(FAB)\" target=\"_blank\" rel=\"noreferrer noopener\">&#8220;Nova aeronave KC-30 \u00e9 incorporada \u00e0 For\u00e7a A\u00e9rea Brasileira (FAB) &#8211; For\u00e7a A\u00e9rea Brasileira&#8221;<\/a>\u00a0[New KC-30 aircraft is incorporated into the Brazilian Air Force (FAB)].\u00a0<em>www.fab.mil.br<\/em>.\u00a0<a href=\"https:\/\/archive.today\/20240322080240\/https:\/\/www.fab.mil.br\/noticias\/mostra\/39491\/KC-30%20-%20Nova%20aeronave%20KC-30%20%C3%A9%20incorporada%20%C3%A0%20For%C3%A7a%20A%C3%A9rea%20Brasileira%20(FAB)\" target=\"_blank\" rel=\"noreferrer noopener\">Archived<\/a>\u00a0from the original on 22 March 2024. Retrieved\u00a018 October\u00a02023.<\/li>\n\n\n\n<li><strong><a href=\"https:\/\/en.wikipedia.org\/wiki\/Airbus_A330_MRTT#cite_ref-149\" target=\"_blank\" rel=\"noreferrer noopener\">^<\/a><\/strong>\u00a0Pugliese, David (1 April 2021).\u00a0<a href=\"https:\/\/ottawacitizen.com\/news\/national\/defence-watch\/airbus-deemed-only-qualified-supplier-for-new-rcaf-refueling-and-vip-aircraft\" target=\"_blank\" rel=\"noreferrer noopener\">&#8220;Airbus deemed only qualified supplier for new RCAF refueling and VIP aircraft&#8221;<\/a>.\u00a0<em>Ottawa Citizen<\/em>.<\/li>\n\n\n\n<li><strong><a href=\"https:\/\/en.wikipedia.org\/wiki\/Airbus_A330_MRTT#cite_ref-150\" target=\"_blank\" rel=\"noreferrer noopener\">^<\/a><\/strong>\u00a0<a href=\"https:\/\/simpleflying.com\/airbus-a330-canadian-government-jet\" target=\"_blank\" rel=\"noreferrer noopener\">&#8220;Airbus A330 Variant Set To Become Next Canadian Government Jet&#8221;<\/a>.\u00a0<em>simpleflying.com<\/em>. 2 April 2021.<\/li>\n\n\n\n<li><strong><a href=\"https:\/\/en.wikipedia.org\/wiki\/Airbus_A330_MRTT#cite_ref-Canada_151-0\" target=\"_blank\" rel=\"noreferrer noopener\">^<\/a><\/strong>\u00a0<a href=\"https:\/\/www.canada.ca\/en\/department-national-defence\/news\/2022\/07\/canada-moves-forward-with-the-acquisition-of-aircraft-for-the-royal-canadian-air-force.html\" target=\"_blank\" rel=\"noreferrer noopener\">&#8220;Canada moves forward with the acquisition of aircraft for the Royal Canadian Air Force&#8221;<\/a>.\u00a0<em>Government of Canada<\/em>. Ottawa. 14 July 2022.\u00a0<a href=\"https:\/\/web.archive.org\/web\/20220715190605\/https:\/\/www.canada.ca\/en\/department-national-defence\/news\/2022\/07\/canada-moves-forward-with-the-acquisition-of-aircraft-for-the-royal-canadian-air-force.html\" target=\"_blank\" rel=\"noreferrer noopener\">Archived<\/a>\u00a0from the original on 15 July 2022. Retrieved\u00a015 July\u00a02022.<\/li>\n\n\n\n<li><strong><a href=\"https:\/\/en.wikipedia.org\/wiki\/Airbus_A330_MRTT#cite_ref-152\" target=\"_blank\" rel=\"noreferrer noopener\">^<\/a><\/strong>\u00a0<a href=\"https:\/\/www.cbc.ca\/news\/politics\/ottawa-airbus-contract-1.6917680\" target=\"_blank\" rel=\"noreferrer noopener\">&#8220;Ottawa buying nine Airbus planes to replace Polaris fleet, including prime minister&#8217;s plane&#8221;<\/a>.\u00a0<em>CBC<\/em>. 25 July 2023. Retrieved\u00a08 August\u00a02023.<\/li>\n\n\n\n<li><strong><a href=\"https:\/\/en.wikipedia.org\/wiki\/Airbus_A330_MRTT#cite_ref-Skies_153-0\" target=\"_blank\" rel=\"noreferrer noopener\">^<\/a><\/strong>\u00a0<a href=\"https:\/\/skiesmag.com\/news\/canada-takes-delivery-first-rcaf-cc-330-husky-aircraft\/\" target=\"_blank\" rel=\"noreferrer noopener\">&#8220;Canada takes delivery of first CC-330 Husky aircraft&#8221;<\/a>.\u00a0<em>Skies Magazine<\/em>. 6 September 2023. Retrieved\u00a01 October\u00a02023.<\/li>\n\n\n\n<li><strong><a href=\"https:\/\/en.wikipedia.org\/wiki\/Airbus_A330_MRTT#cite_ref-154\" target=\"_blank\" rel=\"noreferrer noopener\">^<\/a><\/strong>\u00a0Rahmat, Ridzwan (18 January 2018).\u00a0<a href=\"https:\/\/archive.today\/20180119200042\/http:\/\/www.janes.com\/article\/77173\/indonesia-puts-kc-46a-pegasus-airbus-a330-in-frame-for-aerial-tanker-requirement\" target=\"_blank\" rel=\"noreferrer noopener\">&#8220;Indonesia puts KC-46A Pegasus, Airbus A330 in frame for aerial tanker requirement&#8221;<\/a>.\u00a0<em>IHS Jane&#8217;s 360<\/em>. Singapore. Archived from\u00a0<a href=\"http:\/\/www.janes.com\/article\/77173\" target=\"_blank\" rel=\"noreferrer noopener\">the original<\/a>\u00a0on 19 January 2018.<\/li>\n\n\n\n<li><strong><a href=\"https:\/\/en.wikipedia.org\/wiki\/Airbus_A330_MRTT#cite_ref-155\" target=\"_blank\" rel=\"noreferrer noopener\">^<\/a><\/strong>\u00a0Setjen Kemhan, Biro Humas (5 September 2023).\u00a0<a href=\"https:\/\/www.kemhan.go.id\/2023\/09\/05\/wamenhan-m-herindra-terima-delegasi-airbus-bahas-perkuatan-alutsista-tni.html\" target=\"_blank\" rel=\"noreferrer noopener\">&#8220;Wamenhan M. Herindra Terima Delegasi Airbus, Bahas Perkuatan Alutsista TNI&#8221;<\/a>\u00a0[Deputy Minister of Defense M. Herindra Receives Airbus Delegation, Discusses Strengthening TNI Defense Equipment].\u00a0<em>Kementerian Pertahanan Republik Indonesia<\/em>\u00a0(in Indonesian). Retrieved\u00a05 September\u00a02023.<\/li>\n\n\n\n<li><strong><a href=\"https:\/\/en.wikipedia.org\/wiki\/Airbus_A330_MRTT#cite_ref-156\" target=\"_blank\" rel=\"noreferrer noopener\">^<\/a><\/strong>\u00a0<a href=\"https:\/\/web.archive.org\/web\/20120229201832\/http:\/\/www.dailypost.co.uk\/business-news\/business-news\/2009\/05\/28\/airbus-wins-an-order-from-india-for-its-airborne-refuelling-tanker-jet-55578-23729926\/\" target=\"_blank\" rel=\"noreferrer noopener\">&#8220;Airbus wins an order from India for its airborne refuelling tanker jet&#8221;<\/a>.\u00a0<em>The Daily Post<\/em>. 26 May 2009. Archived from\u00a0<a href=\"http:\/\/www.dailypost.co.uk\/business-news\/business-news\/2009\/05\/28\/airbus-wins-an-order-from-india-for-its-airborne-refuelling-tanker-jet-55578-23729926\/\" target=\"_blank\" rel=\"noreferrer noopener\">the original<\/a>\u00a0on 29 February 2012.<\/li>\n\n\n\n<li><strong><a href=\"https:\/\/en.wikipedia.org\/wiki\/Airbus_A330_MRTT#cite_ref-157\" target=\"_blank\" rel=\"noreferrer noopener\">^<\/a><\/strong>\u00a0Press Trust of India (6 January 2010).\u00a0<a href=\"https:\/\/www.business-standard.com\/article\/economy-policy\/iaf-s-rs-6000-cr-refuelling-aircraft-tender-cancelled-110010600206_1.html\" target=\"_blank\" rel=\"noreferrer noopener\">&#8220;IAF&#8217;s Rs 6000-cr refuelling aircraft tender cancelled&#8221;<\/a>.\u00a0<em>Business Standard India<\/em>\u00a0\u2013 via Business Standard.<\/li>\n\n\n\n<li><strong><a href=\"https:\/\/en.wikipedia.org\/wiki\/Airbus_A330_MRTT#cite_ref-158\" target=\"_blank\" rel=\"noreferrer noopener\">^<\/a><\/strong>\u00a0Mathews, Neelam.\u00a0<a href=\"http:\/\/www.aviationweek.com\/awin\/ArticlesStory.aspx?id=\/article-xml\/asd_01_12_2010_p02-01-195798.xml\" target=\"_blank\" rel=\"noreferrer noopener\">&#8220;Cancellation Of Indian Midair Refuelers Concerns Industry&#8221;<\/a>\u00a0(subscription article).\u00a0<em>Aviation Week<\/em>, 12 January 2010.<\/li>\n\n\n\n<li><strong><a href=\"https:\/\/en.wikipedia.org\/wiki\/Airbus_A330_MRTT#cite_ref-159\" target=\"_blank\" rel=\"noreferrer noopener\">^<\/a><\/strong>\u00a0<a href=\"https:\/\/archive.today\/20130121154133\/http:\/\/www.defensenews.com\/article\/20121031\/DEFREG03\/310310007\/Airbus-Wins-India-8217-s-Tanker-Rebid?odyssey=nav\" target=\"_blank\" rel=\"noreferrer noopener\">&#8220;Airbus Wins India&#8217;s Tanker Rebid&#8221;<\/a>. Defensenews.com. Archived from\u00a0<a href=\"http:\/\/www.defensenews.com\/article\/20121031\/DEFREG03\/310310007\/Airbus-Wins-India-8217-s-Tanker-Rebid?odyssey=nav\" target=\"_blank\" rel=\"noreferrer noopener\">the original<\/a>\u00a0on 21 January 2013. Retrieved\u00a012 February\u00a02014.<\/li>\n\n\n\n<li><strong><a href=\"https:\/\/en.wikipedia.org\/wiki\/Airbus_A330_MRTT#cite_ref-160\" target=\"_blank\" rel=\"noreferrer noopener\">^<\/a><\/strong>\u00a0<a href=\"http:\/\/www.flightglobal.com\/news\/articles\/india-selects-airbus-military-mrtt-for-six-aircraft-deal-380740\/\" target=\"_blank\" rel=\"noreferrer noopener\">&#8220;India selects Airbus Military MRTT for six-aircraft deal&#8221;<\/a>. Flight Global. 7 January 2013.\u00a0<a href=\"https:\/\/web.archive.org\/web\/20130606134933\/http:\/\/www.flightglobal.com\/news\/articles\/india-selects-airbus-military-mrtt-for-six-aircraft-deal-380740\/\" target=\"_blank\" rel=\"noreferrer noopener\">Archived<\/a>\u00a0from the original on 6 June 2013.<\/li>\n\n\n\n<li><strong><a href=\"https:\/\/en.wikipedia.org\/wiki\/Airbus_A330_MRTT#cite_ref-161\" target=\"_blank\" rel=\"noreferrer noopener\">^<\/a><\/strong>\u00a0<a href=\"http:\/\/www.janes.com\/article\/62543\/indian-defence-ministry-scraps-mrtt-tender-for-second-time\" target=\"_blank\" rel=\"noreferrer noopener\">&#8220;Indian defence ministry scraps MRTT tender for second time&#8221;<\/a>.\u00a0<em>IHS Jane&#8217;s 360<\/em>.\u00a0<a href=\"https:\/\/web.archive.org\/web\/20160728231838\/http:\/\/www.janes.com\/article\/62543\/indian-defence-ministry-scraps-mrtt-tender-for-second-time\" target=\"_blank\" rel=\"noreferrer noopener\">Archived<\/a>\u00a0from the original on 28 July 2016. Retrieved\u00a029 July\u00a02016.<\/li>\n\n\n\n<li><strong><a href=\"https:\/\/en.wikipedia.org\/wiki\/Airbus_A330_MRTT#cite_ref-162\" target=\"_blank\" rel=\"noreferrer noopener\">^<\/a><\/strong>\u00a0Raghuvanshi, Vivek (26 January 2018).\u00a0<a href=\"https:\/\/www.defensenews.com\/air\/2018\/01\/26\/third-times-the-charm-india-again-attempts-to-buy-midair-refuelers\/\" target=\"_blank\" rel=\"noreferrer noopener\">&#8220;Third time&#8217;s the charm? India again attempts to buy midair refuelers&#8221;<\/a>.\u00a0<em>Defense News<\/em>. New Delhi.\u00a0<a href=\"https:\/\/archive.today\/20180127161916\/https:\/\/www.defensenews.com\/air\/2018\/01\/26\/third-times-the-charm-india-again-attempts-to-buy-midair-refuelers\/\" target=\"_blank\" rel=\"noreferrer noopener\">Archived<\/a>\u00a0from the original on 27 January 2018.<\/li>\n\n\n\n<li><strong><a href=\"https:\/\/en.wikipedia.org\/wiki\/Airbus_A330_MRTT#cite_ref-163\" target=\"_blank\" rel=\"noreferrer noopener\">^<\/a><\/strong>\u00a0Joshi, Saurabh (15 February 2018).\u00a0<a href=\"https:\/\/www.stratpost.com\/boeing-kc-46-airbus-a330-mrtt-iaf-tanker-contest\/\" target=\"_blank\" rel=\"noreferrer noopener\">&#8220;Boeing KC-46, Airbus A330 MRTT in IAF tanker contest&#8221;<\/a>.\u00a0<em>StratPost<\/em>. New Delhi.\u00a0<a href=\"https:\/\/web.archive.org\/web\/20180217211042\/https:\/\/www.stratpost.com\/boeing-kc-46-airbus-a330-mrtt-iaf-tanker-contest\/\" target=\"_blank\" rel=\"noreferrer noopener\">Archived<\/a>\u00a0from the original on 17 February 2018.<\/li>\n\n\n\n<li><strong><a href=\"https:\/\/en.wikipedia.org\/wiki\/Airbus_A330_MRTT#cite_ref-indiaawacs_164-0\" target=\"_blank\" rel=\"noreferrer noopener\">^<\/a><\/strong>\u00a0<a href=\"https:\/\/web.archive.org\/web\/20180305202640\/https:\/\/economictimes.indiatimes.com\/news\/defence\/next-gen-a-330-awacs-to-have-mid-air-refuelling-capability\/articleshow\/61862710.cms\" target=\"_blank\" rel=\"noreferrer noopener\">&#8220;Next-Gen [<\/a><em><a href=\"https:\/\/web.archive.org\/web\/20180305202640\/https:\/\/economictimes.indiatimes.com\/news\/defence\/next-gen-a-330-awacs-to-have-mid-air-refuelling-capability\/articleshow\/61862710.cms\" target=\"_blank\" rel=\"noreferrer noopener\">sic<\/a><\/em><a href=\"https:\/\/web.archive.org\/web\/20180305202640\/https:\/\/economictimes.indiatimes.com\/news\/defence\/next-gen-a-330-awacs-to-have-mid-air-refuelling-capability\/articleshow\/61862710.cms\" target=\"_blank\" rel=\"noreferrer noopener\">] AWACS to have mid-air refuelling capability&#8221;<\/a>.\u00a0<em>The Economic Times<\/em>. 30 November 2017. Archived from\u00a0<a href=\"https:\/\/economictimes.indiatimes.com\/news\/defence\/next-gen-a-330-awacs-to-have-mid-air-refuelling-capability\/articleshow\/61862710.cms\" target=\"_blank\" rel=\"noreferrer noopener\">the original<\/a>\u00a0on 5 March 2018.<\/li>\n\n\n\n<li><strong><a href=\"https:\/\/en.wikipedia.org\/wiki\/Airbus_A330_MRTT#cite_ref-165\" target=\"_blank\" rel=\"noreferrer noopener\">^<\/a><\/strong>\u00a0Gupta, Shishir (5 January 2020).\u00a0<a href=\"https:\/\/www.hindustantimes.com\/india-news\/air-force-set-to-get-two-more-warning-systems\/story-KC4gyG7wnY3gfXnl26cqUO.html\" target=\"_blank\" rel=\"noreferrer noopener\">&#8220;Air Force set to get two more warning systems&#8221;<\/a>.\u00a0<em>Hindustan Times<\/em>.<\/li>\n\n\n\n<li><strong><a href=\"https:\/\/en.wikipedia.org\/wiki\/Airbus_A330_MRTT#cite_ref-166\" target=\"_blank\" rel=\"noreferrer noopener\">^<\/a><\/strong>\u00a0Pandit, Rajat (21 September 2021).\u00a0<a href=\"https:\/\/timesofindia.indiatimes.com\/india\/eyes-in-sky-centre-clears-project-worth-rs-11-crore-to-build-6-early-warning-aircraft\/articleshow\/86083841.cms\" target=\"_blank\" rel=\"noreferrer noopener\">&#8220;&#8216;Eyes in sky&#8217;: Centre clears project worth Rs 10,990 crore to build 6 &#8216;early-warning&#8217; aircraft&#8221;<\/a>.\u00a0<em>The Times of India<\/em>. Bennett, Coleman &amp; Co. Ltd.<\/li>\n\n\n\n<li><strong><a href=\"https:\/\/en.wikipedia.org\/wiki\/Airbus_A330_MRTT#cite_ref-167\" target=\"_blank\" rel=\"noreferrer noopener\">^<\/a><\/strong>\u00a0Dubois, Gast\u00f3n (9 September 2021).\u00a0<a href=\"https:\/\/www.aviacionline.com\/2021\/09\/india-to-convert-six-a319s-into-aew-c-aircraft-for-the-air-force\/\" target=\"_blank\" rel=\"noreferrer noopener\">&#8220;India to convert six A319s into AEW &amp; C aircraft for the Air Force&#8221;<\/a>.\u00a0<em>Aviaci\u00f3nline<\/em>.<\/li>\n\n\n\n<li><strong><a href=\"https:\/\/en.wikipedia.org\/wiki\/Airbus_A330_MRTT#cite_ref-168\" target=\"_blank\" rel=\"noreferrer noopener\">^<\/a><\/strong>\u00a0<a href=\"https:\/\/www.defensenews.com\/digital-show-dailies\/afa-air-space\/2021\/09\/17\/lockheed-reveals-new-lmxt-refueling-tanker-firing-the-opening-salvo-in-us-air-force-competition\/\" target=\"_blank\" rel=\"noreferrer noopener\">&#8220;Lockheed reveals new LMXT refueling tanker, firing the opening salvo in US Air Force competition&#8221;<\/a>. 17 September 2021.<\/li>\n\n\n\n<li><strong><a href=\"https:\/\/en.wikipedia.org\/wiki\/Airbus_A330_MRTT#cite_ref-169\" target=\"_blank\" rel=\"noreferrer noopener\">^<\/a><\/strong>\u00a0<a href=\"https:\/\/www.defensenews.com\/air\/2021\/06\/16\/another-boeing-airbus-tanker-war-is-coming-soon\/\" target=\"_blank\" rel=\"noreferrer noopener\">&#8220;Another Boeing-Airbus tanker war is coming soon&#8221;<\/a>. 16 June 2021.<\/li>\n\n\n\n<li><strong><a href=\"https:\/\/en.wikipedia.org\/wiki\/Airbus_A330_MRTT#cite_ref-170\" target=\"_blank\" rel=\"noreferrer noopener\">^<\/a><\/strong>\u00a0<a href=\"https:\/\/www.janes.com\/defence-news\/news-detail\/lockheed-martin-reveals-lmxt-offering-for-usaf-kc-y-tanker-competition\" target=\"_blank\" rel=\"noreferrer noopener\">&#8220;Lockheed Martin reveals LMXT offering for USAF KC-Y tanker competition&#8221;<\/a>.<\/li>\n\n\n\n<li><strong><a href=\"https:\/\/en.wikipedia.org\/wiki\/Airbus_A330_MRTT#cite_ref-171\" target=\"_blank\" rel=\"noreferrer noopener\">^<\/a><\/strong>\u00a0<a href=\"https:\/\/news.lockheedmartin.com\/2021-09-17-Introducing-the-LMXT-Americas-Next-Strategic-Tanker\" target=\"_blank\" rel=\"noreferrer noopener\">&#8220;Introducing the LMXT: America&#8217;s Next Strategic Tanker&#8221;<\/a>.<\/li>\n\n\n\n<li><strong><a href=\"https:\/\/en.wikipedia.org\/wiki\/Airbus_A330_MRTT#cite_ref-2023-10-24_DN_172-0\" target=\"_blank\" rel=\"noreferrer noopener\">^<\/a><\/strong>\u00a0<a href=\"https:\/\/www.defensenews.com\/air\/2023\/10\/23\/lockheed-drops-us-air-force-tanker-bid-partner-airbus-to-go-it-alone\/\" target=\"_blank\" rel=\"noreferrer noopener\">Lockheed drops US Air Force tanker bid; partner Airbus to go it alone<\/a>, Stephen Losey,\u00a0<a href=\"https:\/\/en.wikipedia.org\/wiki\/Defense_News\" target=\"_blank\" rel=\"noreferrer noopener\">Defense News<\/a>, 2023-10-24<\/li>\n\n\n\n<li><strong><a href=\"https:\/\/en.wikipedia.org\/wiki\/Airbus_A330_MRTT#cite_ref-173\" target=\"_blank\" rel=\"noreferrer noopener\">^<\/a><\/strong>\u00a0<a href=\"http:\/\/www.a330mrtt.com\/PressCenter\/LatestNews\/TabId\/176\/ArtMID\/681\/ArticleID\/317\/Qatar-selects-Airbus-A330-MRTT-Multi-Role-Tanker-Transport.aspx\" target=\"_blank\" rel=\"noreferrer noopener\">&#8220;Qatar selects Airbus A330 MRTT Multi Role Tanker Transport 27\/3\/2014&#8221;<\/a>. Airbus Military.\u00a0<a href=\"https:\/\/web.archive.org\/web\/20140407095053\/http:\/\/www.a330mrtt.com\/PressCenter\/LatestNews\/TabId\/176\/ArtMID\/681\/ArticleID\/317\/Qatar-selects-Airbus-A330-MRTT-Multi-Role-Tanker-Transport.aspx\" target=\"_blank\" rel=\"noreferrer noopener\">Archived<\/a>\u00a0from the original on 7 April 2014. Retrieved\u00a027 March\u00a02014.<\/li>\n\n\n\n<li><strong><a href=\"https:\/\/en.wikipedia.org\/wiki\/Airbus_A330_MRTT#cite_ref-174\" target=\"_blank\" rel=\"noreferrer noopener\">^<\/a><\/strong>\u00a0<a href=\"https:\/\/www.latribune.fr\/entreprises-finance\/industrie\/aeronautique-defense\/egypte-un-contrat-rafale-peut-cacher-d-autres-commandes-satellite-espion-mrtt-884070.html\" target=\"_blank\" rel=\"noreferrer noopener\">&#8220;Egypte\u00a0: Un contrat (Rafale) peut cacher d&#8217;autres commandes (Satellite espion, MRTT)&#8221;<\/a>. 6 May 2021.<\/li>\n\n\n\n<li><strong><a href=\"https:\/\/en.wikipedia.org\/wiki\/Airbus_A330_MRTT#cite_ref-CDARA_175-0\" target=\"_blank\" rel=\"noreferrer noopener\">^<\/a><\/strong>\u00a0Cook, Dan (1 May 2002).\u00a0<a href=\"https:\/\/web.archive.org\/web\/20070928201702\/http:\/\/www.military-aerospace-technology.com\/article.cfm?DocID=335\" target=\"_blank\" rel=\"noreferrer noopener\">&#8220;Boeing Given Nod on Tanker Lease&#8221;<\/a>.\u00a0<em>Military Aerospace Technology<\/em>. Vol.\u00a01, no.\u00a02. Archived from\u00a0<a href=\"http:\/\/www.military-aerospace-technology.com\/article.cfm?DocID=335\" target=\"_blank\" rel=\"noreferrer noopener\">the original<\/a>\u00a0on 28 September 2007.<\/li>\n\n\n\n<li><strong><a href=\"https:\/\/en.wikipedia.org\/wiki\/Airbus_A330_MRTT#cite_ref-176\" target=\"_blank\" rel=\"noreferrer noopener\">^<\/a><\/strong>\u00a0Cahlink, George (1 October 2004).\u00a0<a href=\"https:\/\/web.archive.org\/web\/20070310194756\/http:\/\/www.govexec.com\/dailyfed\/1004\/100104g1.htm\" target=\"_blank\" rel=\"noreferrer noopener\">&#8220;Ex-Pentagon procurement executive gets jail time&#8221;<\/a>. Government Executive. Archived from\u00a0<a href=\"http:\/\/www.govexec.com\/dailyfed\/1004\/100104g1.htm\" target=\"_blank\" rel=\"noreferrer noopener\">the original<\/a>\u00a0on 10 March 2007.<\/li>\n\n\n\n<li><strong><a href=\"https:\/\/en.wikipedia.org\/wiki\/Airbus_A330_MRTT#cite_ref-177\" target=\"_blank\" rel=\"noreferrer noopener\">^<\/a><\/strong>\u00a0Galloway, Joseph L. (28 March 2004).\u00a0<a href=\"https:\/\/web.archive.org\/web\/20040405042001\/http:\/\/www.commondreams.org\/headlines04\/0328-09.htm\" target=\"_blank\" rel=\"noreferrer noopener\">&#8220;Air Force Allowed Boeing to Rewrite Terms of Tanker Contract, Documents Show&#8221;<\/a>. commondreams.org. Archived from\u00a0<a href=\"http:\/\/www.commondreams.org\/headlines04\/0328-09.htm\" target=\"_blank\" rel=\"noreferrer noopener\">the original<\/a>\u00a0on 5 April 2004.<\/li>\n\n\n\n<li><strong><a href=\"https:\/\/en.wikipedia.org\/wiki\/Airbus_A330_MRTT#cite_ref-178\" target=\"_blank\" rel=\"noreferrer noopener\">^<\/a><\/strong>\u00a0Holmes, Stanley (15 December 2003).\u00a0<a href=\"https:\/\/web.archive.org\/web\/20120627123047\/http:\/\/www.businessweek.com\/magazine\/content\/03_50\/b3862001_mz001.htm\" target=\"_blank\" rel=\"noreferrer noopener\">&#8220;Boeing: What Really Happened&#8221;<\/a>.\u00a0<em><a href=\"https:\/\/en.wikipedia.org\/wiki\/Business_Week\" target=\"_blank\" rel=\"noreferrer noopener\">Business Week<\/a><\/em>. Archived from\u00a0<a href=\"http:\/\/www.businessweek.com\/magazine\/content\/03_50\/b3862001_mz001.htm\" target=\"_blank\" rel=\"noreferrer noopener\">the original<\/a>\u00a0on 27 June 2012.<\/li>\n\n\n\n<li><strong><a href=\"https:\/\/en.wikipedia.org\/wiki\/Airbus_A330_MRTT#cite_ref-usaf1_179-0\" target=\"_blank\" rel=\"noreferrer noopener\">^<\/a><\/strong>\u00a0<a href=\"https:\/\/web.archive.org\/web\/20070215184337\/http:\/\/www.af.mil\/news\/story.asp?storyID=123039273\" target=\"_blank\" rel=\"noreferrer noopener\">&#8220;Air Force Posts KC-X Request for Proposals&#8221;<\/a>.\u00a0<em>Release Number: 070107<\/em>. United States Air Force. 30 January 2007. Archived from\u00a0<a href=\"http:\/\/www.af.mil\/news\/story.asp?storyID=123039273\" target=\"_blank\" rel=\"noreferrer noopener\">the original<\/a>\u00a0on 15 February 2007.<\/li>\n\n\n\n<li><strong><a href=\"https:\/\/en.wikipedia.org\/wiki\/Airbus_A330_MRTT#cite_ref-why_767_180-0\" target=\"_blank\" rel=\"noreferrer noopener\">^<\/a><\/strong>\u00a0<a href=\"http:\/\/www.airforce-magazine.com\/Features\/modernization\/Pages\/box021307boeing.aspx\" target=\"_blank\" rel=\"noreferrer noopener\">&#8220;Why the 767?&#8221;<\/a>\u00a0<a href=\"https:\/\/web.archive.org\/web\/20110429021749\/http:\/\/www.airforce-magazine.com\/Features\/modernization\/Pages\/box021307boeing.aspx\" target=\"_blank\" rel=\"noreferrer noopener\">Archived<\/a>\u00a029 April 2011 at the\u00a0<a href=\"https:\/\/en.wikipedia.org\/wiki\/Wayback_Machine\" target=\"_blank\" rel=\"noreferrer noopener\">Wayback Machine<\/a>\u00a0<em>Air Force<\/em>\u00a0magazine, 13 February 2007.<\/li>\n\n\n\n<li><strong><a href=\"https:\/\/en.wikipedia.org\/wiki\/Airbus_A330_MRTT#cite_ref-181\" target=\"_blank\" rel=\"noreferrer noopener\">^<\/a><\/strong>\u00a0<a href=\"https:\/\/www.flightglobal.com\/news\/articles\/northrop-grumman-names-site-of-kc-30-production-202420\/\" target=\"_blank\" rel=\"noreferrer noopener\">&#8220;Northrop Grumman names site of KC-30 production&#8221;<\/a>.\u00a0<em>Flight International<\/em>. 26 October 2005.<\/li>\n\n\n\n<li><strong><a href=\"https:\/\/en.wikipedia.org\/wiki\/Airbus_A330_MRTT#cite_ref-182\" target=\"_blank\" rel=\"noreferrer noopener\">^<\/a><\/strong>\u00a0<a href=\"https:\/\/www.airbus.com\/newsroom\/press-releases\/en\/2008\/01\/airbus-announces-plans-for-a330-freighter-final-assembly-line-in-mobile-alabama.html\" target=\"_blank\" rel=\"noreferrer noopener\">&#8220;Airbus announces plans for A330 Freighter final assembly line in Mobile, Alabama&#8221;<\/a>\u00a0(Press release). Airbus. 14 January 2008.<\/li>\n\n\n\n<li><strong><a href=\"https:\/\/en.wikipedia.org\/wiki\/Airbus_A330_MRTT#cite_ref-183\" target=\"_blank\" rel=\"noreferrer noopener\">^<\/a><\/strong>\u00a0Stewart M. Powel (29 February 2008).\u00a0<a href=\"http:\/\/www.seattlepi.com\/business\/353250_tanker01.html?source=mypi\" target=\"_blank\" rel=\"noreferrer noopener\">&#8220;At Boeing, shock \u2013 and then anger&#8221;<\/a>.\u00a0<em>Seattle Post-Intelligencer<\/em>. Seattlepi.com.<\/li>\n\n\n\n<li><strong><a href=\"https:\/\/en.wikipedia.org\/wiki\/Airbus_A330_MRTT#cite_ref-184\" target=\"_blank\" rel=\"noreferrer noopener\">^<\/a><\/strong>\u00a0Butler, Amy, Fulghum, Davis A and Wall, Robert.\u00a0<a href=\"https:\/\/web.archive.org\/web\/20110521055557\/http:\/\/www.aviationweek.com\/aw\/generic\/story.jsp?id=news%2Faw03038p1.xml&amp;headline=Northrop%2FEADS%20Clinches%20U.S.%20Refueler%20Deal&amp;channel=awst\" target=\"_blank\" rel=\"noreferrer noopener\">&#8220;Northrop\/EADS Clinches U.S. Refueler Deal&#8221;<\/a>.\u00a0<em>Aviation Week<\/em>, 29 February 2008.<\/li>\n\n\n\n<li><strong><a href=\"https:\/\/en.wikipedia.org\/wiki\/Airbus_A330_MRTT#cite_ref-GAOdecision_185-0\" target=\"_blank\" rel=\"noreferrer noopener\">^<\/a><\/strong>\u00a0<a href=\"https:\/\/web.archive.org\/web\/20080625201918\/http:\/\/www.king5.com\/sharedcontent\/northwest\/pdf\/gao_boeing.pdf\" target=\"_blank\" rel=\"noreferrer noopener\">&#8220;Statement Regarding the Bid Protest Decision Resolving the Aerial refuelling Tanker Protest by the Boeing Company&#8221;<\/a>\u00a0(PDF).\u00a0<a href=\"https:\/\/en.wikipedia.org\/wiki\/Government_Accountability_Office\" target=\"_blank\" rel=\"noreferrer noopener\">Government Accountability Office<\/a>. 18 June 2008. Archived from\u00a0<a href=\"http:\/\/www.king5.com\/sharedcontent\/northwest\/pdf\/gao_boeing.pdf\" target=\"_blank\" rel=\"noreferrer noopener\">the original<\/a>\u00a0(PDF)\u00a0on 25 June 2008.<\/li>\n\n\n\n<li><strong><a href=\"https:\/\/en.wikipedia.org\/wiki\/Airbus_A330_MRTT#cite_ref-King5_186-0\" target=\"_blank\" rel=\"noreferrer noopener\">^<\/a><\/strong>\u00a0<a href=\"https:\/\/web.archive.org\/web\/20081229142313\/http:\/\/www.king5.com\/topstories\/stories\/NW_061808BUB_boeing_gao_air_tanker_contract_JM.161e241b.html\" target=\"_blank\" rel=\"noreferrer noopener\">&#8220;GAO backs Boeing tanker protest&#8221;<\/a>.\u00a0<a href=\"https:\/\/en.wikipedia.org\/wiki\/KING-TV\" target=\"_blank\" rel=\"noreferrer noopener\">KING-TV<\/a>. 18 June 2008. Archived from\u00a0<a href=\"http:\/\/www.king5.com\/topstories\/stories\/NW_061808BUB_boeing_gao_air_tanker_contract_JM.161e241b.html\" target=\"_blank\" rel=\"noreferrer noopener\">the original<\/a>\u00a0on 29 December 2008.<\/li>\n\n\n\n<li><strong><a href=\"https:\/\/en.wikipedia.org\/wiki\/Airbus_A330_MRTT#cite_ref-The_Wall_Street_Journal_187-0\" target=\"_blank\" rel=\"noreferrer noopener\">^<\/a><\/strong>\u00a0Cole, August (25 September 2009).\u00a0<a href=\"https:\/\/www.wsj.com\/articles\/SB125383323357539115\" target=\"_blank\" rel=\"noreferrer noopener\">&#8220;Air Force Resumes Tanker Contest&#8221;<\/a>. Online.wsj.com.\u00a0<a href=\"https:\/\/web.archive.org\/web\/20160123075346\/http:\/\/www.wsj.com\/articles\/SB125383323357539115\" target=\"_blank\" rel=\"noreferrer noopener\">Archived<\/a>\u00a0from the original on 23 January 2016.<\/li>\n\n\n\n<li><strong><a href=\"https:\/\/en.wikipedia.org\/wiki\/Airbus_A330_MRTT#cite_ref-188\" target=\"_blank\" rel=\"noreferrer noopener\">^<\/a><\/strong>\u00a0<a href=\"http:\/\/www.irconnect.com\/noc\/press\/pages\/news_printer.html?d=186116&amp;print=1\" target=\"_blank\" rel=\"noreferrer noopener\">&#8220;Statement From Northrop Grumman on U.S. Air Force Aerial refuelling Tanker Program&#8221;<\/a>\u00a0<a href=\"https:\/\/web.archive.org\/web\/20120224035538\/http:\/\/www.irconnect.com\/noc\/press\/pages\/news_printer.html?d=186116&amp;print=1\" target=\"_blank\" rel=\"noreferrer noopener\">Archived<\/a>\u00a024 February 2012 at the\u00a0<a href=\"https:\/\/en.wikipedia.org\/wiki\/Wayback_Machine\" target=\"_blank\" rel=\"noreferrer noopener\">Wayback Machine<\/a>. Northrop Grumman press release, 8 March 2010.<\/li>\n\n\n\n<li><strong><a href=\"https:\/\/en.wikipedia.org\/wiki\/Airbus_A330_MRTT#cite_ref-189\" target=\"_blank\" rel=\"noreferrer noopener\">^<\/a><\/strong>\u00a0<a href=\"http:\/\/www.flightglobal.com\/articles\/2010\/03\/08\/339205\/northrop-grumman-declines-to-bid-on-latest-kc-x-rfp.html\" target=\"_blank\" rel=\"noreferrer noopener\">&#8220;Northrop Grumman declines to bid on latest KC-X RFP&#8221;<\/a>. Flightglobal.com. Retrieved\u00a012 February\u00a02014.<\/li>\n\n\n\n<li><strong><a href=\"https:\/\/en.wikipedia.org\/wiki\/Airbus_A330_MRTT#cite_ref-190\" target=\"_blank\" rel=\"noreferrer noopener\">^<\/a><\/strong>\u00a0<a href=\"https:\/\/www.nytimes.com\/2010\/03\/09\/business\/09tanker.html?hpw\" target=\"_blank\" rel=\"noreferrer noopener\">&#8220;Northrop and EADS to Drop Bid for Tanker&#8221;<\/a>.\u00a0<em>The New York Times<\/em>. 9 March 2010.\u00a0<a href=\"https:\/\/web.archive.org\/web\/20160724122228\/http:\/\/www.nytimes.com\/2010\/03\/09\/business\/09tanker.html?hpw\" target=\"_blank\" rel=\"noreferrer noopener\">Archived<\/a>\u00a0from the original on 24 July 2016.<\/li>\n\n\n\n<li><strong><a href=\"https:\/\/en.wikipedia.org\/wiki\/Airbus_A330_MRTT#cite_ref-191\" target=\"_blank\" rel=\"noreferrer noopener\">^<\/a><\/strong>\u00a0<a href=\"http:\/\/www.kc45now.com\/news-press-releases\/04-20-2010.asp\" target=\"_blank\" rel=\"noreferrer noopener\">&#8220;EADS North America intends to submit proposal for U.S. Air Force tanker&#8221;<\/a>. EADS North America press release, 20 April 2010.\u00a0<a href=\"https:\/\/web.archive.org\/web\/20100426114954\/http:\/\/www.kc45now.com\/news-press-releases\/04-20-2010.asp\" target=\"_blank\" rel=\"noreferrer noopener\">Archived<\/a>\u00a026 April 2010 at the\u00a0<a href=\"https:\/\/en.wikipedia.org\/wiki\/Wayback_Machine\" target=\"_blank\" rel=\"noreferrer noopener\">Wayback Machine<\/a><\/li>\n\n\n\n<li><strong><a href=\"https:\/\/en.wikipedia.org\/wiki\/Airbus_A330_MRTT#cite_ref-192\" target=\"_blank\" rel=\"noreferrer noopener\">^<\/a><\/strong>\u00a0Drew, Christopher (24 February 2011).\u00a0<a href=\"https:\/\/web.archive.org\/web\/20130615114754\/http:\/\/www.nytimes.com\/2011\/02\/25\/business\/25tanker.html?src=ISMR_HP_LO_MST_FB\" target=\"_blank\" rel=\"noreferrer noopener\">&#8220;Boeing Wins Contract to Build Air Force Tankers&#8221;<\/a>.\u00a0<em>The New York Times<\/em>. Archived from\u00a0<a href=\"https:\/\/www.nytimes.com\/2011\/02\/25\/business\/25tanker.html?src=ISMR_HP_LO_MST_FB\" target=\"_blank\" rel=\"noreferrer noopener\">the original<\/a>\u00a0on 15 June 2013.<\/li>\n\n\n\n<li>^\u00a0<a href=\"https:\/\/en.wikipedia.org\/wiki\/Airbus_A330_MRTT#cite_ref-airtanker_RAF_Voyager_193-0\" target=\"_blank\" rel=\"noreferrer noopener\">Jump up to:<\/a><strong><em><a href=\"https:\/\/en.wikipedia.org\/wiki\/Airbus_A330_MRTT#cite_ref-airtanker_RAF_Voyager_193-0\" target=\"_blank\" rel=\"noreferrer noopener\">a<\/a><\/em><\/strong>\u00a0<strong><em><a href=\"https:\/\/en.wikipedia.org\/wiki\/Airbus_A330_MRTT#cite_ref-airtanker_RAF_Voyager_193-1\" target=\"_blank\" rel=\"noreferrer noopener\">b<\/a><\/em><\/strong>\u00a0<a href=\"http:\/\/www.airtanker.co.uk\/raf-voyager\/capability\/air-refuelling\" target=\"_blank\" rel=\"noreferrer noopener\">Voyager provides an operationally critical air-to-air refuelling capability to the RAF, faster, safer, and more efficiently, than ever before<\/a>\u00a0<a href=\"https:\/\/web.archive.org\/web\/20141215063903\/http:\/\/www.airtanker.co.uk\/raf-voyager\/capability\/air-refuelling\" target=\"_blank\" rel=\"noreferrer noopener\">Archived<\/a>\u00a015 December 2014 at the\u00a0<a href=\"https:\/\/en.wikipedia.org\/wiki\/Wayback_Machine\" target=\"_blank\" rel=\"noreferrer noopener\">Wayback Machine<\/a>, airtanker.co.uk, Accessed 10 December 2014<\/li>\n\n\n\n<li><strong><a href=\"https:\/\/en.wikipedia.org\/wiki\/Airbus_A330_MRTT#cite_ref-A330_MRTT_page_194-0\" target=\"_blank\" rel=\"noreferrer noopener\">^<\/a><\/strong>\u00a0<a href=\"https:\/\/web.archive.org\/web\/20230504102926\/https:\/\/airbus.web.factory.eu.airbus.com\/sites\/g\/files\/jlcbta136\/files\/2023-05\/2023-04_MRS_GEN_Ord-Deliv%20by%20country.pdf\" target=\"_blank\" rel=\"noreferrer noopener\">&#8220;A330 MRTT \u2013 orders &amp; deliveries&#8221;<\/a>\u00a0(PDF).\u00a0<em>www.Airbus.com<\/em>. Airbus Defence. 31 January 2024. Archived from the original on 4 May 2023. Retrieved\u00a014 February\u00a02024.<\/li>\n\n\n\n<li><strong><a href=\"https:\/\/en.wikipedia.org\/wiki\/Airbus_A330_MRTT#cite_ref-195\" target=\"_blank\" rel=\"noreferrer noopener\">^<\/a><\/strong>\u00a0McLaughlin, Andrew (18 September 2017).\u00a0<a href=\"https:\/\/web.archive.org\/web\/20170918155107\/http:\/\/australianaviation.com.au\/2017\/09\/sixth-raaf-kc-30a-arrives-at-amberley\/\" target=\"_blank\" rel=\"noreferrer noopener\">&#8220;Sixth RAAF KC-30A arrives at Amberley&#8221;<\/a>.\u00a0<em>AustralianAviation.com.au<\/em>. Australian Aviation. Archived from the original on 18 September 2017. Retrieved\u00a018 September\u00a02017.<\/li>\n\n\n\n<li><strong><a href=\"https:\/\/en.wikipedia.org\/wiki\/Airbus_A330_MRTT#cite_ref-Second_FAB_KC-30_arrives_in_Brazil_196-0\" target=\"_blank\" rel=\"noreferrer noopener\">^<\/a><\/strong>\u00a0<a href=\"https:\/\/www.aeroflap.com.br\/segundo-airbus-kc-30-da-fab-chega-ao-brasil\/\" target=\"_blank\" rel=\"noreferrer noopener\">&#8220;Segundo Airbus KC-30 da FAB chega ao Brasil&#8221;<\/a>\u00a0[Second FAB KC-30 arrives in Brazil] (in Portuguese). Aeroflap. 25 October 2022.<\/li>\n\n\n\n<li><strong><a href=\"https:\/\/en.wikipedia.org\/wiki\/Airbus_A330_MRTT#cite_ref-197\" target=\"_blank\" rel=\"noreferrer noopener\">^<\/a><\/strong>\u00a0<a href=\"https:\/\/globalnews.ca\/news\/9855195\/canada-air-force-transport-planes-airbus\/\" target=\"_blank\" rel=\"noreferrer noopener\">&#8220;Canada replacing aging military transport fleet with 9 Airbus planes &#8211; National | Globalnews.ca&#8221;<\/a>.\u00a0<em>Global News<\/em>. Retrieved\u00a025 July\u00a02023.<\/li>\n\n\n\n<li><strong><a href=\"https:\/\/en.wikipedia.org\/wiki\/Airbus_A330_MRTT#cite_ref-198\" target=\"_blank\" rel=\"noreferrer noopener\">^<\/a><\/strong>\u00a0<a href=\"https:\/\/www.airbus.com\/en\/newsroom\/press-releases\/2023-07-the-government-of-canada-orders-4-new-airbus-a330-mrtts\" target=\"_blank\" rel=\"noreferrer noopener\">&#8220;The Government of Canada orders 4 new Airbus A330 MRTTs&#8221;<\/a>.\u00a0<em>www.airbus.com<\/em>. 25 July 2023. Retrieved\u00a026 July\u00a02023.<\/li>\n\n\n\n<li><strong><a href=\"https:\/\/en.wikipedia.org\/wiki\/Airbus_A330_MRTT#cite_ref-199\" target=\"_blank\" rel=\"noreferrer noopener\">^<\/a><\/strong>\u00a0<a href=\"https:\/\/www.canada.ca\/en\/department-national-defence\/news\/2023\/07\/the-strategic-tanker-transport-capability-project-and-norad-modernization0.html\" target=\"_blank\" rel=\"noreferrer noopener\">&#8220;The Strategic Tanker Transport Capability Project and NORAD Modernization&#8221;<\/a>. 25 July 2023. Retrieved\u00a025 July\u00a02023.<\/li>\n\n\n\n<li><strong><a href=\"https:\/\/en.wikipedia.org\/wiki\/Airbus_A330_MRTT#cite_ref-200\" target=\"_blank\" rel=\"noreferrer noopener\">^<\/a><\/strong>\u00a0<a href=\"https:\/\/www.defense.gouv.fr\/dga\/actualites\/dga-receptionne-livre-12e-mrtt-dernier-premiere-serie\" target=\"_blank\" rel=\"noreferrer noopener\">&#8220;La DGA r\u00e9ceptionne et livre le 12e MRTT, dernier de la premi\u00e8re s\u00e9rie&#8221;<\/a>.\u00a0<em>defense.gouv.fr<\/em>\u00a0(in French). Retrieved\u00a021 September\u00a02023.<\/li>\n\n\n\n<li><strong><a href=\"https:\/\/en.wikipedia.org\/wiki\/Airbus_A330_MRTT#cite_ref-201\" target=\"_blank\" rel=\"noreferrer noopener\">^<\/a><\/strong>\u00a0<a href=\"https:\/\/www.nspa.nato.int\/news\/2022\/nspa-delivers-sixth-and-seventh-aircraft-to-the-multinational-mrtt-unit\" target=\"_blank\" rel=\"noreferrer noopener\">&#8220;Nspa Delivers Sixth And Seventh Aircraft To The Multinational MRTT Unit&#8221;<\/a>.\u00a0<em>nspa.nato.int<\/em>. Retrieved\u00a02 August\u00a02022.<\/li>\n\n\n\n<li>^\u00a0<a href=\"https:\/\/en.wikipedia.org\/wiki\/Airbus_A330_MRTT#cite_ref-militaryaircraft-airbusds.com_202-0\" target=\"_blank\" rel=\"noreferrer noopener\">Jump up to:<\/a><strong><em><a href=\"https:\/\/en.wikipedia.org\/wiki\/Airbus_A330_MRTT#cite_ref-militaryaircraft-airbusds.com_202-0\" target=\"_blank\" rel=\"noreferrer noopener\">a<\/a><\/em><\/strong>\u00a0<strong><em><a href=\"https:\/\/en.wikipedia.org\/wiki\/Airbus_A330_MRTT#cite_ref-militaryaircraft-airbusds.com_202-1\" target=\"_blank\" rel=\"noreferrer noopener\">b<\/a><\/em><\/strong>\u00a0<a href=\"https:\/\/web.archive.org\/web\/20170328105411\/https:\/\/airbusdefenceandspace.com\/wp-content\/uploads\/2016\/11\/2016-10_mrs_gen_ord-deliv-by-country.pdf\" target=\"_blank\" rel=\"noreferrer noopener\">&#8220;Orders, deliveries, in operation military aircraft by country &#8211; worldwide&#8221;<\/a>\u00a0(PDF).\u00a0<em>AirbusDefenceAndSpace.com<\/em>.\u00a0<a href=\"https:\/\/en.wikipedia.org\/wiki\/Airbus_Defence_and_Space\" target=\"_blank\" rel=\"noreferrer noopener\">Airbus Defence and Space<\/a>. 2016. Archived from\u00a0<a href=\"https:\/\/airbusdefenceandspace.com\/wp-content\/uploads\/2016\/11\/2016-10_mrs_gen_ord-deliv-by-country.pdf\" target=\"_blank\" rel=\"noreferrer noopener\">the original<\/a>\u00a0(PDF)\u00a0on 28 March 2017.<\/li>\n\n\n\n<li><strong><a href=\"https:\/\/en.wikipedia.org\/wiki\/Airbus_A330_MRTT#cite_ref-A330_MRTT_O_D_203-0\" target=\"_blank\" rel=\"noreferrer noopener\">^<\/a><\/strong>\u00a0<a href=\"https:\/\/www.airbus.com\/content\/dam\/corporate-topics\/publications\/o&amp;d\/2019-2%20_MRS_GEN_Ord-Deliv-by-country.pdf\" target=\"_blank\" rel=\"noreferrer noopener\">&#8220;Airbus Defence orders &amp; deliveries&#8221;<\/a>\u00a0(PDF).\u00a0<em>www.Airbus.com<\/em>.\u00a0<a href=\"https:\/\/en.wikipedia.org\/w\/index.php?title=Airbus_S.A.S&amp;action=edit&amp;redlink=1\" target=\"_blank\" rel=\"noreferrer noopener\">Airbus S.A.S<\/a>. February 2019.[<em><a href=\"https:\/\/en.wikipedia.org\/wiki\/Wikipedia:Link_rot\" target=\"_blank\" rel=\"noreferrer noopener\">dead link<\/a><\/em>]<\/li>\n\n\n\n<li><strong><a href=\"https:\/\/en.wikipedia.org\/wiki\/Airbus_A330_MRTT#cite_ref-204\" target=\"_blank\" rel=\"noreferrer noopener\">^<\/a><\/strong>\u00a0Carlson, Steve (13 November 2018).\u00a0<a href=\"https:\/\/web.archive.org\/web\/20190402095156\/https:\/\/www.upi.com\/Airbus-delivers-first-A330-tanker-aircraft-to-South-Korea\/7171542141029\/\" target=\"_blank\" rel=\"noreferrer noopener\">&#8220;Airbus delivers first A330 tanker aircraft to South Korea&#8221;<\/a>.\u00a0<em>www.UPI.com<\/em>.\u00a0<a href=\"https:\/\/en.wikipedia.org\/wiki\/UPI\" target=\"_blank\" rel=\"noreferrer noopener\">UPI<\/a>. Archived from the original on 2 April 2019. Retrieved\u00a02 April\u00a02019.<\/li>\n\n\n\n<li><strong><a href=\"https:\/\/en.wikipedia.org\/wiki\/Airbus_A330_MRTT#cite_ref-205\" target=\"_blank\" rel=\"noreferrer noopener\">^<\/a><\/strong>\u00a0<a href=\"https:\/\/web.archive.org\/web\/20141129045045\/http:\/\/www.flightglobal.com\/news\/articles\/airbus-military-completes-a330-tanker-deliveries-to-389167\/\" target=\"_blank\" rel=\"noreferrer noopener\">&#8220;Airbus Military completes A330 tanker deliveries to UAE&#8221;<\/a>.\u00a0<em>www.FlightGlobal.com<\/em>.\u00a0<a href=\"https:\/\/en.wikipedia.org\/wiki\/FlightGlobal\" target=\"_blank\" rel=\"noreferrer noopener\">FlightGlobal<\/a>. 6 August 2013. Archived from the original on 29 November 2014. Retrieved\u00a025 November\u00a02014.<\/li>\n\n\n\n<li><strong><a href=\"https:\/\/en.wikipedia.org\/wiki\/Airbus_A330_MRTT#cite_ref-206\" target=\"_blank\" rel=\"noreferrer noopener\">^<\/a><\/strong>\u00a0<a href=\"https:\/\/web.archive.org\/web\/20161224235107\/https:\/\/www.airtanker.co.uk\/news-centre\/news-item\/2014\/06\/24\/airtanker-and-thomas-cook-airlines-agree-landmark-civil-leasing-deal\" target=\"_blank\" rel=\"noreferrer noopener\">&#8220;AirTanker and Thomas Cook Airlines agree landmark civil leasing deal&#8221;<\/a>.\u00a0<em>www.AirTanker.co.uk<\/em>.\u00a0<a href=\"https:\/\/en.wikipedia.org\/wiki\/AirTanker_Services\" target=\"_blank\" rel=\"noreferrer noopener\">AirTanker Services<\/a>. Archived from\u00a0<a href=\"https:\/\/www.airtanker.co.uk\/news-centre\/news-item\/2014\/06\/24\/airtanker-and-thomas-cook-airlines-agree-landmark-civil-leasing-deal\" target=\"_blank\" rel=\"noreferrer noopener\">the original<\/a>\u00a0on 24 December 2016. Retrieved\u00a024 December\u00a02016.<\/li>\n\n\n\n<li><strong><a href=\"https:\/\/en.wikipedia.org\/wiki\/Airbus_A330_MRTT#cite_ref-207\" target=\"_blank\" rel=\"noreferrer noopener\">^<\/a><\/strong>\u00a0<a href=\"https:\/\/web.archive.org\/web\/20131108144932\/http:\/\/www.raf.mod.uk\/rafbrizenorton\/organisation\/10squadron.cfm\" target=\"_blank\" rel=\"noreferrer noopener\">&#8220;10 Squadron&#8221;<\/a>.\u00a0<em>www.RAF.MoD.uk<\/em>.\u00a0<a href=\"https:\/\/en.wikipedia.org\/wiki\/Royal_Air_Force\" target=\"_blank\" rel=\"noreferrer noopener\">Royal Air Force<\/a>. 2013. Archived from\u00a0<a href=\"http:\/\/www.raf.mod.uk\/rafbrizenorton\/organisation\/10squadron.cfm\" target=\"_blank\" rel=\"noreferrer noopener\">the original<\/a>\u00a0on 8 November 2013.<\/li>\n\n\n\n<li>^\u00a0<a href=\"https:\/\/en.wikipedia.org\/wiki\/Airbus_A330_MRTT#cite_ref-KC-30_mishap_208-0\" target=\"_blank\" rel=\"noreferrer noopener\">Jump up to:<\/a><strong><em><a href=\"https:\/\/en.wikipedia.org\/wiki\/Airbus_A330_MRTT#cite_ref-KC-30_mishap_208-0\" target=\"_blank\" rel=\"noreferrer noopener\">a<\/a><\/em><\/strong>\u00a0<strong><em><a href=\"https:\/\/en.wikipedia.org\/wiki\/Airbus_A330_MRTT#cite_ref-KC-30_mishap_208-1\" target=\"_blank\" rel=\"noreferrer noopener\">b<\/a><\/em><\/strong>\u00a0<a href=\"http:\/\/australianaviation.com.au\/2011\/01\/boom-or-bust-raaf-kc-30-loses-boom\/\" target=\"_blank\" rel=\"noreferrer noopener\">&#8220;Boom or bust! \u2013 RAAF KC-30 loses boom&#8221;<\/a>.\u00a0<em>Australianaviation.com.au<\/em>. 20 January 2011.\u00a0<a href=\"https:\/\/web.archive.org\/web\/20110815124800\/http:\/\/australianaviation.com.au\/2011\/01\/boom-or-bust-raaf-kc-30-loses-boom\/\" target=\"_blank\" rel=\"noreferrer noopener\">Archived<\/a>\u00a0from the original on 15 August 2011.<\/li>\n\n\n\n<li><strong><a href=\"https:\/\/en.wikipedia.org\/wiki\/Airbus_A330_MRTT#cite_ref-209\" target=\"_blank\" rel=\"noreferrer noopener\">^<\/a><\/strong>\u00a0Hoyle, Craig (20 January 2011).\u00a0<a href=\"http:\/\/www.flightglobal.com\/articles\/2011\/01\/20\/352119\/airbus-a330-tanker-damaged-in-refuelling-mishap.html\" target=\"_blank\" rel=\"noreferrer noopener\">&#8220;Airbus A330 tanker damaged in refuelling mishap&#8221;<\/a>.\u00a0<em><a href=\"https:\/\/en.wikipedia.org\/wiki\/Flight_International\" target=\"_blank\" rel=\"noreferrer noopener\">Flight International<\/a><\/em>.\u00a0<a href=\"https:\/\/web.archive.org\/web\/20110123013954\/http:\/\/www.flightglobal.com\/articles\/2011\/01\/20\/352119\/airbus-a330-tanker-damaged-in-refuelling-mishap.html\" target=\"_blank\" rel=\"noreferrer noopener\">Archived<\/a>\u00a0from the original on 23 January 2011.<\/li>\n\n\n\n<li>^\u00a0<a href=\"https:\/\/en.wikipedia.org\/wiki\/Airbus_A330_MRTT#cite_ref-AviationWeek1_210-0\" target=\"_blank\" rel=\"noreferrer noopener\">Jump up to:<\/a><strong><em><a href=\"https:\/\/en.wikipedia.org\/wiki\/Airbus_A330_MRTT#cite_ref-AviationWeek1_210-0\" target=\"_blank\" rel=\"noreferrer noopener\">a<\/a><\/em><\/strong>\u00a0<strong><em><a href=\"https:\/\/en.wikipedia.org\/wiki\/Airbus_A330_MRTT#cite_ref-AviationWeek1_210-1\" target=\"_blank\" rel=\"noreferrer noopener\">b<\/a><\/em><\/strong>\u00a0Butler, Amy (11 September 2012),\u00a0<a href=\"https:\/\/web.archive.org\/web\/20130121071154\/http:\/\/www.aviationweek.com\/Article.aspx?id=%2Farticle-xml%2Fawx_09_11_2012_p0-494036.xml\" target=\"_blank\" rel=\"noreferrer noopener\">&#8220;EADS Tanker Loses Boom Over Spain&#8221;<\/a>,\u00a0<em><a href=\"https:\/\/en.wikipedia.org\/wiki\/Aviation_Week\" target=\"_blank\" rel=\"noreferrer noopener\">Aviation Week<\/a>\u00a0website<\/em>, New York, NY, U.S.A.: McGraw-Hill,\u00a0<a href=\"https:\/\/en.wikipedia.org\/wiki\/ISSN_(identifier)\" target=\"_blank\" rel=\"noreferrer noopener\">ISSN<\/a>\u00a0<a href=\"https:\/\/www.worldcat.org\/issn\/0005-2175\" target=\"_blank\" rel=\"noreferrer noopener\">0005-2175<\/a>,\u00a0<a href=\"https:\/\/en.wikipedia.org\/wiki\/OCLC_(identifier)\" target=\"_blank\" rel=\"noreferrer noopener\">OCLC<\/a>\u00a0<a href=\"https:\/\/www.worldcat.org\/oclc\/779657086\" target=\"_blank\" rel=\"noreferrer noopener\">779657086<\/a>, archived from\u00a0<a href=\"http:\/\/www.aviationweek.com\/Article.aspx?id=\/article-xml\/awx_09_11_2012_p0-494036.xml\" target=\"_blank\" rel=\"noreferrer noopener\">the original<\/a>\u00a0on 21 January 2013, retrieved\u00a022 October\u00a02012,\u00a0No one on the ground or in the flight crew was injured. An Airbus Military spokesman says the boom separated cleanly at a mechanical joint, leaving minimal damage to the actual aircraft.<\/li>\n\n\n\n<li><strong><a href=\"https:\/\/en.wikipedia.org\/wiki\/Airbus_A330_MRTT#cite_ref-camera_incident_211-0\" target=\"_blank\" rel=\"noreferrer noopener\">^<\/a><\/strong>\u00a0<a href=\"https:\/\/www.flightglobal.com\/camera-trouble-led-to-raf-voyager-grounding-investigation-finds\/112702.article\" target=\"_blank\" rel=\"noreferrer noopener\">&#8220;Camera trouble led to RAF Voyager grounding, investigation finds&#8221;<\/a>.\u00a0<em>flightglobal.com<\/em>. 19 March 2014.\u00a0<a href=\"https:\/\/web.archive.org\/web\/20230202055343\/https:\/\/www.flightglobal.com\/camera-trouble-led-to-raf-voyager-grounding-investigation-finds\/112702.article\" target=\"_blank\" rel=\"noreferrer noopener\">Archived<\/a>\u00a0from the original on 2 February 2023.<\/li>\n\n\n\n<li><strong><a href=\"https:\/\/en.wikipedia.org\/wiki\/Airbus_A330_MRTT#cite_ref-212\" target=\"_blank\" rel=\"noreferrer noopener\">^<\/a><\/strong>\u00a0<a href=\"https:\/\/www.gov.uk\/government\/publications\/service-inquiry-incident-involving-voyager-zz333-on-9-february-2014\" target=\"_blank\" rel=\"noreferrer noopener\">&#8220;Service Inquiry: incident involving Voyager ZZ333 on 9 February 2014&#8221;<\/a>.\u00a0<em>GOV.UK<\/em>. 23 March 2015. Retrieved\u00a08 May\u00a02023.<\/li>\n\n\n\n<li><strong><a href=\"https:\/\/en.wikipedia.org\/wiki\/Airbus_A330_MRTT#cite_ref-213\" target=\"_blank\" rel=\"noreferrer noopener\">^<\/a><\/strong>\u00a0<a href=\"http:\/\/militaryaircraft-airbusds.com\/Aircraft\/A330MRTT\/A330MRTTAbout.aspx\" target=\"_blank\" rel=\"noreferrer noopener\">A330 MRTT page<\/a>\u00a0<a href=\"https:\/\/web.archive.org\/web\/20160322000327\/http:\/\/militaryaircraft-airbusds.com\/Aircraft\/A330MRTT\/A330MRTTAbout.aspx\" target=\"_blank\" rel=\"noreferrer noopener\">Archived<\/a>\u00a022 March 2016 at the\u00a0<a href=\"https:\/\/en.wikipedia.org\/wiki\/Wayback_Machine\" target=\"_blank\" rel=\"noreferrer noopener\">Wayback Machine<\/a>. Airbus Defence &amp; Space.<\/li>\n\n\n\n<li><strong><a href=\"https:\/\/en.wikipedia.org\/wiki\/Airbus_A330_MRTT#cite_ref-KC-30_broch_214-0\" target=\"_blank\" rel=\"noreferrer noopener\">^<\/a><\/strong>\u00a0<a href=\"http:\/\/www.as.northropgrumman.com\/products\/kc45tanker\/assets\/KC30_QuadFold.pdf\" target=\"_blank\" rel=\"noreferrer noopener\">KC-30<\/a>\u00a0NorthropGrumman.com.\u00a0<a href=\"https:\/\/web.archive.org\/web\/20091128030203\/http:\/\/www.as.northropgrumman.com\/products\/kc45tanker\/assets\/KC30_QuadFold.pdf\" target=\"_blank\" rel=\"noreferrer noopener\">Archived<\/a>\u00a028 November 2009 at the\u00a0<a href=\"https:\/\/en.wikipedia.org\/wiki\/Wayback_Machine\" target=\"_blank\" rel=\"noreferrer noopener\">Wayback Machine<\/a><\/li>\n\n\n\n<li><strong><a href=\"https:\/\/en.wikipedia.org\/wiki\/Airbus_A330_MRTT#cite_ref-215\" target=\"_blank\" rel=\"noreferrer noopener\">^<\/a><\/strong>\u00a0<a href=\"http:\/\/www.northropgrumman.com\/kc45\/performance\/specifications.html\" target=\"_blank\" rel=\"noreferrer noopener\">[1]<\/a>\u00a0NorthropGrumman.com.\u00a0<a href=\"https:\/\/web.archive.org\/web\/20091212142741\/http:\/\/www.northropgrumman.com\/kc45\/performance\/specifications.html\" target=\"_blank\" rel=\"noreferrer noopener\">Archived<\/a>\u00a012 December 2009 at the\u00a0<a href=\"https:\/\/en.wikipedia.org\/wiki\/Wayback_Machine\" target=\"_blank\" rel=\"noreferrer noopener\">Wayback Machine<\/a><\/li>\n\n\n\n<li><strong><a href=\"https:\/\/en.wikipedia.org\/wiki\/Airbus_A330_MRTT#cite_ref-216\" target=\"_blank\" rel=\"noreferrer noopener\">^<\/a><\/strong>\u00a0<a href=\"https:\/\/web.archive.org\/web\/20080304140424\/http:\/\/www.airbus.com\/en\/aircraftfamilies\/a330a340\/a330-200\/specifications.html\" target=\"_blank\" rel=\"noreferrer noopener\">&#8220;Aircraft families \/ A330-200 specifications&#8221;<\/a>. Archived from\u00a0<a href=\"http:\/\/www.airbus.com\/en\/aircraftfamilies\/a330a340\/a330-200\/specifications.html\" target=\"_blank\" rel=\"noreferrer noopener\">the original<\/a>\u00a0on 4 March 2008. Retrieved\u00a011 March\u00a02008.<\/li>\n\n\n\n<li><strong><a href=\"https:\/\/en.wikipedia.org\/wiki\/Airbus_A330_MRTT#cite_ref-217\" target=\"_blank\" rel=\"noreferrer noopener\">^<\/a><\/strong>\u00a0<a href=\"https:\/\/web.archive.org\/web\/20160121035029\/http:\/\/www.airtanker.co.uk\/about\/aircraft\" target=\"_blank\" rel=\"noreferrer noopener\">&#8220;AirTanker: Our Aircraft&#8221;<\/a>. Archived from\u00a0<a href=\"http:\/\/www.airtanker.co.uk\/about\/aircraft\" target=\"_blank\" rel=\"noreferrer noopener\">the original<\/a>\u00a0on 21 January 2016. Retrieved\u00a017 January\u00a02016.<\/li>\n\n\n\n<li><strong><a href=\"https:\/\/en.wikipedia.org\/wiki\/Airbus_A330_MRTT#cite_ref-218\" target=\"_blank\" rel=\"noreferrer noopener\">^<\/a><\/strong>\u00a0<a href=\"http:\/\/www.airforce.gov.au\/Technology\/Aircraft\/KC-30A\/?RAAF-mqVOdY4RK4Yc3QG06xtPhhp7asTRVUyC\" target=\"_blank\" rel=\"noreferrer noopener\">&#8220;KC-30A Multi Role Tanker Transport&#8221;<\/a>.\u00a0<em>Royal Australian Air Force<\/em>.\u00a0<a href=\"https:\/\/web.archive.org\/web\/20160107085656\/http:\/\/www.airforce.gov.au\/Technology\/Aircraft\/KC-30A\/?RAAF-mqVOdY4RK4Yc3QG06xtPhhp7asTRVUyC\" target=\"_blank\" rel=\"noreferrer noopener\">Archived<\/a>\u00a0from the original on 7 January 2016. Retrieved\u00a03 December\u00a02015.<\/li>\n<\/ol>\n\n\n\n<h2 class=\"wp-block-heading\">4. \u4e2d\u6587\u8bcd\u6761\u53c2\u8003\u6587\u732e<\/h2>\n\n\n\n<ol class=\"has-small-font-size wp-block-list\">\n<li>\u00a0<a href=\"https:\/\/www.airbus.com\/defence\/a330mrtt.html\" target=\"_blank\" rel=\"noreferrer noopener\">\u5b58\u6863\u526f\u672c<\/a>.\u00a0[2019-04-22]. \uff08\u539f\u59cb\u5185\u5bb9<a href=\"https:\/\/web.archive.org\/web\/20190206124504\/https:\/\/www.airbus.com\/defence\/a330mrtt.html\" target=\"_blank\" rel=\"noreferrer noopener\">\u5b58\u6863<\/a>\u4e8e2019-02-06\uff09.<\/li>\n\n\n\n<li><strong><a href=\"https:\/\/zh.wikipedia.org\/wiki\/%E7%A9%BA%E4%B8%AD%E5%AE%A2%E8%BD%A6A330_MRTT#cite_ref-2\" target=\"_blank\" rel=\"noreferrer noopener\">^<\/a><\/strong>\u00a0<a href=\"https:\/\/www.aeroin.net\/bolsonaro-anuncia-compra-de-dois-airbus-a330-para-a-forca-aerea\" target=\"_blank\" rel=\"noreferrer noopener\">Bolsonaro anuncia compra de dois Airbus A330 para a For\u00e7a A\u00e9rea<\/a>. Aeroin. 29 January 2021\u00a0[2022-07-23]. \uff08\u539f\u59cb\u5185\u5bb9<a href=\"https:\/\/web.archive.org\/web\/20220820044935\/https:\/\/aeroin.net\/bolsonaro-anuncia-compra-de-dois-airbus-a330-para-a-forca-aerea\/\" target=\"_blank\" rel=\"noreferrer noopener\">\u5b58\u6863<\/a>\u4e8e2022-08-20\uff09\u00a0<strong>\uff08\u8461\u8404\u7259\u8bed\uff09<\/strong>.<\/li>\n\n\n\n<li><strong><a href=\"https:\/\/zh.wikipedia.org\/wiki\/%E7%A9%BA%E4%B8%AD%E5%AE%A2%E8%BD%A6A330_MRTT#cite_ref-3\" target=\"_blank\" rel=\"noreferrer noopener\">^<\/a><\/strong>\u00a0<a href=\"https:\/\/www2.fab.mil.br\/cabw\/index.php\/en\/ultimas-noticias\/464-ifb-no-220004-cabw-2022-kcx3\" target=\"_blank\" rel=\"noreferrer noopener\">IFB No. 220004\/CABW\/2022 &#8211; KCX3<\/a>. fab.mil.br. 27 January 2022\u00a0[2022-07-23]. \uff08\u539f\u59cb\u5185\u5bb9<a href=\"https:\/\/web.archive.org\/web\/20220127225958\/https:\/\/www2.fab.mil.br\/cabw\/index.php\/en\/ultimas-noticias\/464-ifb-no-220004-cabw-2022-kcx3\" target=\"_blank\" rel=\"noreferrer noopener\">\u5b58\u6863<\/a>\u4e8e2022-01-27\uff09.<\/li>\n\n\n\n<li>^\u00a0<a href=\"https:\/\/zh.wikipedia.org\/wiki\/%E7%A9%BA%E4%B8%AD%E5%AE%A2%E8%BD%A6A330_MRTT#cite_ref-Folha_de_S.Paulo_4-0\" target=\"_blank\" rel=\"noreferrer noopener\">\u8df3\u8f6c\u5230\uff1a<\/a><strong><a href=\"https:\/\/zh.wikipedia.org\/wiki\/%E7%A9%BA%E4%B8%AD%E5%AE%A2%E8%BD%A6A330_MRTT#cite_ref-Folha_de_S.Paulo_4-0\" target=\"_blank\" rel=\"noreferrer noopener\">4.0<\/a><\/strong>\u00a0<strong><a href=\"https:\/\/zh.wikipedia.org\/wiki\/%E7%A9%BA%E4%B8%AD%E5%AE%A2%E8%BD%A6A330_MRTT#cite_ref-Folha_de_S.Paulo_4-1\" target=\"_blank\" rel=\"noreferrer noopener\">4.1<\/a><\/strong>\u00a0Igor Gielow.\u00a0<a href=\"https:\/\/www1.folha.uol.com.br\/poder\/2022\/01\/fab-quer-comprar-dois-cargueiros-de-longo-alcance-por-r-437-milhoes.shtml\" target=\"_blank\" rel=\"noreferrer noopener\">FAB quer comprar dois cargueiros de longo alcance por R$ 437 milh\u00f5es<\/a>.\u00a0<a href=\"https:\/\/zh.wikipedia.org\/w\/index.php?title=Folha_de_S%C3%A3o_Paulo&amp;action=edit&amp;redlink=1\" target=\"_blank\" rel=\"noreferrer noopener\">Folha de S\u00e3o Paulo<\/a>. 27 January 2022\u00a0[2022-07-23]. \uff08\u539f\u59cb\u5185\u5bb9<a href=\"https:\/\/web.archive.org\/web\/20221001010658\/https:\/\/www1.folha.uol.com.br\/poder\/2022\/01\/fab-quer-comprar-dois-cargueiros-de-longo-alcance-por-r-437-milhoes.shtml\" target=\"_blank\" rel=\"noreferrer noopener\">\u5b58\u6863<\/a>\u4e8e2022-10-01\uff09\u00a0<strong>\uff08\u8461\u8404\u7259\u8bed\uff09<\/strong>.<\/li>\n\n\n\n<li><strong><a href=\"https:\/\/zh.wikipedia.org\/wiki\/%E7%A9%BA%E4%B8%AD%E5%AE%A2%E8%BD%A6A330_MRTT#cite_ref-Brazil_order_5-0\" target=\"_blank\" rel=\"noreferrer noopener\">^<\/a><\/strong>\u00a0<a href=\"https:\/\/www.in.gov.br\/web\/dou\/-\/resultado-de-julgamento-licitacao-n-220004\/cabw\/2022-391123412\" target=\"_blank\" rel=\"noreferrer noopener\">RESULTADO DE JULGAMENTO LICITA\u00c7\u00c3O N\u00ba 220004\/CABW\/2022 [RESULT OF JUDGMENT BIDDING No. 220004\/CABW\/2022]<\/a>. Gov.br. 6 April 2022\u00a0[2022-07-23]. \uff08\u539f\u59cb\u5185\u5bb9<a href=\"https:\/\/web.archive.org\/web\/20220408044200\/https:\/\/www.in.gov.br\/web\/dou\/-\/resultado-de-julgamento-licitacao-n-220004\/cabw\/2022-391123412\" target=\"_blank\" rel=\"noreferrer noopener\">\u5b58\u6863<\/a>\u4e8e2022-04-08\uff09\u00a0<strong>\uff08\u8461\u8404\u7259\u8bed\uff09<\/strong>.<\/li>\n\n\n\n<li><strong><a href=\"https:\/\/zh.wikipedia.org\/wiki\/%E7%A9%BA%E4%B8%AD%E5%AE%A2%E8%BD%A6A330_MRTT#cite_ref-Brazil_order_2_6-0\" target=\"_blank\" rel=\"noreferrer noopener\">^<\/a><\/strong>\u00a0<a href=\"https:\/\/www.infodefensa.com\/texto-diario\/mostrar\/3534296\/fuerza-aerea-brasilena-confirma-compra-airbus-a330-200-805-millones-dolares\" target=\"_blank\" rel=\"noreferrer noopener\">Brasil adquiere dos aviones A330-200 a Azul Linhas A\u00e9reas por 80,5 millones de d\u00f3lares [Brazil acquires two A330-200 aircraft from Azul Brazilian Airlines for 80.5 million dollars]<\/a>. Infodefensa. 6 April 2022\u00a0[2022-07-23]. \uff08\u539f\u59cb\u5185\u5bb9<a href=\"https:\/\/web.archive.org\/web\/20220627045302\/https:\/\/www.infodefensa.com\/texto-diario\/mostrar\/3534296\/fuerza-aerea-brasilena-confirma-compra-airbus-a330-200-805-millones-dolares\" target=\"_blank\" rel=\"noreferrer noopener\">\u5b58\u6863<\/a>\u4e8e2022-06-27\uff09\u00a0<strong>\uff08\u897f\u73ed\u7259\u8bed\uff09<\/strong>.<\/li>\n\n\n\n<li><strong><a href=\"https:\/\/zh.wikipedia.org\/wiki\/%E7%A9%BA%E4%B8%AD%E5%AE%A2%E8%BD%A6A330_MRTT#cite_ref-7\" target=\"_blank\" rel=\"noreferrer noopener\">^<\/a><\/strong>\u00a0<a href=\"https:\/\/skiesmag.com\/news\/canada-seeking-qualified-bidders-polaris-replacement\/\" target=\"_blank\" rel=\"noreferrer noopener\">Canada seeking qualified bidders for Polaris replacement<\/a>.\u00a0[2022-07-23]. \uff08\u539f\u59cb\u5185\u5bb9<a href=\"https:\/\/web.archive.org\/web\/20211101203458\/https:\/\/skiesmag.com\/news\/canada-seeking-qualified-bidders-polaris-replacement\/\" target=\"_blank\" rel=\"noreferrer noopener\">\u5b58\u6863<\/a>\u4e8e2021-11-01\uff09.<\/li>\n\n\n\n<li><strong><a href=\"https:\/\/zh.wikipedia.org\/wiki\/%E7%A9%BA%E4%B8%AD%E5%AE%A2%E8%BD%A6A330_MRTT#cite_ref-8\" target=\"_blank\" rel=\"noreferrer noopener\">^<\/a><\/strong>\u00a0<a href=\"https:\/\/www.flightglobal.com\/defence\/airbus-a330-mrtt-cleared-to-pursue-canadian-tanker-deal\/143163.article\" target=\"_blank\" rel=\"noreferrer noopener\">Airbus A330 MRTT cleared to pursue Canadian tanker deal<\/a>.\u00a0[2022-07-23]. \uff08\u539f\u59cb\u5185\u5bb9<a href=\"https:\/\/web.archive.org\/web\/20211021165540\/https:\/\/www.flightglobal.com\/defence\/airbus-a330-mrtt-cleared-to-pursue-canadian-tanker-deal\/143163.article\" target=\"_blank\" rel=\"noreferrer noopener\">\u5b58\u6863<\/a>\u4e8e2021-10-21\uff09.<\/li>\n\n\n\n<li><strong><a href=\"https:\/\/zh.wikipedia.org\/wiki\/%E7%A9%BA%E4%B8%AD%E5%AE%A2%E8%BD%A6A330_MRTT#cite_ref-9\" target=\"_blank\" rel=\"noreferrer noopener\">^<\/a><\/strong>\u00a0<a href=\"https:\/\/skiesmag.com\/news\/airbus-boeing-qualifies-rcaf-future-tanker\/?amp=\" target=\"_blank\" rel=\"noreferrer noopener\">Airbus, and not Boeing, qualifies for RCAF future tanker<\/a>.\u00a0[2022-07-23]. \uff08\u539f\u59cb\u5185\u5bb9<a href=\"https:\/\/web.archive.org\/web\/20220518103858\/https:\/\/skiesmag.com\/news\/airbus-boeing-qualifies-rcaf-future-tanker\/?amp=\" target=\"_blank\" rel=\"noreferrer noopener\">\u5b58\u6863<\/a>\u4e8e2022-05-18\uff09.<\/li>\n\n\n\n<li><strong><a href=\"https:\/\/zh.wikipedia.org\/wiki\/%E7%A9%BA%E4%B8%AD%E5%AE%A2%E8%BD%A6A330_MRTT#cite_ref-Canada_10-0\" target=\"_blank\" rel=\"noreferrer noopener\">^<\/a><\/strong>\u00a0<a href=\"https:\/\/www.canada.ca\/en\/department-national-defence\/news\/2022\/07\/canada-moves-forward-with-the-acquisition-of-aircraft-for-the-royal-canadian-air-force.html\" target=\"_blank\" rel=\"noreferrer noopener\">Canada moves forward with the acquisition of aircraft for the Royal Canadian Air Force<\/a>. Government of Canada. Ottawa: Government of Canada. 14 July 2022\u00a0[15 July\u00a02022]. \uff08\u539f\u59cb\u5185\u5bb9<a href=\"https:\/\/web.archive.org\/web\/20220715190605\/https:\/\/www.canada.ca\/en\/department-national-defence\/news\/2022\/07\/canada-moves-forward-with-the-acquisition-of-aircraft-for-the-royal-canadian-air-force.html\" target=\"_blank\" rel=\"noreferrer noopener\">\u5b58\u6863<\/a>\u4e8e15 July 2022\uff09.<\/li>\n\n\n\n<li><strong><a href=\"https:\/\/zh.wikipedia.org\/wiki\/%E7%A9%BA%E4%B8%AD%E5%AE%A2%E8%BD%A6A330_MRTT#cite_ref-A330_MRTT_page_11-0\" target=\"_blank\" rel=\"noreferrer noopener\">^<\/a><\/strong>\u00a0<a href=\"https:\/\/www.airbus.com\/defence\/a330mrtt.html\" target=\"_blank\" rel=\"noreferrer noopener\">A330 MRTT Orders &amp; deliveries<\/a>. Airbus S.A.S. 31 August 2019\u00a0[10 September\u00a02019]. \uff08\u539f\u59cb\u5185\u5bb9<a href=\"https:\/\/web.archive.org\/web\/20190206124504\/https:\/\/www.airbus.com\/defence\/a330mrtt.html\" target=\"_blank\" rel=\"noreferrer noopener\">\u5b58\u6863<\/a>\u4e8e6 February 2019\uff09.<\/li>\n\n\n\n<li><strong><a href=\"https:\/\/zh.wikipedia.org\/wiki\/%E7%A9%BA%E4%B8%AD%E5%AE%A2%E8%BD%A6A330_MRTT#cite_ref-12\" target=\"_blank\" rel=\"noreferrer noopener\">^<\/a><\/strong>\u00a0McLaughlin, Andrew.\u00a0<a href=\"https:\/\/web.archive.org\/web\/20170918155107\/http:\/\/australianaviation.com.au\/2017\/09\/sixth-raaf-kc-30a-arrives-at-amberley\/\" target=\"_blank\" rel=\"noreferrer noopener\">Sixth RAAF KC-30A arrives at Amberley<\/a>. Australian Aviation. 18 September 2017\u00a0[18 September\u00a02017]. \uff08<a href=\"http:\/\/australianaviation.com.au\/2017\/09\/sixth-raaf-kc-30a-arrives-at-amberley\/\" target=\"_blank\" rel=\"noreferrer noopener\">\u539f\u59cb\u5185\u5bb9<\/a>\u5b58\u6863\u4e8e2017-09-18\uff09.<\/li>\n\n\n\n<li><strong><a href=\"https:\/\/zh.wikipedia.org\/wiki\/%E7%A9%BA%E4%B8%AD%E5%AE%A2%E8%BD%A6A330_MRTT#cite_ref-BelgiumAviationWeek_13-0\" target=\"_blank\" rel=\"noreferrer noopener\">^<\/a><\/strong>\u00a0<strong>\u5f15\u8bc1\u9519\u8bef\uff1a\u6ca1\u6709\u4e3a\u540d\u4e3aBelgiumAviationWeek\u7684\u53c2\u8003\u6587\u732e\u63d0\u4f9b\u5185\u5bb9<\/strong><\/li>\n\n\n\n<li><strong><a href=\"https:\/\/zh.wikipedia.org\/wiki\/%E7%A9%BA%E4%B8%AD%E5%AE%A2%E8%BD%A6A330_MRTT#cite_ref-14\" target=\"_blank\" rel=\"noreferrer noopener\">^<\/a><\/strong>\u00a0<a href=\"https:\/\/www.ydn.com.tw\/news\/newsInsidePage?chapterID=1589741&amp;type=vision\" target=\"_blank\" rel=\"noreferrer noopener\">\u6cd5\u8ecd\u63a5\u6536\u7b2c10\u67b6A330 MRTT \u4fdd\u969c\u7a7a\u4e2d\u5b89\u5168\u7528\u9014\u591a\u5143<\/a>. \u9752\u5e74\u65e5\u62a5.\u00a0[2023-07-29]. \uff08\u539f\u59cb\u5185\u5bb9<a href=\"https:\/\/web.archive.org\/web\/20230729031821\/https:\/\/www.ydn.com.tw\/news\/newsInsidePage?chapterID=1589741&amp;type=vision\" target=\"_blank\" rel=\"noreferrer noopener\">\u5b58\u6863<\/a>\u4e8e2023-07-29\uff09\u00a0<strong>\uff08\u4e2d\u6587\uff08\u53f0\u6e7e\uff09\uff09<\/strong>.<\/li>\n\n\n\n<li>^\u00a0<a href=\"https:\/\/zh.wikipedia.org\/wiki\/%E7%A9%BA%E4%B8%AD%E5%AE%A2%E8%BD%A6A330_MRTT#cite_ref-airbus.com_15-0\" target=\"_blank\" rel=\"noreferrer noopener\">\u8df3\u8f6c\u5230\uff1a<\/a><strong><a href=\"https:\/\/zh.wikipedia.org\/wiki\/%E7%A9%BA%E4%B8%AD%E5%AE%A2%E8%BD%A6A330_MRTT#cite_ref-airbus.com_15-0\" target=\"_blank\" rel=\"noreferrer noopener\">15.0<\/a><\/strong>\u00a0<strong><a href=\"https:\/\/zh.wikipedia.org\/wiki\/%E7%A9%BA%E4%B8%AD%E5%AE%A2%E8%BD%A6A330_MRTT#cite_ref-airbus.com_15-1\" target=\"_blank\" rel=\"noreferrer noopener\">15.1<\/a><\/strong>\u00a0<a href=\"http:\/\/www.airbus.com\/newsroom\/press-releases\/en\/2017\/09\/Germany-and-Norwa-place-firm-order.html\" target=\"_blank\" rel=\"noreferrer noopener\">Germany and Norway place firm order for fleet of five NATO-owned Airbus A330 MRTT tankers<\/a>. Airbus.\u00a0[25 September\u00a02017]. \uff08\u539f\u59cb\u5185\u5bb9<a href=\"https:\/\/web.archive.org\/web\/20170926041126\/http:\/\/www.airbus.com\/newsroom\/press-releases\/en\/2017\/09\/Germany-and-Norwa-place-firm-order.html\" target=\"_blank\" rel=\"noreferrer noopener\">\u5b58\u6863<\/a>\u4e8e26 September 2017\uff09.<\/li>\n\n\n\n<li><strong><a href=\"https:\/\/zh.wikipedia.org\/wiki\/%E7%A9%BA%E4%B8%AD%E5%AE%A2%E8%BD%A6A330_MRTT#cite_ref-NLMoDPurchase_16-0\" target=\"_blank\" rel=\"noreferrer noopener\">^<\/a><\/strong>\u00a0<strong>\u5f15\u8bc1\u9519\u8bef\uff1a\u6ca1\u6709\u4e3a\u540d\u4e3aNLMoDPurchase\u7684\u53c2\u8003\u6587\u732e\u63d0\u4f9b\u5185\u5bb9<\/strong><\/li>\n\n\n\n<li><strong><a href=\"https:\/\/zh.wikipedia.org\/wiki\/%E7%A9%BA%E4%B8%AD%E5%AE%A2%E8%BD%A6A330_MRTT#cite_ref-DefenseNewsNL+Lux_17-0\" target=\"_blank\" rel=\"noreferrer noopener\">^<\/a><\/strong>\u00a0<strong>\u5f15\u8bc1\u9519\u8bef\uff1a\u6ca1\u6709\u4e3a\u540d\u4e3aDefenseNewsNL+Lux\u7684\u53c2\u8003\u6587\u732e\u63d0\u4f9b\u5185\u5bb9<\/strong><\/li>\n\n\n\n<li>^\u00a0<a href=\"https:\/\/zh.wikipedia.org\/wiki\/%E7%A9%BA%E4%B8%AD%E5%AE%A2%E8%BD%A6A330_MRTT#cite_ref-militaryaircraft-airbusds.com_18-0\" target=\"_blank\" rel=\"noreferrer noopener\">\u8df3\u8f6c\u5230\uff1a<\/a><strong><a href=\"https:\/\/zh.wikipedia.org\/wiki\/%E7%A9%BA%E4%B8%AD%E5%AE%A2%E8%BD%A6A330_MRTT#cite_ref-militaryaircraft-airbusds.com_18-0\" target=\"_blank\" rel=\"noreferrer noopener\">18.0<\/a><\/strong>\u00a0<strong><a href=\"https:\/\/zh.wikipedia.org\/wiki\/%E7%A9%BA%E4%B8%AD%E5%AE%A2%E8%BD%A6A330_MRTT#cite_ref-militaryaircraft-airbusds.com_18-1\" target=\"_blank\" rel=\"noreferrer noopener\">18.1<\/a><\/strong>\u00a0<a href=\"https:\/\/web.archive.org\/web\/20161111062611\/https:\/\/airbusdefenceandspace.com\/wp-content\/uploads\/2016\/11\/2016-10_mrs_gen_ord-deliv-by-country.pdf\" target=\"_blank\" rel=\"noreferrer noopener\">Orders, Deliveries, In Operation Military aircraft by Country &#8211; Worldwide<\/a>\u00a0(PDF). 2016\u00a0[10 November\u00a02016]. \uff08<a href=\"https:\/\/airbusdefenceandspace.com\/wp-content\/uploads\/2016\/11\/2016-10_mrs_gen_ord-deliv-by-country.pdf\" target=\"_blank\" rel=\"noreferrer noopener\">\u539f\u59cb\u5185\u5bb9<\/a>\u00a0(PDF)\u5b58\u6863\u4e8e11 November 2016\uff09.<\/li>\n\n\n\n<li><strong><a href=\"https:\/\/zh.wikipedia.org\/wiki\/%E7%A9%BA%E4%B8%AD%E5%AE%A2%E8%BD%A6A330_MRTT#cite_ref-RSAF_19-0\" target=\"_blank\" rel=\"noreferrer noopener\">^<\/a><\/strong>\u00a0<a href=\"https:\/\/www.airforce-technology.com\/news\/rsaf-a330-mrtt-full-operational-capability\/\" target=\"_blank\" rel=\"noreferrer noopener\">RSAF\u2019s A330 MRTT aircraft achieves full operational capability<\/a>. 2021-04-21\u00a0[2021-07-03]. \uff08\u539f\u59cb\u5185\u5bb9<a href=\"https:\/\/web.archive.org\/web\/20211119130201\/https:\/\/www.airforce-technology.com\/news\/rsaf-a330-mrtt-full-operational-capability\/\" target=\"_blank\" rel=\"noreferrer noopener\">\u5b58\u6863<\/a>\u4e8e2021-11-19\uff09.<\/li>\n\n\n\n<li><strong><a href=\"https:\/\/zh.wikipedia.org\/wiki\/%E7%A9%BA%E4%B8%AD%E5%AE%A2%E8%BD%A6A330_MRTT#cite_ref-20\" target=\"_blank\" rel=\"noreferrer noopener\">^<\/a><\/strong>\u00a0Carlson, Steve.\u00a0<a href=\"https:\/\/www.upi.com\/Airbus-delivers-first-A330-tanker-aircraft-to-South-Korea\/7171542141029\/\" target=\"_blank\" rel=\"noreferrer noopener\">Airbus delivers first A330 tanker aircraft to South Korea<\/a>. UPI. 13 November 2018\u00a0[2 April\u00a02019]. \uff08\u539f\u59cb\u5185\u5bb9<a href=\"https:\/\/web.archive.org\/web\/20190402095156\/https:\/\/www.upi.com\/Airbus-delivers-first-A330-tanker-aircraft-to-South-Korea\/7171542141029\/\" target=\"_blank\" rel=\"noreferrer noopener\">\u5b58\u6863<\/a>\u4e8e2 April 2019\uff09.<\/li>\n\n\n\n<li><strong><a href=\"https:\/\/zh.wikipedia.org\/wiki\/%E7%A9%BA%E4%B8%AD%E5%AE%A2%E8%BD%A6A330_MRTT#cite_ref-21\" target=\"_blank\" rel=\"noreferrer noopener\">^<\/a><\/strong>\u00a0<a href=\"http:\/\/www.flightglobal.com\/news\/articles\/airbus-military-completes-a330-tanker-deliveries-to-389167\/\" target=\"_blank\" rel=\"noreferrer noopener\">Airbus Military completes A330 tanker deliveries to UAE<\/a>\u00a0<a href=\"https:\/\/zh.wikipedia.org\/wiki\/Wayback_Machine\" target=\"_blank\" rel=\"noreferrer noopener\">\u4e92\u8054\u7f51\u6863\u6848\u9986<\/a>\u7684<a href=\"https:\/\/web.archive.org\/web\/20141129045045\/http:\/\/www.flightglobal.com\/news\/articles\/airbus-military-completes-a330-tanker-deliveries-to-389167\/\" target=\"_blank\" rel=\"noreferrer noopener\">\u5b58\u6863<\/a>\uff0c\u5b58\u6863\u65e5\u671f29 November 2014. Flightglobal.com 6 August 2013, retrieved 25 November 2014<\/li>\n\n\n\n<li><strong><a href=\"https:\/\/zh.wikipedia.org\/wiki\/%E7%A9%BA%E4%B8%AD%E5%AE%A2%E8%BD%A6A330_MRTT#cite_ref-RAF14_22-0\" target=\"_blank\" rel=\"noreferrer noopener\">^<\/a><\/strong>\u00a0<strong>\u5f15\u8bc1\u9519\u8bef\uff1a\u6ca1\u6709\u4e3a\u540d\u4e3aRAF14\u7684\u53c2\u8003\u6587\u732e\u63d0\u4f9b\u5185\u5bb9<\/strong><\/li>\n\n\n\n<li><strong><a href=\"https:\/\/zh.wikipedia.org\/wiki\/%E7%A9%BA%E4%B8%AD%E5%AE%A2%E8%BD%A6A330_MRTT#cite_ref-23\" target=\"_blank\" rel=\"noreferrer noopener\">^<\/a><\/strong>\u00a0<a href=\"http:\/\/www.raf.mod.uk\/rafbrizenorton\/organisation\/10squadron.cfm\" target=\"_blank\" rel=\"noreferrer noopener\">10 Squadron<\/a>\u00a0<a href=\"https:\/\/zh.wikipedia.org\/wiki\/Wayback_Machine\" target=\"_blank\" rel=\"noreferrer noopener\">\u4e92\u8054\u7f51\u6863\u6848\u9986<\/a>\u7684<a href=\"https:\/\/web.archive.org\/web\/20131108144932\/http:\/\/www.raf.mod.uk\/rafbrizenorton\/organisation\/10squadron.cfm\" target=\"_blank\" rel=\"noreferrer noopener\">\u5b58\u6863<\/a>\uff0c\u5b58\u6863\u65e5\u671f8 November 2013. Royal Air Force, accessed June 2013.<\/li>\n\n\n\n<li><strong><a href=\"https:\/\/zh.wikipedia.org\/wiki\/%E7%A9%BA%E4%B8%AD%E5%AE%A2%E8%BD%A6A330_MRTT#cite_ref-24\" target=\"_blank\" rel=\"noreferrer noopener\">^<\/a><\/strong>\u00a0<a href=\"https:\/\/web.archive.org\/web\/20220602005346\/https:\/\/www.planespotters.net\/airline\/Spanish-Air-Force\" target=\"_blank\" rel=\"noreferrer noopener\">Fuerza Aerea Espa\u00f1ola (Spanish Air Force) Fleet Details and History<\/a>. Planespotter.net.\u00a0[2022-03-20]. \uff08<a href=\"https:\/\/www.planespotters.net\/airline\/Spanish-Air-Force\" target=\"_blank\" rel=\"noreferrer noopener\">\u539f\u59cb\u5185\u5bb9<\/a>\u5b58\u6863\u4e8e2022-06-02\uff09.<\/li>\n\n\n\n<li><strong><a href=\"https:\/\/zh.wikipedia.org\/wiki\/%E7%A9%BA%E4%B8%AD%E5%AE%A2%E8%BD%A6A330_MRTT#cite_ref-25\" target=\"_blank\" rel=\"noreferrer noopener\">^<\/a><\/strong>\u00a0<a href=\"https:\/\/web.archive.org\/web\/20211112143620\/https:\/\/www.airbus.com\/en\/newsroom\/press-releases\/2021-11-spanish-ministry-of-defence-signs-order-for-three-airbus-a330-mrtt\" target=\"_blank\" rel=\"noreferrer noopener\">Spanish Ministry of Defence signs order for three Airbus A330 MRTT | Airbus<\/a>.\u00a0[2022-03-20]. \uff08<a href=\"https:\/\/www.airbus.com\/en\/newsroom\/press-releases\/2021-11-spanish-ministry-of-defence-signs-order-for-three-airbus-a330-mrtt\" target=\"_blank\" rel=\"noreferrer noopener\">\u539f\u59cb\u5185\u5bb9<\/a>\u5b58\u6863\u4e8e2021-11-12\uff09.<\/li>\n\n\n\n<li><strong><a href=\"https:\/\/zh.wikipedia.org\/wiki\/%E7%A9%BA%E4%B8%AD%E5%AE%A2%E8%BD%A6A330_MRTT#cite_ref-26\" target=\"_blank\" rel=\"noreferrer noopener\">^<\/a><\/strong>\u00a0<a href=\"https:\/\/www.facebook.com\/CombatInformationCenter\/posts\/%E4%B8%80%E6%9E%B6%E5%8A%A0%E6%8B%BF%E5%A4%A7%E7%9A%87%E5%AE%B6%E7%A9%BA%E8%BB%8D%E7%9A%84airbus-cc-150t%E5%8C%97%E6%A5%B5%E6%98%9F%E7%A9%BA%E4%B8%AD%E5%8A%A0%E6%B2%B9%E9%81%8B%E8%BC%B8%E6%A9%9F%E5%9C%96%E4%B8%80%E8%88%87%E4%B8%80%E6%9E%B6%E6%B3%95%E5%9C%8B%E7%A9%BA%E5%A4%A9%E8%BB%8D%E7%9A%84airbus-a400m%E9%81%8B%E8%BC%B8%E6%A9%9F%E5%9C%962%E6%9C%80%E8%BF%91%E8%80%85%E5%9C%A8%E9%97%9C%E5%B3%B6%E7%9A%84%E7%BE%8E%E5%9C%8B%E7%A9%BA%E8%BB%8D%E5%AE%89%E5%BE%B7%E6%A3%AE%E7%A9%BA%E8%BB%8D%E5%9F%BA%E5%9C%B0\/669334955223390\/\" target=\"_blank\" rel=\"noreferrer noopener\">\u6230\u9b25\u60c5\u5831\u4e2d\u5fc3 CIC &#8211; \u4e00\u67b6\u52a0\u62ff\u5927\u7687\u5bb6\u7a7a\u8ecd\u7684Airbus&#8230;<\/a>. www.facebook.com.\u00a0[2023-07-27]\u00a0<strong>\uff08\u4e2d\u6587\uff08\u7b80\u4f53\uff09\uff09<\/strong>.<\/li>\n<\/ol>\n\n\n\n<h2 class=\"wp-block-heading\">5. \u5916\u90e8\u94fe\u63a5 | External links<\/h2>\n\n\n\n<p>Wikimedia Commons has media related to <strong><em><a target=\"_blank\" href=\"https:\/\/commons.wikimedia.org\/wiki\/Category:Airbus_A330_MRTT\" rel=\"noreferrer noopener\">Airbus A330 MRTT<\/a><\/em><\/strong>.<br>\u3010\u7ef4\u57fa\u5171\u4eab\u8d44\u6e90\u4e0a\u6709\u4e0e\u7a7a\u4e2d\u5ba2\u8f66A330\u591a\u7528\u9014\u52a0\u6cb9\u8fd0\u8f93\u673a\uff08Airbus A330 MRTT\uff09\u76f8\u5173\u7684\u5a92\u4f53\u5185\u5bb9\u3002\u3011<\/p>\n\n\n\n<ul class=\"has-small-font-size wp-block-list\">\n<li><a href=\"https:\/\/commons.wikimedia.org\/wiki\/Category:Airbus_A330_MRTT\" target=\"_blank\" rel=\"noreferrer noopener\">Official web<\/a><a href=\"https:\/\/www.airbus.com\/en\/products-services\/defence\/military-aircraft\/a330-mrtt\" target=\"_blank\" rel=\"noreferrer noopener\">site<\/a>\u00a0<\/li>\n\n\n\n<li><a href=\"http:\/\/www.airtanker.co.uk\/\" target=\"_blank\" rel=\"noreferrer noopener\">Airtanker Consortium<\/a><\/li>\n\n\n\n<li><a href=\"http:\/\/news.bbc.co.uk\/2\/hi\/business\/6227700.stm\" target=\"_blank\" rel=\"noreferrer noopener\">Rivals eye Boeing&#8217;s US airforce deal, by Jorn Madslien, BBC News<\/a><\/li>\n\n\n\n<li><a href=\"https:\/\/web.archive.org\/web\/20110514101526\/http:\/\/www.defence.gov.au\/news\/raafnews\/EDITIONS\/4702\/topstories\/story12.htm\" target=\"_blank\" rel=\"noreferrer noopener\">RAAF: New tankers to take on many roles<\/a><\/li>\n<\/ul>\n","protected":false},"excerpt":{"rendered":"<p>\u4e2d\u6587\u8bcd\u6761\u539f\u6587\u94fe\u63a5\uff08\u65e0\u6cd5\u4ece\u4e2d\u56fd\u5185\u5730\u8bbf\u95ee\uff09\uff1a\u8bf7\u70b9 [&hellip;]<\/p>\n","protected":false},"author":1,"featured_media":0,"comment_status":"closed","ping_status":"closed","sticky":false,"template":"","format":"standard","meta":[],"categories":[66,41,84],"tags":[155,101],"class_list":["post-3461","post","type-post","status-publish","format-standard","hentry","category-military-and-war","category-europe-except-cis","category-aircraft","tag-155","tag-101"],"_links":{"self":[{"href":"https:\/\/cathayvista.top\/index.php\/wp-json\/wp\/v2\/posts\/3461","targetHints":{"allow":["GET"]}}],"collection":[{"href":"https:\/\/cathayvista.top\/index.php\/wp-json\/wp\/v2\/posts"}],"about":[{"href":"https:\/\/cathayvista.top\/index.php\/wp-json\/wp\/v2\/types\/post"}],"author":[{"embeddable":true,"href":"https:\/\/cathayvista.top\/index.php\/wp-json\/wp\/v2\/users\/1"}],"replies":[{"embeddable":true,"href":"https:\/\/cathayvista.top\/index.php\/wp-json\/wp\/v2\/comments?post=3461"}],"version-history":[{"count":0,"href":"https:\/\/cathayvista.top\/index.php\/wp-json\/wp\/v2\/posts\/3461\/revisions"}],"wp:attachment":[{"href":"https:\/\/cathayvista.top\/index.php\/wp-json\/wp\/v2\/media?parent=3461"}],"wp:term":[{"taxonomy":"category","embeddable":true,"href":"https:\/\/cathayvista.top\/index.php\/wp-json\/wp\/v2\/categories?post=3461"},{"taxonomy":"post_tag","embeddable":true,"href":"https:\/\/cathayvista.top\/index.php\/wp-json\/wp\/v2\/tags?post=3461"}],"curies":[{"name":"wp","href":"https:\/\/api.w.org\/{rel}","templated":true}]}}