{"id":3556,"date":"2024-07-14T14:02:02","date_gmt":"2024-07-14T06:02:02","guid":{"rendered":"https:\/\/cathayvista.top\/?p=3556"},"modified":"2025-01-31T10:05:16","modified_gmt":"2025-01-31T02:05:16","slug":"iberia-airline-zhen","status":"publish","type":"post","link":"https:\/\/cathayvista.top\/index.php\/2024\/07\/14\/iberia-airline-zhen\/","title":{"rendered":"\u897f\u73ed\u7259\u56fd\u5bb6\u822a\u7a7a\uff08\u4f0a\u6bd4\u5229\u4e9a\u822a\u7a7a\uff09\/ Iberia (airline) &#8211; \u4e2d\u82f1\u6587\u7ef4\u57fa\u767e\u79d1\u8bcd\u6761\u878d\u5408"},"content":{"rendered":"\n<blockquote class=\"wp-block-quote is-layout-flow wp-block-quote-is-layout-flow\">\n<p class=\"has-small-font-size\">\u4e2d\u6587\u8bcd\u6761\u539f\u6587\u94fe\u63a5\uff08\u65e0\u6cd5\u4ece\u4e2d\u56fd\u5185\u5730\u8bbf\u95ee\uff09\uff1a<a href=\"https:\/\/link.zhihu.com\/?target=https%3A\/\/zh.wikipedia.org\/wiki\/%25E8%25A5%25BF%25E7%258F%25AD%25E7%2589%2599%25E5%259C%258B%25E5%25AE%25B6%25E8%2588%25AA%25E7%25A9%25BA\" target=\"_blank\" rel=\"noreferrer noopener\">\u8bf7\u70b9\u51fb\u8fd9\u91cc\u8bbf\u95ee<\/a><br>\u82f1\u6587\u8bcd\u6761\u539f\u6587\u94fe\u63a5\uff08\u65e0\u6cd5\u4ece\u4e2d\u56fd\u5185\u5730\u8bbf\u95ee\uff09\uff1a<a href=\"https:\/\/link.zhihu.com\/?target=https%3A\/\/en.wikipedia.org\/wiki\/Iberia_%28airline%29\" target=\"_blank\" rel=\"noreferrer noopener\">\u8bf7\u70b9\u51fb\u8fd9\u91cc\u8bbf\u95ee<\/a><\/p>\n\n\n\n<p class=\"has-small-font-size\">\u672c\u6587\u57fa\u4e8e\u82f1\u6587\u8bcd\u6761\u7684\u7ebf\u7d22\uff0c\u5e76\u8865\u5145\u90e8\u5206\u6765\u81ea\u4e2d\u6587\u8bcd\u6761\u7684\u5185\u5bb9\uff08\u5728\u4e8c\u8005\u51b2\u7a81\u65f6\uff0c\u4ee5\u66f4\u665a\u66f4\u65b0\u8005\u4e3a\u51c6\uff09\u3002\u8fbd\u89c2\u642c\u8fd0\u65f6\u8fdb\u884c\u4e86\u5fc5\u8981\u7684\u5408\u89c4\u5316\u5904\u7406\uff0c\u4ee5\u4f7f\u5176\u80fd\u591f\u5728\u4e2d\u56fd\u5185\u5730\u4e0a\u4f20\u3002<\/p>\n\n\n\n<p class=\"has-small-font-size\">\u5173\u4e8e\u8fbd\u89c2\u7684\u7ef4\u57fa\u767e\u79d1\u642c\u8fd0\u8ba1\u5212\uff0c\u53ca\u5176\u4ed6\u5df2\u642c\u8fd0\u7684\u8bcd\u6761\uff0c<a target=\"_blank\" href=\"https:\/\/cathayvista.top\/index.php\/wikipedia-intro\/\" rel=\"noreferrer noopener\">\u8bf7\u70b9\u51fb\u8fd9\u91cc\u4e86\u89e3\u66f4\u591a<\/a>\u3002<\/p>\n\n\n\n<p class=\"has-small-font-size\">\u7ef4\u57fa\u767e\u79d1\uff08Wikipedia\uff09\u662f\u7f8e\u56fd\u7ef4\u57fa\u5a92\u4f53\u57fa\u91d1\u4f1a\u7684\u4e92\u8054\u7f51\u767e\u79d1\u9879\u76ee\uff0c\u5176\u5185\u5bb9\u53ef\u80fd\u53d7\u5230\u7acb\u573a\u3001\u4fe1\u606f\u6765\u6e90\u7b49\u56e0\u7d20\u5f71\u54cd\uff0c\u8bf7\u5ba2\u89c2\u770b\u5f85\u3002\u6b63\u6587\u5185\u5bb9\u4e0d\u4ee3\u8868\u8bd1\u8005\u89c2\u70b9\u3002<\/p>\n\n\n\n<p class=\"has-small-font-size\">\u8fbd\u89c2\u63d0\u4f9b\u7684\u7ffb\u8bd1\u4ec5\u4f9b\u53c2\u8003\u3002<strong>\u6587\u4e2d\u53ef\u80fd\u5305\u542b\u65e0\u6cd5\u4ece\u4e2d\u56fd\u5185\u5730\u8bbf\u95ee\u7684\u94fe\u63a5\u3002<\/strong><\/p>\n<cite>\u8fbd\u89c2\u6240\u642c\u8fd0\u7684\u8bcd\u6761\u6587\u672c\u4e0e\u7ef4\u57fa\u767e\u79d1\u4e00\u9053\u540c\u6837\u9075\u5faaCC BY-SA 4.0\u534f\u8bae\uff08<a href=\"https:\/\/zhuanlan.zhihu.com\/p\/653887754?utm_psn=1730141199812366337\" target=\"_blank\" rel=\"noreferrer noopener\">\u8fbd\u89c2\u642c\u8fd0\u7684\u4e2d\u82f1\u6587\u5bf9\u7167\u7248\u672c<\/a>\uff09\uff0c\u5728\u7b26\u5408\u534f\u8bae\u8981\u6c42\u7684\u60c5\u51b5\u4e0b\u60a8\u53ef\u4ee5\u514d\u8d39\u4f7f\u7528\u5176\u5185\u5bb9\uff08\u5305\u62ec\u5546\u7528\uff09\u3002\u56fe\u7247\u548c\u89c6\u9891\u53ef\u80fd\u9075\u5faa\u4e0d\u540c\u7684\u5171\u4eab\u534f\u8bae\u3002<a href=\"https:\/\/zhuanlan.zhihu.com\/p\/666846485?utm_psn=1730141316690960386\" target=\"_blank\" rel=\"noreferrer noopener\">\u8bf7\u70b9\u51fb\u8fd9\u91cc\u8bbf\u95ee<\/a><\/cite><\/blockquote>\n\n\n\n<h2 class=\"wp-block-heading\">1. \u6b63\u6587\uff08\u53d1\u5e03\u4e8e\u77e5\u4e4e\u4e13\u680f\uff09<\/h2>\n\n\n\n<p>\u7b2c\u4e00\u90e8\u5206\uff08\u6982\u8ff0\u3001\u5386\u53f2\uff09<a href=\"https:\/\/zhuanlan.zhihu.com\/p\/677980593\" target=\"_blank\" rel=\"noreferrer noopener\">\u8bf7\u70b9\u51fb\u8fd9\u91cc\u8bbf\u95ee<\/a><\/p>\n\n\n\n<p>\u7b2c\u4e8c\u90e8\u5206\uff08\u516c\u53f8\u4e8b\u52a1\u3001\u822a\u70b9\u3001\u76ee\u7684\u5730\u3001\u673a\u961f\u3001\u673a\u8231\u3001\u4e8b\u6545\uff09<a href=\"https:\/\/zhuanlan.zhihu.com\/p\/708738659\/\" data-type=\"link\" data-id=\"https:\/\/zhuanlan.zhihu.com\/p\/708738659\/\">\u8bf7\u70b9\u51fb\u8fd9\u91cc\u8bbf\u95ee<\/a><\/p>\n\n\n\n<h2 class=\"wp-block-heading\">2. \u53c2\u89c1\uff08\u7ef4\u57fa\u767e\u79d1\u7684\u76f8\u5173\u8bcd\u6761\uff09| See also<\/h2>\n\n\n\n<ul class=\"has-small-font-size wp-block-list\">\n<li><a href=\"https:\/\/en.wikipedia.org\/wiki\/List_of_airlines_of_Spain\">List of airlines of Spain<\/a>\u3010\u897f\u73ed\u7259\u7684\u822a\u7a7a\u516c\u53f8\u5217\u8868\u3011<\/li>\n\n\n\n<li><a href=\"https:\/\/en.wikipedia.org\/wiki\/List_of_companies_of_Spain\">List of companies of Spain<\/a>\u3010\u897f\u73ed\u7259\u7684\u516c\u53f8\u5217\u8868\u3011<\/li>\n\n\n\n<li><a href=\"https:\/\/en.wikipedia.org\/wiki\/Transport_in_Spain\">Transport in Spain<\/a>\u3010\u897f\u73ed\u7259\u7684\u4ea4\u901a\u3011<\/li>\n<\/ul>\n\n\n\n<h2 class=\"wp-block-heading\">3. \u82f1\u6587\u8bcd\u6761\u53c2\u8003\u6587\u732e | References<\/h2>\n\n\n\n<ol class=\"has-small-font-size wp-block-list\">\n<li><strong><a href=\"https:\/\/en.wikipedia.org\/wiki\/Iberia_(airline)#cite_ref-AOC_1-0\">^<\/a><\/strong>\u00a0<a href=\"https:\/\/web.archive.org\/web\/20190716111530\/https:\/\/www.seguridadaerea.gob.es\/media\/4748629\/listado_aoc.pdf\">&#8220;Listado de Certificados de Operador A\u00e9reo (AOC) de avi\u00f3n y helic\u00f3ptero&#8221;<\/a>\u00a0(PDF).\u00a0<em>Agencia Estatal de Seguridad A\u00e9rea (AESA)<\/em>. Archived from\u00a0<a href=\"https:\/\/www.seguridadaerea.gob.es\/media\/4748629\/listado_aoc.pdf\">the original<\/a>\u00a0(PDF)\u00a0on 16 July 2019. Retrieved\u00a016 July\u00a02019.<\/li>\n\n\n\n<li><strong><a href=\"https:\/\/en.wikipedia.org\/wiki\/Iberia_(airline)#cite_ref-2\">^<\/a><\/strong>\u00a0<a href=\"https:\/\/www.ch-aviation.com\/portal\/airline\/IB\">&#8220;Iberia on ch-aviation&#8221;<\/a>.\u00a0<em>ch-aviation<\/em>. Retrieved\u00a09 November\u00a02023.<\/li>\n\n\n\n<li><strong><a href=\"https:\/\/en.wikipedia.org\/wiki\/Iberia_(airline)#cite_ref-3\">^<\/a><\/strong>\u00a0<a href=\"https:\/\/www.iberia.com\/es\/legal-information\/\">&#8220;Legal Information&#8221;<\/a>. Iberia. Retrieved\u00a01 December\u00a02021.<\/li>\n\n\n\n<li><strong><a href=\"https:\/\/en.wikipedia.org\/wiki\/Iberia_(airline)#cite_ref-4\">^<\/a><\/strong>\u00a0<a href=\"https:\/\/www.aviacionline.com\/2023\/05\/fernando-candela-appointed-as-new-president-and-ceo-of-iberia-replacing-javier-sanchez-prieto\/\">&#8220;Fernando Candela Appointed as New President and CEO of Iberia&#8221;<\/a>.\u00a0<em>www.aviacionline.com<\/em>. 4 May 2023.<\/li>\n\n\n\n<li>^\u00a0<a href=\"https:\/\/en.wikipedia.org\/wiki\/Iberia_(airline)#cite_ref-auto_5-0\">Jump up to:<sup><em><strong>a<\/strong><\/em><\/sup><\/a>\u00a0<a href=\"https:\/\/en.wikipedia.org\/wiki\/Iberia_(airline)#cite_ref-auto_5-1\"><sup><em><strong>b<\/strong><\/em><\/sup><\/a>\u00a0<a href=\"http:\/\/phx.corporate-ir.net\/External.File?item=UGFyZW50SUQ9NjYxMTQ0fENoaWxkSUQ9MzY3OTgzfFR5cGU9MQ==&amp;t=1\">&#8220;IAG Annual report and results 2016&#8221;<\/a>\u00a0(PDF). International Consolidated Airlines Group. Retrieved\u00a03 September\u00a02017.<\/li>\n\n\n\n<li><strong><a href=\"https:\/\/en.wikipedia.org\/wiki\/Iberia_(airline)#cite_ref-6\">^<\/a><\/strong>\u00a0Linda Blachly, Linda Blachly (29 November 2017).\u00a0<a href=\"https:\/\/web.archive.org\/web\/20171201001300\/http:\/\/atwonline.com\/airports-routes\/iberia-remodels-t4-lounge-madrid-airport\">&#8220;Iberia remodels T4 lounge at Madrid Airport&#8221;<\/a>.\u00a0<a href=\"https:\/\/en.wikipedia.org\/wiki\/Air_Transport_World\">Air Transport World<\/a>. Archived from\u00a0<a href=\"http:\/\/atwonline.com\/airports-routes\/iberia-remodels-t4-lounge-madrid-airport\">the original<\/a>\u00a0on 1 December 2017.<\/li>\n\n\n\n<li>^\u00a0<a href=\"https:\/\/en.wikipedia.org\/wiki\/Iberia_(airline)#cite_ref-FI_7-0\">Jump up to:<sup><em><strong>a<\/strong><\/em><\/sup><\/a>\u00a0<a href=\"https:\/\/en.wikipedia.org\/wiki\/Iberia_(airline)#cite_ref-FI_7-1\"><sup><em><strong>b<\/strong><\/em><\/sup><\/a>\u00a0<a href=\"https:\/\/en.wikipedia.org\/wiki\/Iberia_(airline)#cite_ref-FI_7-2\"><sup><em><strong>c<\/strong><\/em><\/sup><\/a>\u00a0<a href=\"https:\/\/en.wikipedia.org\/wiki\/Iberia_(airline)#cite_ref-FI_7-3\"><sup><em><strong>d<\/strong><\/em><\/sup><\/a>\u00a0&#8220;Directory: World Airlines&#8221;.\u00a0<em><a href=\"https:\/\/en.wikipedia.org\/wiki\/Flight_International\">Flight International<\/a><\/em>. 3 April 2007. pp.\u00a091\u201392.<\/li>\n\n\n\n<li><strong><a href=\"https:\/\/en.wikipedia.org\/wiki\/Iberia_(airline)#cite_ref-British_Airways_and_Iberia_sign_merger_agreement_8-0\">^<\/a><\/strong>\u00a0<a href=\"http:\/\/news.bbc.co.uk\/1\/hi\/business\/8608667.stm\">&#8220;British Airways and Iberia sign merger agreement&#8221;<\/a>.\u00a0<em>BBC News<\/em>. 8 April 2010. Retrieved\u00a08 April\u00a02010.<\/li>\n\n\n\n<li><strong><a href=\"https:\/\/en.wikipedia.org\/wiki\/Iberia_(airline)#cite_ref-BA_seals_long-awaited_Iberia_deal_9-0\">^<\/a><\/strong>\u00a0<a href=\"http:\/\/uk.reuters.com\/article\/idUKLDE63707M20100408\">&#8220;BA seals long-awaited Iberia deal&#8221;<\/a>.\u00a0<em><a href=\"https:\/\/en.wikipedia.org\/wiki\/Reuters_UK\">Reuters UK<\/a><\/em>. 8 April 2010. Retrieved\u00a08 April\u00a02010.<\/li>\n\n\n\n<li><strong><a href=\"https:\/\/en.wikipedia.org\/wiki\/Iberia_(airline)#cite_ref-10\">^<\/a><\/strong>\u00a0<a href=\"https:\/\/www.bbc.co.uk\/news\/business-11862956\">&#8220;BA Iberia merger gets approval from shareholders&#8221;<\/a>.\u00a0<em>BBC News<\/em>. 29 November 2010. Retrieved\u00a01 February\u00a02014.<\/li>\n\n\n\n<li><strong><a href=\"https:\/\/en.wikipedia.org\/wiki\/Iberia_(airline)#cite_ref-11\">^<\/a><\/strong>\u00a0<a href=\"https:\/\/www.bbc.co.uk\/news\/business-12265332\">&#8220;IAG shares begin trading, replacing BA and Iberia&#8221;<\/a>.\u00a0<em>BBC News Online<\/em>. 24 January 2011. Retrieved\u00a02 January\u00a02012.<\/li>\n\n\n\n<li><strong><a href=\"https:\/\/en.wikipedia.org\/wiki\/Iberia_(airline)#cite_ref-12\">^<\/a><\/strong>\u00a0<a href=\"http:\/\/www.europapress.es\/economia\/noticia-economia-empresas-iberia-celebra-manana-80-anos-andadura-flota-220-aviones-vuelos-104-destinos-20070627164221.html\">&#8220;Iberia celebra ma\u00f1ana 80 a\u00f1os de andadura con una flota de 220 aviones y vuelos a 104 destinos&#8221;<\/a>\u00a0(in European Spanish). Europa Press. 27 June 2007. Retrieved\u00a013 November\u00a02017.<\/li>\n\n\n\n<li>^\u00a0<a href=\"https:\/\/en.wikipedia.org\/wiki\/Iberia_(airline)#cite_ref-:0_13-0\">Jump up to:<sup><em><strong>a<\/strong><\/em><\/sup><\/a>\u00a0<a href=\"https:\/\/en.wikipedia.org\/wiki\/Iberia_(airline)#cite_ref-:0_13-1\"><sup><em><strong>b<\/strong><\/em><\/sup><\/a>\u00a0<a href=\"https:\/\/en.wikipedia.org\/wiki\/Iberia_(airline)#cite_ref-:0_13-2\"><sup><em><strong>c<\/strong><\/em><\/sup><\/a>\u00a0<a href=\"https:\/\/en.wikipedia.org\/wiki\/Iberia_(airline)#cite_ref-:0_13-3\"><sup><em><strong>d<\/strong><\/em><\/sup><\/a>\u00a0Vidal Olivares, Javier (2008).\u00a0<a href=\"https:\/\/books.google.com\/books?id=FNLfqO1mBbkC&amp;pg=PA48\"><em>Las alas de Espa\u00f1a: Iberia, l\u00edneas a\u00e9reas (1940\u20132005)<\/em><\/a>. Valencia: Universitat de Val\u00e8ncia. pp.\u00a048\u201349.\u00a0<a href=\"https:\/\/en.wikipedia.org\/wiki\/ISBN_(identifier)\">ISBN<\/a>\u00a0<a href=\"https:\/\/en.wikipedia.org\/wiki\/Special:BookSources\/978-84-370-8734-4\"><bdi>978-84-370-8734-4<\/bdi><\/a>.<\/li>\n\n\n\n<li><strong><a href=\"https:\/\/en.wikipedia.org\/wiki\/Iberia_(airline)#cite_ref-Histaer_14-0\">^<\/a><\/strong>\u00a0<a href=\"https:\/\/web.archive.org\/web\/20041209203645\/http:\/\/www.histaer.org\/compa\/classa.htm\">&#8220;Compa\u00f1\u00eda de L\u00edneas A\u00e9reas Subvencionadas S.A. (C.L.A.S.S.A.)&#8221;<\/a>. 9 December 2004. Archived from the original on 9 December 2004. Retrieved\u00a016 August\u00a02016.<\/li>\n\n\n\n<li><strong><a href=\"https:\/\/en.wikipedia.org\/wiki\/Iberia_(airline)#cite_ref-15\">^<\/a><\/strong>\u00a0ABC.\u00a0<a href=\"http:\/\/hemeroteca.abc.es\/nav\/Navigate.exe\/hemeroteca\/madrid\/abc\/1947\/02\/27\/007.html\">&#8220;ABC (Madrid) \u2013 27\/02\/1947, p. 7&#8221;<\/a>.\u00a0<em>hemeroteca.abc.es<\/em>\u00a0(in Spanish). Retrieved\u00a06 November\u00a02017.<\/li>\n\n\n\n<li><strong><a href=\"https:\/\/en.wikipedia.org\/wiki\/Iberia_(airline)#cite_ref-16\">^<\/a><\/strong>\u00a0<a href=\"https:\/\/airline-memorabilia.blogspot.com.es\/2011\/04\/iberia-1937.html\">&#8220;Airline memorabilia: Iberia (1937)&#8221;<\/a>.\u00a0<em>Airline memorabilia<\/em>. 15 April 2011. Retrieved\u00a024 October\u00a02017.<\/li>\n\n\n\n<li><strong><a href=\"https:\/\/en.wikipedia.org\/wiki\/Iberia_(airline)#cite_ref-17\">^<\/a><\/strong>\u00a0ABC (13 July 2008).\u00a0<a href=\"http:\/\/www.abc.es\/hemeroteca\/historico-13-07-2008\/abc\/Domingos\/enigma-vuelo-tetuan-sevilla-1939_1641999538161.html\">&#8220;Enigma, vuelo Tetu\u00e1n-Sevilla, 1939 | Domingos | Domingos \u2013 Abc.es&#8221;<\/a>.\u00a0<em>ABC<\/em>.<\/li>\n\n\n\n<li><strong><a href=\"https:\/\/en.wikipedia.org\/wiki\/Iberia_(airline)#cite_ref-18\">^<\/a><\/strong>\u00a0<a href=\"https:\/\/www.flightglobal.com\/pdfarchive\/view\/1938\/1938%20-%202840.html?search=Iberia\">&#8220;Business as usual. Airline operation in nationalist Spain \u2014 Some First-hand Impressions 1938 | 2840 | Flight Archive&#8221;<\/a>.\u00a0<em>www.flightglobal.com<\/em>. Retrieved\u00a022 October\u00a02017.<\/li>\n\n\n\n<li><strong><a href=\"https:\/\/en.wikipedia.org\/wiki\/Iberia_(airline)#cite_ref-Flight-1939-428_19-0\">^<\/a><\/strong>\u00a0<a href=\"https:\/\/www.flightglobal.com\/pdfarchive\/view\/1939\/1939%20-%201263.html\">&#8220;Airline companies of the World Iberia Airline&#8221;<\/a>.\u00a0<em><a href=\"https:\/\/en.wikipedia.org\/wiki\/Flight_(magazine)\">Flight<\/a><\/em>.\u00a0<strong>1583<\/strong>\u00a0(XXXV): 428. 27 April 1939.<\/li>\n\n\n\n<li><strong><a href=\"https:\/\/en.wikipedia.org\/wiki\/Iberia_(airline)#cite_ref-20\">^<\/a><\/strong>\u00a0<a href=\"http:\/\/www.iberia.com\/web\/product.do?cntCat=Productos\/GASTRO&amp;cntId=aniversario_vuelos_a_Lisboa&amp;isPopup=true\">&#8220;Iberia L.A.E.&#8221;<\/a>\u00a0<em>www.iberia.com<\/em>\u00a0(in Spanish). Retrieved\u00a024 October\u00a02017.<\/li>\n\n\n\n<li>^\u00a0<a href=\"https:\/\/en.wikipedia.org\/wiki\/Iberia_(airline)#cite_ref-:2_21-0\">Jump up to:<sup><em><strong>a<\/strong><\/em><\/sup><\/a>\u00a0<a href=\"https:\/\/en.wikipedia.org\/wiki\/Iberia_(airline)#cite_ref-:2_21-1\"><sup><em><strong>b<\/strong><\/em><\/sup><\/a>\u00a0Ministerio del Aire (23 June 1946).\u00a0<a href=\"http:\/\/www.boe.es\/datos\/pdfs\/BOE\/\/1946\/174\/A05070-05071.pdf\">&#8220;Bolet\u00edn Oficial del Estado n\u00fam. 174, 23\/06\/1946&#8221;<\/a>\u00a0(PDF).\u00a0<em>Bolet\u00edn Oficial del Estado<\/em>. pp.\u00a05070\u20135071 (num. 174).\u00a0<a href=\"https:\/\/web.archive.org\/web\/20171114145412\/http:\/\/www.boe.es\/datos\/pdfs\/BOE\/\/1946\/174\/A05070-05071.pdf\">Archived<\/a>\u00a0(PDF)\u00a0from the original on 14 November 2017.<\/li>\n\n\n\n<li>^\u00a0<a href=\"https:\/\/en.wikipedia.org\/wiki\/Iberia_(airline)#cite_ref-:1_22-0\">Jump up to:<sup><em><strong>a<\/strong><\/em><\/sup><\/a>\u00a0<a href=\"https:\/\/en.wikipedia.org\/wiki\/Iberia_(airline)#cite_ref-:1_22-1\"><sup><em><strong>b<\/strong><\/em><\/sup><\/a>\u00a0<a href=\"https:\/\/en.wikipedia.org\/wiki\/Iberia_(airline)#cite_ref-:1_22-2\"><sup><em><strong>c<\/strong><\/em><\/sup><\/a>\u00a0<a href=\"https:\/\/en.wikipedia.org\/wiki\/Iberia_(airline)#cite_ref-:1_22-3\"><sup><em><strong>d<\/strong><\/em><\/sup><\/a>\u00a0Vidal Olivares, Javier (2008).\u00a0<a href=\"https:\/\/books.google.com\/books?id=FNLfqO1mBbkC&amp;pg=PA117\"><em>Las alas de Espa\u00f1a: Iberia, l\u00edneas a\u00e9reas (1940\u20132005)<\/em><\/a>. Valencia: Universitat de Val\u00e8ncia. pp.\u00a0117\u2013121.\u00a0<a href=\"https:\/\/en.wikipedia.org\/wiki\/ISBN_(identifier)\">ISBN<\/a>\u00a0<a href=\"https:\/\/en.wikipedia.org\/wiki\/Special:BookSources\/978-84-370-8734-4\"><bdi>978-84-370-8734-4<\/bdi><\/a>.<\/li>\n\n\n\n<li><strong><a href=\"https:\/\/en.wikipedia.org\/wiki\/Iberia_(airline)#cite_ref-Flight-1950-500_23-0\">^<\/a><\/strong>\u00a0<a href=\"https:\/\/www.flightglobal.com\/pdfarchive\/view\/1950\/1950%20-%202050.html\">&#8220;Brevities&#8221;<\/a>.\u00a0<em><a href=\"https:\/\/en.wikipedia.org\/wiki\/Flight_(magazine)\">Flight<\/a><\/em>.\u00a0<strong>LVIII<\/strong>\u00a0(2184): 500. 30 November 1950.\u00a0<a href=\"https:\/\/web.archive.org\/web\/20170902195521\/https:\/\/www.flightglobal.com\/pdfarchive\/view\/1950\/1950%20-%202050.html\">Archived<\/a>\u00a0from the original on 2 September 2017.<\/li>\n\n\n\n<li><strong><a href=\"https:\/\/en.wikipedia.org\/wiki\/Iberia_(airline)#cite_ref-24\">^<\/a><\/strong>\u00a0<a href=\"http:\/\/www.boe.es\/boe\/dias\/1992\/08\/06\/pdfs\/A27479-27479.pdf\">&#8220;BOE n\u00fam. 188, 08\/06\/1992&#8221;<\/a>\u00a0(PDF).\u00a0<em>BOE<\/em>. 6 August 1992. p.\u00a027479.\u00a0<a href=\"https:\/\/web.archive.org\/web\/20180328164612\/http:\/\/www.boe.es\/boe\/dias\/1992\/08\/06\/pdfs\/A27479-27479.pdf\">Archived<\/a>\u00a0(PDF)\u00a0from the original on 28 March 2018.<\/li>\n\n\n\n<li><strong><a href=\"https:\/\/en.wikipedia.org\/wiki\/Iberia_(airline)#cite_ref-Flight-1954-59_25-0\">^<\/a><\/strong>\u00a0<a href=\"https:\/\/www.flightglobal.com\/pdfarchive\/view\/1954\/1954%20-%202024.html\">&#8220;Super Connies for Spain&#8221;<\/a>.\u00a0<em><a href=\"https:\/\/en.wikipedia.org\/wiki\/Flight_(magazine)\">Flight<\/a><\/em>.\u00a0<strong>66<\/strong>\u00a0(2372): 59. 9 July 1954.<\/li>\n\n\n\n<li><strong><a href=\"https:\/\/en.wikipedia.org\/wiki\/Iberia_(airline)#cite_ref-Flight-1954-311_26-0\">^<\/a><\/strong>\u00a0<a href=\"https:\/\/www.flightglobal.com\/pdfarchive\/view\/1954\/1954%20-%202416.html\">&#8220;Civil aviation \u2013 Brevities&#8221;<\/a>.\u00a0<em><a href=\"https:\/\/en.wikipedia.org\/wiki\/Flight_(magazine)\">Flight<\/a><\/em>.\u00a0<strong>66<\/strong>\u00a0(2380): 311. 3 September 1954.\u00a0<a href=\"https:\/\/web.archive.org\/web\/20170902200912\/https:\/\/www.flightglobal.com\/pdfarchive\/view\/1954\/1954%20-%202416.html\">Archived<\/a>\u00a0from the original on 2 September 2017.<\/li>\n\n\n\n<li><strong><a href=\"https:\/\/en.wikipedia.org\/wiki\/Iberia_(airline)#cite_ref-27\">^<\/a><\/strong>\u00a0www.iberia.com [press room].\u00a0<a href=\"https:\/\/web.archive.org\/web\/20140831145222\/http:\/\/grupo.iberia.es\/portal\/site\/WebCorporativa\/menuitem.abb717cb888166100cd0cbfdf34e51ca?ib_contentId=df2a4eb44f4b7410VgnVCM20000060fe15acRCRD\">&#8220;Iberia marks 60th anniversary of New York flights&#8221;<\/a>. Archived from\u00a0<a href=\"http:\/\/grupo.iberia.es\/portal\/site\/WebCorporativa\/menuitem.abb717cb888166100cd0cbfdf34e51ca?ib_contentId=df2a4eb44f4b7410VgnVCM20000060fe15acRCRD\">the original<\/a>\u00a0on 31 August 2014.<\/li>\n\n\n\n<li><strong><a href=\"https:\/\/en.wikipedia.org\/wiki\/Iberia_(airline)#cite_ref-28\">^<\/a><\/strong>\u00a0<a href=\"https:\/\/www.icao.int\/secretariat\/legal\/List%20of%20Parties\/EURcom56_EN.pdf\">&#8220;Multilateral agreement on commercial rights of non-scheduled air services in Europe signed at Paris on 30 April 1956&#8221;<\/a>\u00a0(PDF).\u00a0<em>International Civil Aviation Organization<\/em>. 30 June 1956.\u00a0<a href=\"https:\/\/web.archive.org\/web\/20121208142241\/http:\/\/www.icao.int\/secretariat\/legal\/List%20of%20Parties\/EURcom56_EN.pdf\">Archived<\/a>\u00a0(PDF)\u00a0from the original on 8 December 2012.<\/li>\n\n\n\n<li><strong><a href=\"https:\/\/en.wikipedia.org\/wiki\/Iberia_(airline)#cite_ref-29\">^<\/a><\/strong>\u00a0Vidal Olivares, Javier (2008).\u00a0<a href=\"https:\/\/books.google.com\/books?id=FNLfqO1mBbkC&amp;pg=PA124\"><em>Las alas de Espa\u00f1a: Iberia, l\u00edneas a\u00e9reas (1940\u20132005)<\/em><\/a>. Valencia: Universitat de Val\u00e8ncia. p.\u00a0124.\u00a0<a href=\"https:\/\/en.wikipedia.org\/wiki\/ISBN_(identifier)\">ISBN<\/a>\u00a0<a href=\"https:\/\/en.wikipedia.org\/wiki\/Special:BookSources\/978-84-370-8734-4\"><bdi>978-84-370-8734-4<\/bdi><\/a>.<\/li>\n\n\n\n<li><strong><a href=\"https:\/\/en.wikipedia.org\/wiki\/Iberia_(airline)#cite_ref-30\">^<\/a><\/strong>\u00a0<a href=\"https:\/\/www.flightglobal.com\/pdfarchive\/view\/1975\/1975%20-%200538.html\">&#8220;World Airline Directory | Flight Archive |1975 | 0538 |&#8221;<\/a>. Flight International. 20 March 1975. Retrieved\u00a014 November\u00a02017.<\/li>\n\n\n\n<li>^\u00a0<a href=\"https:\/\/en.wikipedia.org\/wiki\/Iberia_(airline)#cite_ref-:3_31-0\">Jump up to:<sup><em><strong>a<\/strong><\/em><\/sup><\/a>\u00a0<a href=\"https:\/\/en.wikipedia.org\/wiki\/Iberia_(airline)#cite_ref-:3_31-1\"><sup><em><strong>b<\/strong><\/em><\/sup><\/a>\u00a0Vidal Olivares, Javier (2008).\u00a0<a href=\"https:\/\/books.google.com\/books?id=FNLfqO1mBbkC&amp;pg=PA55\"><em>Las alas de Espa\u00f1a: Iberia, l\u00edneas a\u00e9reas (1940\u20132005)<\/em><\/a>. Valencia: Universitat de Val\u00e8ncia. p.\u00a055.\u00a0<a href=\"https:\/\/en.wikipedia.org\/wiki\/ISBN_(identifier)\">ISBN<\/a>\u00a0<a href=\"https:\/\/en.wikipedia.org\/wiki\/Special:BookSources\/978-84-370-8734-4\"><bdi>978-84-370-8734-4<\/bdi><\/a>.<\/li>\n\n\n\n<li><strong><a href=\"https:\/\/en.wikipedia.org\/wiki\/Iberia_(airline)#cite_ref-32\">^<\/a><\/strong>\u00a0Vidal Olivares, Javier (2008).\u00a0<a href=\"https:\/\/books.google.com\/books?id=FNLfqO1mBbkC&amp;pg=PA55\"><em>Las alas de Espa\u00f1a: Iberia, l\u00edneas a\u00e9reas (1940\u20132005)<\/em><\/a>. Valencia: Universitat de Val\u00e8ncia. p.\u00a0137.\u00a0<a href=\"https:\/\/en.wikipedia.org\/wiki\/ISBN_(identifier)\">ISBN<\/a>\u00a0<a href=\"https:\/\/en.wikipedia.org\/wiki\/Special:BookSources\/978-84-370-8734-4\"><bdi>978-84-370-8734-4<\/bdi><\/a>.<\/li>\n\n\n\n<li><strong><a href=\"https:\/\/en.wikipedia.org\/wiki\/Iberia_(airline)#cite_ref-33\">^<\/a><\/strong>\u00a0El Pa\u00eds (20 February 1985).\u00a0<a href=\"https:\/\/elpais.com\/diario\/1985\/02\/20\/espana\/477702020_850215.html\">&#8220;El 727, el avi\u00f3n m\u00e1s vendido en el \u00faltimo cuarto de siglo&#8221;<\/a>\u00a0(in Spanish). Retrieved\u00a022 November\u00a02017.<\/li>\n\n\n\n<li><strong><a href=\"https:\/\/en.wikipedia.org\/wiki\/Iberia_(airline)#cite_ref-34\">^<\/a><\/strong>\u00a0Ruiz de Guna, Clara (2 August 2001).\u00a0<a href=\"http:\/\/www.expansion.com\/2001\/08\/02\/empresas\/759112.html\">&#8220;El \u00faltimo viaje del avi\u00f3n &#8216;DC-9&#8217; de Iberia&#8221;<\/a>.\u00a0<em>Expansi\u00f3n.com<\/em>\u00a0(in Spanish).<\/li>\n\n\n\n<li><strong><a href=\"https:\/\/en.wikipedia.org\/wiki\/Iberia_(airline)#cite_ref-35\">^<\/a><\/strong>\u00a0<a href=\"http:\/\/www.amadeus.com\/web\/amadeus\/en_1A-corporate\/Amadeus-Home\/About-us\/Our-history\/1987-New-global-distribution-system\/1319591612325-Page-AMAD_DetailPpal?assetid=1319593241232&amp;assettype=StandardContent_C\">&#8220;Amadeus History | 1987 | Amadeus is born!&#8221;<\/a>.\u00a0<em>www.amadeus.com<\/em>. Retrieved\u00a024 October\u00a02017.<\/li>\n\n\n\n<li><strong><a href=\"https:\/\/en.wikipedia.org\/wiki\/Iberia_(airline)#cite_ref-36\">^<\/a><\/strong>\u00a0<a href=\"http:\/\/hemeroteca.abc.es\/nav\/Navigate.exe\/hemeroteca\/madrid\/abc\/1987\/12\/05\/074.html\">&#8220;ABC (Madrid) \u2013 05\/12\/1987, p. 74&#8221;<\/a>.\u00a0<em>hemeroteca.abc.es<\/em>\u00a0(in Spanish). ABC. Retrieved\u00a022 November\u00a02017.<\/li>\n\n\n\n<li><strong><a href=\"https:\/\/en.wikipedia.org\/wiki\/Iberia_(airline)#cite_ref-FI-1990-9_37-0\">^<\/a><\/strong>\u00a0<a href=\"https:\/\/www.flightglobal.com\/pdfarchive\/view\/1990\/1990%20-%201747.html\">&#8220;News in brief\u2014Iberia buys 757s&#8221;<\/a>.\u00a0<em><a href=\"https:\/\/en.wikipedia.org\/wiki\/Flight_International\">Flight International<\/a><\/em>.\u00a0<strong>137<\/strong>\u00a0(4221): 9. 20\u201326 June 1990.\u00a0<a href=\"https:\/\/en.wikipedia.org\/wiki\/ISSN_(identifier)\">ISSN<\/a>\u00a0<a href=\"https:\/\/www.worldcat.org\/issn\/0015-3710\">0015-3710<\/a>.<\/li>\n\n\n\n<li>^\u00a0<a href=\"https:\/\/en.wikipedia.org\/wiki\/Iberia_(airline)#cite_ref-:6_38-0\">Jump up to:<sup><em><strong>a<\/strong><\/em><\/sup><\/a>\u00a0<a href=\"https:\/\/en.wikipedia.org\/wiki\/Iberia_(airline)#cite_ref-:6_38-1\"><sup><em><strong>b<\/strong><\/em><\/sup><\/a>\u00a0<a href=\"https:\/\/en.wikipedia.org\/wiki\/Iberia_(airline)#cite_ref-:6_38-2\"><sup><em><strong>c<\/strong><\/em><\/sup><\/a>\u00a0Comas, Jos\u00e9 (12 April 1993).\u00a0<a href=\"https:\/\/elpais.com\/diario\/1993\/04\/12\/economia\/734565608_850215.html\">&#8220;Entre el sue\u00f1o y la pesadilla&#8221;<\/a>.\u00a0<em>El Pa\u00eds<\/em>.<\/li>\n\n\n\n<li><strong><a href=\"https:\/\/en.wikipedia.org\/wiki\/Iberia_(airline)#cite_ref-39\">^<\/a><\/strong>\u00a0El Pa\u00eds (10 August 1991).\u00a0<a href=\"https:\/\/elpais.com\/diario\/1991\/08\/10\/economia\/681775203_850215.html\">&#8220;Iberia se adjudica la aerol\u00ednea venezolana Viasa tras la retirada de la holandesa KLM&#8221;<\/a>.\u00a0<em>EL PA\u00cdS<\/em>\u00a0(in Spanish). Retrieved\u00a024 October\u00a02017.<\/li>\n\n\n\n<li><strong><a href=\"https:\/\/en.wikipedia.org\/wiki\/Iberia_(airline)#cite_ref-40\">^<\/a><\/strong>\u00a0El Pa\u00eds (16 April 1991).\u00a0<a href=\"https:\/\/elpais.com\/diario\/1991\/04\/16\/economia\/671752813_850215.html\">&#8220;lberia compra el 35% de la compa\u00f1\u00eda a\u00e9rea chilena Ladeco&#8221;<\/a>.\u00a0<em>EL PA\u00cdS<\/em>\u00a0(in Spanish). Retrieved\u00a024 October\u00a02017.<\/li>\n\n\n\n<li>^\u00a0<a href=\"https:\/\/en.wikipedia.org\/wiki\/Iberia_(airline)#cite_ref-:5_41-0\">Jump up to:<sup><em><strong>a<\/strong><\/em><\/sup><\/a>\u00a0<a href=\"https:\/\/en.wikipedia.org\/wiki\/Iberia_(airline)#cite_ref-:5_41-1\"><sup><em><strong>b<\/strong><\/em><\/sup><\/a>\u00a0<a href=\"https:\/\/en.wikipedia.org\/wiki\/Iberia_(airline)#cite_ref-:5_41-2\"><sup><em><strong>c<\/strong><\/em><\/sup><\/a>\u00a0<a href=\"https:\/\/en.wikipedia.org\/wiki\/Iberia_(airline)#cite_ref-:5_41-3\"><sup><em><strong>d<\/strong><\/em><\/sup><\/a>\u00a0Casta\u00f1o Guill\u00e9n, Juli\u00e1n (2006).\u00a0<a href=\"https:\/\/es.scribd.com\/document\/352933410\/La-Direccion-de-Resultados-en-Las-Empresas-Privatizadas\">&#8220;La direcci\u00f3n de resultados en las empresas privatizadas. 10.7.2.- Privatizaci\u00f3n de Aerol\u00edneas Argentinas&#8221;<\/a>.\u00a0<em>Department of Financial Economy and Account<\/em>. University of Extremadura: 200\u2013203.<\/li>\n\n\n\n<li><strong><a href=\"https:\/\/en.wikipedia.org\/wiki\/Iberia_(airline)#cite_ref-:4_42-0\">^<\/a><\/strong>\u00a0<a href=\"http:\/\/www.lanacion.com.ar\/340078-una-privatizacion-marcada-por-los-conflictos-y-las-denuncias\">&#8220;Una privatizaci\u00f3n marcada por los conflictos y las denuncias&#8221;<\/a>.\u00a0<em>La Naci\u00f3n<\/em>\u00a0(in Spanish). 3 October 2001.<\/li>\n\n\n\n<li><strong><a href=\"https:\/\/en.wikipedia.org\/wiki\/Iberia_(airline)#cite_ref-43\">^<\/a><\/strong>\u00a0M\u00fclller, John (8 April 2010).\u00a0<a href=\"https:\/\/web.archive.org\/web\/20100411104722\/http:\/\/www.cev.es\/web-cev\/WCEV.nsf\/(All)\/80FBC81FC10C7C14C12576FF003B01AE\/$File\/prensa0826_149.pdf\">&#8220;Una aventura fracasada&#8221;<\/a>\u00a0(PDF).\u00a0<em>El Mundo<\/em>\u00a0(in Spanish). Archived from\u00a0<a href=\"http:\/\/www.cev.es\/web-cev\/WCEV.nsf\/(All)\/80FBC81FC10C7C14C12576FF003B01AE\/$File\/prensa0826_149.pdf\">the original<\/a>\u00a0(PDF)\u00a0on 11 April 2010.<\/li>\n\n\n\n<li><strong><a href=\"https:\/\/en.wikipedia.org\/wiki\/Iberia_(airline)#cite_ref-44\">^<\/a><\/strong>\u00a0<a href=\"http:\/\/www.lanacion.com.ar\/339908-sepi-adjudico-aerolineas-argentinas-al-grupo-marsans\">&#8220;SEPI adjudic\u00f3 Aerol\u00edneas Argentinas al grupo Marsans&#8221;<\/a>.\u00a0<em>La Naci\u00f3n<\/em>\u00a0(in Spanish). 2 October 2001.<\/li>\n\n\n\n<li><strong><a href=\"https:\/\/en.wikipedia.org\/wiki\/Iberia_(airline)#cite_ref-45\">^<\/a><\/strong>\u00a0Botinelli, Agust\u00edn (18 December 2008).\u00a0<a href=\"http:\/\/www.lanacion.com.ar\/1081917-a-18-anos-de-su-privatizacion-aerolineas-vuelve-al-estado\">&#8220;A 18 a\u00f1os de su privatizaci\u00f3n, Aerol\u00edneas vuelve al Estado&#8221;<\/a>.\u00a0<em>La Naci\u00f3n<\/em>.<\/li>\n\n\n\n<li><strong><a href=\"https:\/\/en.wikipedia.org\/wiki\/Iberia_(airline)#cite_ref-46\">^<\/a><\/strong>\u00a0<a href=\"http:\/\/www.abc.es\/economia\/abci-argentina-condenada-pagar-320-millones-dolares-marsans-expropiacion-aerolineas-201707221752_noticia.html\">&#8220;Argentina, condenada a pagar 320 millones de d\u00f3lares a Marsans por la expropiaci\u00f3n de Aerol\u00edneas&#8221;<\/a>.\u00a0<em>ABC<\/em>\u00a0(in European Spanish). 22 July 2017.<\/li>\n\n\n\n<li><strong><a href=\"https:\/\/en.wikipedia.org\/wiki\/Iberia_(airline)#cite_ref-47\">^<\/a><\/strong>\u00a0Yanel, Agust\u00edn (8 April 2010).\u00a0<a href=\"https:\/\/web.archive.org\/web\/20100411104722\/http:\/\/www.cev.es\/web-cev\/WCEV.nsf\/(All)\/80FBC81FC10C7C14C12576FF003B01AE\/$File\/prensa0826_149.pdf\">&#8220;2.100 millones perdidos en Aerol\u00edneas&#8221;<\/a>\u00a0(PDF).\u00a0<em>El Mundo<\/em>\u00a0(in Spanish). Archived from\u00a0<a href=\"http:\/\/www.cev.es\/web-cev\/WCEV.nsf\/(All)\/80FBC81FC10C7C14C12576FF003B01AE\/$File\/prensa0826_149.pdf\">the original<\/a>\u00a0(PDF)\u00a0on 11 April 2010.<\/li>\n\n\n\n<li>^\u00a0<a href=\"https:\/\/en.wikipedia.org\/wiki\/Iberia_(airline)#cite_ref-:7_48-0\">Jump up to:<sup><em><strong>a<\/strong><\/em><\/sup><\/a>\u00a0<a href=\"https:\/\/en.wikipedia.org\/wiki\/Iberia_(airline)#cite_ref-:7_48-1\"><sup><em><strong>b<\/strong><\/em><\/sup><\/a>\u00a0Cebri\u00e1n Echarri, Bel\u00e9n; Vinogradoff, Ludmila (24 January 1997).\u00a0<a href=\"https:\/\/elpais.com\/diario\/1997\/01\/24\/economia\/854060406_850215.html\">&#8220;Iberia decide que su filial venezolana Viasa deje de volar&#8221;<\/a>.\u00a0<em>El Pa\u00eds<\/em>\u00a0(in Spanish).<\/li>\n\n\n\n<li><strong><a href=\"https:\/\/en.wikipedia.org\/wiki\/Iberia_(airline)#cite_ref-49\">^<\/a><\/strong>\u00a0Cebri\u00e1n Echarri, Bel\u00e9n; Vinogradoff, Ludmila (19 February 1997).\u00a0<a href=\"https:\/\/elpais.com\/diario\/1997\/02\/19\/economia\/856306807_850215.html\">&#8220;Gobierno venezolano da marcha atr\u00e1s y decide liquidar Viasa&#8221;<\/a>.\u00a0<em>El Pa\u00eds<\/em>\u00a0(in Spanish).<\/li>\n\n\n\n<li><strong><a href=\"https:\/\/en.wikipedia.org\/wiki\/Iberia_(airline)#cite_ref-50\">^<\/a><\/strong>\u00a0Cebri\u00e1n Echarri, Bel\u00e9n (3 February 1997).\u00a0<a href=\"https:\/\/elpais.com\/diario\/1997\/02\/03\/economia\/854924409_850215.html\">&#8220;Viasa, el \u00faltimo l\u00edo&#8221;<\/a>.\u00a0<em>EL Pa\u00eds<\/em>\u00a0(in Spanish).<\/li>\n\n\n\n<li><strong><a href=\"https:\/\/en.wikipedia.org\/wiki\/Iberia_(airline)#cite_ref-51\">^<\/a><\/strong>\u00a0El Pa\u00eds (25 August 1995).\u00a0<a href=\"https:\/\/elpais.com\/diario\/1995\/08\/25\/economia\/809301603_850215.html\">&#8220;Lan Chile compra la mayor\u00eda de Ladeco&#8221;<\/a>\u00a0(in Spanish).<\/li>\n\n\n\n<li><strong><a href=\"https:\/\/en.wikipedia.org\/wiki\/Iberia_(airline)#cite_ref-52\">^<\/a><\/strong>\u00a0El Pa\u00eds (9 April 1997).\u00a0<a href=\"https:\/\/elpais.com\/diario\/1997\/04\/09\/economia\/860536810_850215.html\">&#8220;Iberia vender\u00e1 su 38% en Ladeco&#8221;<\/a>\u00a0(in Spanish).<\/li>\n\n\n\n<li><strong><a href=\"https:\/\/en.wikipedia.org\/wiki\/Iberia_(airline)#cite_ref-53\">^<\/a><\/strong>\u00a0<a href=\"https:\/\/web.archive.org\/web\/20171201034154\/http:\/\/www.iberia.com\/web\/webPartners.do?service=%2Fweb%2FshowPartner.do&amp;language=es&amp;menuId=WPVUEL&amp;idPartner=712\">&#8220;Descripci\u00f3n de empresa \u2013 Iberia&#8221;<\/a>.\u00a0<em>www.iberia.com<\/em>\u00a0(in Spanish). Archived from\u00a0<a href=\"http:\/\/www.iberia.com\/web\/webPartners.do?service=\/web\/showPartner.do&amp;language=es&amp;menuId=WPVUEL&amp;idPartner=712\">the original<\/a>\u00a0on 1 December 2017. Retrieved\u00a025 November\u00a02017.<\/li>\n\n\n\n<li><strong><a href=\"https:\/\/en.wikipedia.org\/wiki\/Iberia_(airline)#cite_ref-54\">^<\/a><\/strong>\u00a0Tagliabue, John (4 February 1998).\u00a0<a href=\"https:\/\/www.nytimes.com\/1998\/02\/04\/business\/international-business-airbus-wins-4-billion-order-from-iberia-beating-boeing.html\">&#8220;International Business; Airbus Wins $4\u00a0Billion Order From Iberia, Beating Boeing&#8221;<\/a>.\u00a0<em>The New York Times<\/em>.<\/li>\n\n\n\n<li><strong><a href=\"https:\/\/en.wikipedia.org\/wiki\/Iberia_(airline)#cite_ref-55\">^<\/a><\/strong>\u00a0J. Rodgers, Eamonn (1999).\u00a0<a href=\"https:\/\/books.google.com\/books?id=ymIXLhegGnwC&amp;pg=PA261\"><em>Encyclopedia of Contemporary Spanish Culture<\/em><\/a>. London: Routledge. p.\u00a0261.\u00a0<a href=\"https:\/\/en.wikipedia.org\/wiki\/ISBN_(identifier)\">ISBN<\/a>\u00a0<a href=\"https:\/\/en.wikipedia.org\/wiki\/Special:BookSources\/0415131871\"><bdi>0415131871<\/bdi><\/a>.<\/li>\n\n\n\n<li><strong><a href=\"https:\/\/en.wikipedia.org\/wiki\/Iberia_(airline)#cite_ref-56\">^<\/a><\/strong>\u00a0<a href=\"http:\/\/www.elalmanaque.com\/turismo\/iberia\/iberia1.htm\">&#8220;GrupIberia\u00a0: M\u00e1s de 75 a\u00f1os volando&#8221;<\/a>. Iberia. Retrieved\u00a01 February\u00a02017.<\/li>\n\n\n\n<li><strong><a href=\"https:\/\/en.wikipedia.org\/wiki\/Iberia_(airline)#cite_ref-57\">^<\/a><\/strong>\u00a0Milmo, Dan (12 November 2009).\u00a0<a href=\"https:\/\/www.theguardian.com\/business\/2009\/nov\/12\/ba-shares-increase-iberia-merger\">&#8220;BA merger with Iberia agreed&#8221;<\/a>.\u00a0<em>The Guardian<\/em>.\u00a0<a href=\"https:\/\/en.wikipedia.org\/wiki\/ISSN_(identifier)\">ISSN<\/a>\u00a0<a href=\"https:\/\/www.worldcat.org\/issn\/0261-3077\">0261-3077<\/a>. Retrieved\u00a06 November\u00a02017.<\/li>\n\n\n\n<li><strong><a href=\"https:\/\/en.wikipedia.org\/wiki\/Iberia_(airline)#cite_ref-58\">^<\/a><\/strong>\u00a0Osborne, Alistair (13 November 2009).\u00a0<a href=\"https:\/\/www.telegraph.co.uk\/finance\/newsbysector\/transport\/6557766\/BA-Iberia-4.4bn-merger-creates-Europes-third-largest-airline.html\">&#8220;BA-Iberia \u00a34.4bn merger creates Europe&#8217;s third-largest airline&#8221;<\/a>.\u00a0<em>The Daily Telegraph<\/em>.\u00a0<a href=\"https:\/\/en.wikipedia.org\/wiki\/ISSN_(identifier)\">ISSN<\/a>\u00a0<a href=\"https:\/\/www.worldcat.org\/issn\/0307-1235\">0307-1235<\/a>.\u00a0<a href=\"https:\/\/ghostarchive.org\/archive\/20220112\/https:\/\/www.telegraph.co.uk\/finance\/newsbysector\/transport\/6557766\/BA-Iberia-4.4bn-merger-creates-Europes-third-largest-airline.html\">Archived<\/a>\u00a0from the original on 12 January 2022. Retrieved\u00a06 November\u00a02017.<\/li>\n\n\n\n<li><strong><a href=\"https:\/\/en.wikipedia.org\/wiki\/Iberia_(airline)#cite_ref-59\">^<\/a><\/strong>\u00a0Mulligan, Mark; Clark, Pilita Clark (8 April 2010).\u00a0<a href=\"https:\/\/www.ft.com\/content\/ec3ffa1c-42d5-11df-96c4-00144feab49a\">&#8220;BA and Iberia sign merger agreement&#8221;<\/a>.\u00a0<em>Financial Times<\/em>.\u00a0<a href=\"https:\/\/ghostarchive.org\/archive\/20221210\/https:\/\/www.ft.com\/content\/ec3ffa1c-42d5-11df-96c4-00144feab49a\">Archived<\/a>\u00a0from the original on 10 December 2022. Retrieved\u00a06 November\u00a02017.<\/li>\n\n\n\n<li><strong><a href=\"https:\/\/en.wikipedia.org\/wiki\/Iberia_(airline)#cite_ref-60\">^<\/a><\/strong>\u00a0<a href=\"http:\/\/www.flightglobal.com\/news\/articles\/iberia-to-cut-4500-staff-and-reduce-fleet-by-25-aircraft-378758\/\">&#8220;Iberia to cut 4,500 staff and reduce fleet by 25 aircraft&#8221;<\/a>. Flightglobal.com. Retrieved\u00a03 April\u00a02013.<\/li>\n\n\n\n<li><strong><a href=\"https:\/\/en.wikipedia.org\/wiki\/Iberia_(airline)#cite_ref-61\">^<\/a><\/strong>\u00a0<a href=\"https:\/\/www.bbc.com\/news\/business-17496003\">&#8220;Spanish new low-cost airline Iberia Express launched&#8221;<\/a>.\u00a0<em>BBC News<\/em>. 25 March 2012. Retrieved\u00a03 September\u00a02017.<\/li>\n\n\n\n<li><strong><a href=\"https:\/\/en.wikipedia.org\/wiki\/Iberia_(airline)#cite_ref-62\">^<\/a><\/strong>\u00a0Madridiario.\u00a0<a href=\"https:\/\/www.madridiario.es\/noticia\/404836\/transportes\/iberia-renueva-su-imagen-corporativa.html\">&#8220;Iberia renueva su imagen corporativa&#8221;<\/a>.\u00a0<em>Madridiario<\/em>\u00a0(in Spanish). Retrieved\u00a06 November\u00a02017.<\/li>\n\n\n\n<li><strong><a href=\"https:\/\/en.wikipedia.org\/wiki\/Iberia_(airline)#cite_ref-63\">^<\/a><\/strong>\u00a0<a href=\"https:\/\/aviationweek.com\/air-transport\/airports-networks\/iberia-return-tokyo-2024-after-4-year-absence\">&#8220;Iberia To Return To Tokyo In 2024 After 4-Year Absence | Aviation Week Network&#8221;<\/a>.\u00a0<em>aviationweek.com<\/em>. Retrieved\u00a028 December\u00a02023.<\/li>\n\n\n\n<li><strong><a href=\"https:\/\/en.wikipedia.org\/wiki\/Iberia_(airline)#cite_ref-64\">^<\/a><\/strong>\u00a0<a href=\"https:\/\/www.businesstraveller.com\/business-travel\/2023\/12\/19\/iberia-returns-to-tokyo-with-the-a350\/\">&#8220;Iberia returns to Tokyo with the A350&#8221;<\/a>.\u00a0<em>Business Traveller<\/em>. Retrieved\u00a028 December\u00a02023.<\/li>\n\n\n\n<li><strong><a href=\"https:\/\/en.wikipedia.org\/wiki\/Iberia_(airline)#cite_ref-65\">^<\/a><\/strong>\u00a0<a href=\"https:\/\/web.archive.org\/web\/20230701204220\/https:\/\/www.iairgroup.com\/en\/investors-and-shareholders\/results-and-reports\">&#8220;Results and reports&#8221;<\/a>.\u00a0<em>www.iairgroup.com<\/em>. Archived from\u00a0<a href=\"https:\/\/www.iairgroup.com\/en\/investors-and-shareholders\/results-and-reports\">the original<\/a>\u00a0on 1 July 2023. Retrieved\u00a013 November\u00a02023.<\/li>\n\n\n\n<li><strong><a href=\"https:\/\/en.wikipedia.org\/wiki\/Iberia_(airline)#cite_ref-66\">^<\/a><\/strong>\u00a0<a href=\"https:\/\/www.statista.com\/statistics\/1261266\/spain-iberia-revenue\/\">&#8220;Spanish airlines: Iberia revenue 2011-2021&#8221;<\/a>.\u00a0<em>Statista<\/em>. Retrieved\u00a013 November\u00a02023.<\/li>\n\n\n\n<li><strong><a href=\"https:\/\/en.wikipedia.org\/wiki\/Iberia_(airline)#cite_ref-67\">^<\/a><\/strong>\u00a0<a href=\"https:\/\/www.statista.com\/statistics\/1262009\/spain-iberia-passengers-carried\/\">&#8220;Spanish airlines: passengers carried by Iberia 2011-2021&#8221;<\/a>.\u00a0<em>Statista<\/em>. Retrieved\u00a013 November\u00a02023.<\/li>\n\n\n\n<li><strong><a href=\"https:\/\/en.wikipedia.org\/wiki\/Iberia_(airline)#cite_ref-68\">^<\/a><\/strong>\u00a0<a href=\"https:\/\/www.statista.com\/statistics\/1262191\/spain-iberia-passenger-load-factor\/\">&#8220;Spanish airlines: passenger load factor of Iberia 2011-2021&#8221;<\/a>.\u00a0<em>Statista<\/em>. Retrieved\u00a013 November\u00a02023.<\/li>\n\n\n\n<li><strong><a href=\"https:\/\/en.wikipedia.org\/wiki\/Iberia_(airline)#cite_ref-69\">^<\/a><\/strong>\u00a0<a href=\"https:\/\/www.iairgroup.com\/~\/media\/Files\/I\/IAG\/annual-reports\/iberia-annual-reports\/Annual%20Account%20and%20Management%20Report%20for%20Full%20Year%202011.pdf\">&#8220;Iberia Annual Accounts and Management Report 2011&#8221;<\/a>\u00a0(PDF).\u00a0<em>IAG<\/em>. Retrieved\u00a013 November\u00a02023.<\/li>\n\n\n\n<li><strong><a href=\"https:\/\/en.wikipedia.org\/wiki\/Iberia_(airline)#cite_ref-70\">^<\/a><\/strong>\u00a0<a href=\"https:\/\/www.iairgroup.com\/~\/media\/Files\/I\/IAG\/annual-reports\/iberia-annual-reports\/en\/annual-accounts-and-management-report-for-the-full-year-2012-iberia.pdf\">&#8220;Iberia Annual Accounts and Management Report 2012&#8221;<\/a>\u00a0(PDF).\u00a0<em>IAG<\/em>. Retrieved\u00a013 November\u00a02023.<\/li>\n\n\n\n<li><strong><a href=\"https:\/\/en.wikipedia.org\/wiki\/Iberia_(airline)#cite_ref-71\">^<\/a><\/strong>\u00a0<a href=\"https:\/\/www.iairgroup.com\/~\/media\/Files\/I\/IAG\/annual-reports\/iberia-annual-reports\/en\/annual-accounts-and-management-report-for-the-full-year-2013-iberia.pdf\">&#8220;Iberia Annual Accounts and Management Report 2013&#8221;<\/a>\u00a0(PDF).\u00a0<em>IAG<\/em>. Retrieved\u00a013 November\u00a02023.<\/li>\n\n\n\n<li><strong><a href=\"https:\/\/en.wikipedia.org\/wiki\/Iberia_(airline)#cite_ref-72\">^<\/a><\/strong>\u00a0<a href=\"https:\/\/www.iairgroup.com\/~\/media\/Files\/I\/IAG\/annual-reports\/iberia-annual-reports\/en\/annual-accounts-and-management-report-for-the-full-year-2014-iberia.pdf\">&#8220;Iberia Annual Accounts and Management Report 2014&#8221;<\/a>\u00a0(PDF).\u00a0<em>IAG<\/em>. Retrieved\u00a013 November\u00a02023.<\/li>\n\n\n\n<li><strong><a href=\"https:\/\/en.wikipedia.org\/wiki\/Iberia_(airline)#cite_ref-73\">^<\/a><\/strong>\u00a0<a href=\"https:\/\/www.iairgroup.com\/~\/media\/Files\/I\/IAG\/annual-reports\/iberia-annual-reports\/en\/annual-accounts-and-management-report-for-the-full-year-2015-iberia.pdf\">&#8220;Iberia Annual Accounts and Management Report 2015&#8221;<\/a>\u00a0(PDF).\u00a0<em>IAG<\/em>. Retrieved\u00a013 November\u00a02023.<\/li>\n\n\n\n<li><strong><a href=\"https:\/\/en.wikipedia.org\/wiki\/Iberia_(airline)#cite_ref-74\">^<\/a><\/strong>\u00a0<a href=\"https:\/\/www.iairgroup.com\/~\/media\/Files\/I\/IAG\/annual-reports\/iberia-annual-reports\/en\/annual-accounts-and-management-report-for-the-full-year-2016-iberia.pdf\">&#8220;Iberia Annual Accounts and Management Report 2016&#8221;<\/a>\u00a0(PDF).\u00a0<em>IAG<\/em>. Retrieved\u00a013 November\u00a02023.<\/li>\n\n\n\n<li><strong><a href=\"https:\/\/en.wikipedia.org\/wiki\/Iberia_(airline)#cite_ref-75\">^<\/a><\/strong>\u00a0<a href=\"https:\/\/www.iairgroup.com\/~\/media\/Files\/I\/IAG\/annual-reports\/iberia-annual-reports\/en\/annual-accounts-and-management-report-for-the-full-year-2017-iberia.pdf\">&#8220;Iberia Annual Accounts and Management Report 2017&#8221;<\/a>\u00a0(PDF).\u00a0<em>IAG<\/em>. Retrieved\u00a013 November\u00a02023.<\/li>\n\n\n\n<li><strong><a href=\"https:\/\/en.wikipedia.org\/wiki\/Iberia_(airline)#cite_ref-76\">^<\/a><\/strong>\u00a0<a href=\"https:\/\/www.iairgroup.com\/~\/media\/Files\/I\/IAG\/annual-reports\/iberia-annual-reports\/en\/iberia-annual-acc-n-mgmt-report-2018.pdf\">&#8220;Iberia Annual Accounts and Management Report 2018&#8221;<\/a>\u00a0(PDF).\u00a0<em>IAG<\/em>. Retrieved\u00a013 November\u00a02023.<\/li>\n\n\n\n<li><strong><a href=\"https:\/\/en.wikipedia.org\/wiki\/Iberia_(airline)#cite_ref-77\">^<\/a><\/strong>\u00a0<a href=\"https:\/\/www.iairgroup.com\/~\/media\/Files\/I\/IAG\/documents\/Iberia%20Annual%20Report%202019.pdf\">&#8220;Iberia Annual Accounts and Management Report 2019&#8221;<\/a>\u00a0(PDF).\u00a0<em>IAG<\/em>. Retrieved\u00a013 November\u00a02023.<\/li>\n\n\n\n<li><strong><a href=\"https:\/\/en.wikipedia.org\/wiki\/Iberia_(airline)#cite_ref-78\">^<\/a><\/strong>\u00a0<a href=\"https:\/\/www.iairgroup.com\/~\/media\/Files\/I\/IAG\/annual-reports\/iberia-annual-reports\/en\/iberia-annual-report-2020.pdf\">&#8220;Iberia Annual Accounts and Management Report 2020&#8221;<\/a>\u00a0(PDF).\u00a0<em>IAG<\/em>. Retrieved\u00a013 November\u00a02023.<\/li>\n\n\n\n<li><strong><a href=\"https:\/\/en.wikipedia.org\/wiki\/Iberia_(airline)#cite_ref-79\">^<\/a><\/strong>\u00a0<a href=\"https:\/\/www.iairgroup.com\/~\/media\/Files\/I\/IAG\/annual-reports\/iberia-annual-reports\/en\/ib-opco-holding-ccaacc-31-12-2021-en.PDF\">&#8220;Iberia Annual Accounts and Management Report 2021&#8221;<\/a>\u00a0(PDF).\u00a0<em>IAG<\/em>. Retrieved\u00a013 November\u00a02023.<\/li>\n\n\n\n<li><strong><a href=\"https:\/\/en.wikipedia.org\/wiki\/Iberia_(airline)#cite_ref-80\">^<\/a><\/strong>\u00a0<a href=\"https:\/\/www.iairgroup.com\/~\/media\/Files\/I\/IAG\/annual-reports\/iberia-annual-accounts-and-management-report-2022.pdf\">&#8220;Iberia Annual Accounts and Management Report 2022&#8221;<\/a>\u00a0(PDF).\u00a0<em>IAG<\/em>. Retrieved\u00a013 November\u00a02023.<\/li>\n\n\n\n<li>^\u00a0<a href=\"https:\/\/en.wikipedia.org\/wiki\/Iberia_(airline)#cite_ref-PreferenteSede_81-0\">Jump up to:<sup><em><strong>a<\/strong><\/em><\/sup><\/a>\u00a0<a href=\"https:\/\/en.wikipedia.org\/wiki\/Iberia_(airline)#cite_ref-PreferenteSede_81-1\"><sup><em><strong>b<\/strong><\/em><\/sup><\/a>\u00a0<a href=\"https:\/\/en.wikipedia.org\/wiki\/Iberia_(airline)#cite_ref-PreferenteSede_81-2\"><sup><em><strong>c<\/strong><\/em><\/sup><\/a>\u00a0&#8220;<a href=\"http:\/\/www.preferente.com\/noticias-de-transportes\/noticias-de-aerolineas\/iberia-se-muda-de-sede-por-un-importante-ahorro-de-costes-235955.html\">Iberia se muda de sede por un &#8220;importante ahorro de costes&#8221;<\/a>&#8221; (<a href=\"https:\/\/web.archive.org\/web\/20130818085142\/http:\/\/www.preferente.com\/noticias-de-transportes\/noticias-de-aerolineas\/iberia-se-muda-de-sede-por-un-importante-ahorro-de-costes-235955.html\">Archive<\/a>).\u00a0<em>Preferente<\/em>. 8 January 2013. Retrieved on 13 August 2014.<\/li>\n\n\n\n<li><strong><a href=\"https:\/\/en.wikipedia.org\/wiki\/Iberia_(airline)#cite_ref-82\">^<\/a><\/strong>\u00a0&#8220;<a href=\"http:\/\/www.iberia.com\/es\/legal-information\/\">[1]<\/a>.&#8221; Iberia. Retrieved on 13 August 2014.<\/li>\n\n\n\n<li><strong><a href=\"https:\/\/en.wikipedia.org\/wiki\/Iberia_(airline)#cite_ref-83\">^<\/a><\/strong>\u00a0<a href=\"https:\/\/www.google.es\/maps\/@40.4444299,-3.6573215,3a,73.1y,275.26h,106.4t\/data=!3m6!1e1!3m4!1suSfckAIFcCvnw9IWrsC1Dg!2e0!7i13312!8i6656\">&#8220;Google Maps&#8221;<\/a>.\u00a0<em>Google Maps<\/em>. Retrieved\u00a019 April\u00a02016.<\/li>\n\n\n\n<li><strong><a href=\"https:\/\/en.wikipedia.org\/wiki\/Iberia_(airline)#cite_ref-84\">^<\/a><\/strong>\u00a0&#8220;<a href=\"http:\/\/grupo.iberia.es\/portal\/site\/grupoiberia\/template.PAGE\/menuitem.53d8a38c1062c8d239bf93ead21061ca\/\">Legal notice<\/a>\u00a0<a href=\"https:\/\/web.archive.org\/web\/20110929031736\/http:\/\/grupo.iberia.es\/portal\/site\/grupoiberia\/template.PAGE\/menuitem.53d8a38c1062c8d239bf93ead21061ca\/\">Archived<\/a>\u00a02011-09-29 at the\u00a0<a href=\"https:\/\/en.wikipedia.org\/wiki\/Wayback_Machine\">Wayback Machine<\/a>.&#8221; Iberia. Retrieved on 25 February 2010. &#8220;IBERIA, L\u00edneas A\u00e9reas de Espa\u00f1a, S.A. with official address at Calle Vel\u00e1zquez no. 130, 28006 Madrid,&#8221;<\/li>\n\n\n\n<li><strong><a href=\"https:\/\/en.wikipedia.org\/wiki\/Iberia_(airline)#cite_ref-85\">^<\/a><\/strong>\u00a0<a href=\"https:\/\/web.archive.org\/web\/20090225084512\/http:\/\/grupo.iberia.es\/portal\/site\/grupoiberia\/menuitem.5dcd178a7f0a73be19736c10d21061ca\">&#8220;Inicio \u2013 Iberia&#8221;<\/a>. Grupo.iberia.es. Archived from\u00a0<a href=\"http:\/\/grupo.iberia.es\/portal\/site\/grupoiberia\/menuitem.5dcd178a7f0a73be19736c10d21061ca\">the original<\/a>\u00a0on 25 February 2009. Retrieved\u00a03 April\u00a02013.<\/li>\n\n\n\n<li><strong><a href=\"https:\/\/en.wikipedia.org\/wiki\/Iberia_(airline)#cite_ref-86\">^<\/a><\/strong>\u00a0<em><a href=\"https:\/\/en.wikipedia.org\/wiki\/Airliner_World\">Airliner World<\/a><\/em>\u00a0January 2007<\/li>\n\n\n\n<li><strong><a href=\"https:\/\/en.wikipedia.org\/wiki\/Iberia_(airline)#cite_ref-baiberiamerger_87-0\">^<\/a><\/strong>\u00a0Brothers, Caroline (30 July 2008).\u00a0<a href=\"https:\/\/www.nytimes.com\/2008\/07\/30\/business\/worldbusiness\/30air.html\">&#8220;British Airways in Merger Talks&#8221;<\/a>.\u00a0<em>The New York Times<\/em>. Retrieved\u00a030 July\u00a02008.<\/li>\n\n\n\n<li>^\u00a0<a href=\"https:\/\/en.wikipedia.org\/wiki\/Iberia_(airline)#cite_ref-BAIM_88-0\">Jump up to:<sup><em><strong>a<\/strong><\/em><\/sup><\/a>\u00a0<a href=\"https:\/\/en.wikipedia.org\/wiki\/Iberia_(airline)#cite_ref-BAIM_88-1\"><sup><em><strong>b<\/strong><\/em><\/sup><\/a>\u00a0<a href=\"http:\/\/news.bbc.co.uk\/2\/hi\/business\/8608667.stm\">&#8220;British Airways and Iberia sign merger agreement&#8221;<\/a>.\u00a0<em>BBC News<\/em>. 8 April 2010. Retrieved\u00a023 October\u00a02011.<\/li>\n\n\n\n<li><strong><a href=\"https:\/\/en.wikipedia.org\/wiki\/Iberia_(airline)#cite_ref-ECABAIB_89-0\">^<\/a><\/strong>\u00a0Rowley, Emma (15 July 2010).\u00a0<a href=\"https:\/\/www.telegraph.co.uk\/finance\/newsbysector\/epic\/bay\/7890648\/EC-approves-BA-alliance-with-American-Airlines-and-Iberia.html\">&#8220;EC approves BA alliance with American Airlines and Iberia&#8221;<\/a>.\u00a0<em>The Telegraph<\/em>. London.\u00a0<a href=\"https:\/\/ghostarchive.org\/archive\/20220112\/https:\/\/www.telegraph.co.uk\/finance\/newsbysector\/epic\/bay\/7890648\/EC-approves-BA-alliance-with-American-Airlines-and-Iberia.html\">Archived<\/a>\u00a0from the original on 12 January 2022. Retrieved\u00a015 July\u00a02010.<\/li>\n\n\n\n<li><strong><a href=\"https:\/\/en.wikipedia.org\/wiki\/Iberia_(airline)#cite_ref-DAOAIA_90-0\">^<\/a><\/strong>\u00a0Kamal Ahmed (14 February 2010).\u00a0<a href=\"https:\/\/www.telegraph.co.uk\/finance\/newsbysector\/transport\/7233020\/British-Airways-given-approval-for-tie-up-with-American-Airlines-and-Iberia.html\">&#8220;British Airways given approval for tie up with American Airlines and Iberia&#8221;<\/a>.\u00a0<em>The Telegraph<\/em>.\u00a0<a href=\"https:\/\/ghostarchive.org\/archive\/20220112\/https:\/\/www.telegraph.co.uk\/finance\/newsbysector\/transport\/7233020\/British-Airways-given-approval-for-tie-up-with-American-Airlines-and-Iberia.html\">Archived<\/a>\u00a0from the original on 12 January 2022. Retrieved\u00a015 July\u00a02013.<\/li>\n\n\n\n<li><strong><a href=\"https:\/\/en.wikipedia.org\/wiki\/Iberia_(airline)#cite_ref-91\">^<\/a><\/strong>\u00a0<a href=\"https:\/\/www.independent.co.uk\/travel\/news-and-advice\/airlines-unveil-new-deal-for-transatlantic-flyers-2101207.html\">&#8220;Airlines unveil &#8216;new deal for transatlantic flyers'&#8221;<\/a>.\u00a0<em>The Independent<\/em>. London. 8 October 2010. Retrieved\u00a08 October\u00a02010.<\/li>\n\n\n\n<li><strong><a href=\"https:\/\/en.wikipedia.org\/wiki\/Iberia_(airline)#cite_ref-92\">^<\/a><\/strong>\u00a0<a href=\"http:\/\/www.nation.co.ke\/business\/news\/Iberia%20expects%20to%20complete%20merger%20with%20BA%20in%20January\/-\/1006\/1041268\/-\/x2a6bh\/-\/index.html\">&#8220;Iberia expects to complete merger with British Airways in January&#8221;<\/a>.\u00a0<em>Daily Nation<\/em>. 27 October 2010. Retrieved\u00a018 November\u00a02010.<\/li>\n\n\n\n<li><strong><a href=\"https:\/\/en.wikipedia.org\/wiki\/Iberia_(airline)#cite_ref-TEP_93-0\">^<\/a><\/strong>\u00a0<a href=\"http:\/\/news.bbc.co.uk\/2\/hi\/8356780.stm\">&#8220;BA and Iberia agree with merger deal&#8221;<\/a>.\u00a0<em>BBC News<\/em>. 12 November 2009. Retrieved\u00a023 October\u00a02011.<\/li>\n\n\n\n<li><strong><a href=\"https:\/\/en.wikipedia.org\/wiki\/Iberia_(airline)#cite_ref-94\">^<\/a><\/strong>\u00a0<a href=\"https:\/\/www.britishairways.com\/cms\/global\/microsites\/ba_reports0910\/our_business\/risks.html\">&#8220;British Airways 2009\/10 Annual Report and Accounts&#8221;<\/a>.\u00a0<em>www.britishairways.com<\/em>. Retrieved\u00a02 September\u00a02017.<\/li>\n\n\n\n<li><strong><a href=\"https:\/\/en.wikipedia.org\/wiki\/Iberia_(airline)#cite_ref-95\">^<\/a><\/strong>\u00a0Moores, Victoria (24 July 2014).\u00a0<a href=\"https:\/\/web.archive.org\/web\/20140724181155\/http:\/\/atwonline.com\/labor\/iberia-pilots-and-ground-staff-agree-job-cuts\">&#8220;Iberia pilots and ground staff agree to job cuts&#8221;<\/a>.\u00a0<em><a href=\"https:\/\/en.wikipedia.org\/wiki\/Air_Transport_World\">Air Transport World<\/a><\/em>. Archived from\u00a0<a href=\"http:\/\/atwonline.com\/labor\/iberia-pilots-and-ground-staff-agree-job-cuts\">the original<\/a>\u00a0on 24 July 2014.<\/li>\n\n\n\n<li><strong><a href=\"https:\/\/en.wikipedia.org\/wiki\/Iberia_(airline)#cite_ref-96\">^<\/a><\/strong>\u00a0Valdivia, Ana Garcia.\u00a0<a href=\"https:\/\/www.forbes.com\/sites\/anagarciavaldivia\/2019\/01\/08\/brexits-impact-on-aviation-iberia-must-prove-its-spanish-nationality-to-continue-flying-in-the-eu\/\">&#8220;Brexit&#8217;s Impact On Aviation: Iberia Must Prove Its Spanish Nationality To Continue Flying In The EU&#8221;<\/a>.\u00a0<em>Forbes<\/em>.<\/li>\n\n\n\n<li><strong><a href=\"https:\/\/en.wikipedia.org\/wiki\/Iberia_(airline)#cite_ref-97\">^<\/a><\/strong>\u00a0<a href=\"https:\/\/www.oneworld.com\/news-information\/oneworldnews\/-\/asset_publisher\/QtTQ7EuCzxhd\/content\/oneworld-welcomes-iberia-on-board\/maximized\">&#8220;oneworld welcomes Iberia on board \u2013 oneworld news&#8221;<\/a>.\u00a0<em>www.oneworld.com<\/em>. 16 February 1999. Retrieved\u00a02 September\u00a02017.<\/li>\n\n\n\n<li><strong><a href=\"https:\/\/en.wikipedia.org\/wiki\/Iberia_(airline)#cite_ref-98\">^<\/a><\/strong>\u00a0HOSTELTUR.\u00a0<a href=\"https:\/\/www.hosteltur.com\/02132_binter-oferta-cerca-170-vuelos-semanales-programacion-verano.html\">&#8220;BINTER oferta cerca de 170 vuelos semanales en la programaci\u00f3n de verano | Econom\u00eda&#8221;<\/a>.\u00a0<em>Hosteltur<\/em>\u00a0(in European Spanish). Retrieved\u00a06 November\u00a02017.<\/li>\n\n\n\n<li><strong><a href=\"https:\/\/en.wikipedia.org\/wiki\/Iberia_(airline)#cite_ref-99\">^<\/a><\/strong>\u00a0<a href=\"http:\/\/www.elmundo.es\/elmundo\/2001\/06\/21\/economia\/993130919.html\">&#8220;Iberia vende Binter Mediterr\u00e1neo a su filial regional Air Nostrum&#8221;<\/a>.\u00a0<em>www.elmundo.es<\/em>. Retrieved\u00a06 November\u00a02017.<\/li>\n\n\n\n<li><strong><a href=\"https:\/\/en.wikipedia.org\/wiki\/Iberia_(airline)#cite_ref-100\">^<\/a><\/strong>\u00a0Ram\u00f3n, Alberto Ort\u00edn (13 January 2005).\u00a0<a href=\"https:\/\/cincodias.elpais.com\/cincodias\/2005\/01\/13\/empresas\/1105627179_850215.html\">&#8220;Iberia retendr\u00e1 un 11% del capital de Amadeus tras la compra&#8221;<\/a>.\u00a0<em>Cinco D\u00edas<\/em>\u00a0(in Spanish). Retrieved\u00a02 September\u00a02017.<\/li>\n\n\n\n<li><strong><a href=\"https:\/\/en.wikipedia.org\/wiki\/Iberia_(airline)#cite_ref-101\">^<\/a><\/strong>\u00a0HOSTELTUR.\u00a0<a href=\"https:\/\/www.hosteltur.com\/02729_viva-tours-se-incorpora-al-programa-iberia-plus.html\">&#8220;Viva Tours se incorpora al programa Iberia Plus | Econom\u00eda&#8221;<\/a>.\u00a0<em>Hosteltur: Toda la informaci\u00f3n de turismo<\/em>\u00a0(in European Spanish). Retrieved\u00a02 September\u00a02017.<\/li>\n\n\n\n<li><strong><a href=\"https:\/\/en.wikipedia.org\/wiki\/Iberia_(airline)#cite_ref-102\">^<\/a><\/strong>\u00a0Ministry of Economy Spain (23 June 2003).\u00a0<a href=\"https:\/\/www.cnmc.es\/sites\/default\/files\/16172.pdf\">&#8220;Informe del servicio de defensa de la competencia N-03031 Teinver (Marsans) \/ Tiempo Libre&#8221;<\/a>\u00a0(PDF). pp.\u00a020 pages.\u00a0<a href=\"https:\/\/web.archive.org\/web\/20170902190105\/https:\/\/www.cnmc.es\/sites\/default\/files\/16172.pdf\">Archived<\/a>\u00a0(PDF)\u00a0from the original on 2 September 2017.<\/li>\n\n\n\n<li><strong><a href=\"https:\/\/en.wikipedia.org\/wiki\/Iberia_(airline)#cite_ref-103\">^<\/a><\/strong>\u00a0(TRANSmarket), Alimarket Transporte.\u00a0<a href=\"https:\/\/www.alimarket.es\/logistica\/noticia\/153538\/cacesa-relanza-su-producto--ibexpress-\">&#8220;Cacesa relanza su producto&#8221;<\/a>.\u00a0<em>Alimarket.es<\/em>\u00a0(in European Spanish). Retrieved\u00a02 September\u00a02017.<\/li>\n\n\n\n<li><strong><a href=\"https:\/\/en.wikipedia.org\/wiki\/Iberia_(airline)#cite_ref-104\">^<\/a><\/strong>\u00a0<a href=\"https:\/\/web.archive.org\/web\/20170902223119\/http:\/\/www.iberiamaintenance.com\/portal\/site\/mantenimientov2\/menuitem.7d5395a7ffd3152498efcf5dd21061ca\/?idioma=en\">&#8220;[ Alphabetical Order ] \u2013 Iberia Maintenance&#8221;<\/a>.\u00a0<em>www.iberiamaintenance.com<\/em>. Archived from\u00a0<a href=\"http:\/\/www.iberiamaintenance.com\/portal\/site\/mantenimientov2\/menuitem.7d5395a7ffd3152498efcf5dd21061ca\/?idioma=en\">the original<\/a>\u00a0on 2 September 2017. Retrieved\u00a02 September\u00a02017.<\/li>\n\n\n\n<li><strong><a href=\"https:\/\/en.wikipedia.org\/wiki\/Iberia_(airline)#cite_ref-105\">^<\/a><\/strong>\u00a0<a href=\"http:\/\/handling.iberia.es\/en\/nuestras-cifras\/\">&#8220;Facts &amp; Figures&#8221;<\/a>.\u00a0<em>Airport Services<\/em>. Retrieved\u00a02 September\u00a02017.<\/li>\n\n\n\n<li><strong><a href=\"https:\/\/en.wikipedia.org\/wiki\/Iberia_(airline)#cite_ref-106\">^<\/a><\/strong>\u00a0<a href=\"https:\/\/www.businesstraveller.com\/business-travel\/2023\/07\/25\/iberia-joins-british-airways-and-qatar-airways-joint-venture\/\">&#8220;Iberia joins British Airways and Qatar Airways joint venture&#8221;<\/a>.\u00a0<em>Business Traveller<\/em>. Retrieved\u00a011 December\u00a02023.<\/li>\n\n\n\n<li><strong><a href=\"https:\/\/en.wikipedia.org\/wiki\/Iberia_(airline)#cite_ref-107\">^<\/a><\/strong>\u00a0<a href=\"https:\/\/centreforaviation.com\/analysis\/airline-leader\/the-experience-with-a-decade-of-north-atlantic-airline-joint-ventures-470150\">&#8220;The experience with a decade of North Atlantic airline joint ventures&#8221;<\/a>.\u00a0<em>CAPA &#8211; Centre for Aviation<\/em>. Retrieved\u00a015 December\u00a02023.<\/li>\n\n\n\n<li><strong><a href=\"https:\/\/en.wikipedia.org\/wiki\/Iberia_(airline)#cite_ref-108\">^<\/a><\/strong>\u00a0<a href=\"https:\/\/www.iberia.com\/gb\/our-alliances\/codeshare\/\">&#8220;Our codeshare partners&#8221;<\/a>. Retrieved\u00a012 July\u00a02023.<\/li>\n\n\n\n<li><strong><a href=\"https:\/\/en.wikipedia.org\/wiki\/Iberia_(airline)#cite_ref-109\">^<\/a><\/strong>\u00a0&#8220;<a href=\"https:\/\/www.preferente.com\/rss-2\/iberia-refuerza-su-presencia-en-mexico-de-la-mano-de-volaris-337211.html\">https:\/\/www.preferente.com\/rss-2\/iberia-refuerza-su-presencia-en-mexico-de-la-mano-de-volaris-337211.html<\/a>&#8220;. 7 June 2024.\u00a0<code>{{<a href=\"https:\/\/en.wikipedia.org\/wiki\/Template:Cite_web\">cite web<\/a>}}<\/code>:\u00a0External link in\u00a0<code>|title=<\/code>\u00a0(<a href=\"https:\/\/en.wikipedia.org\/wiki\/Help:CS1_errors#param_has_ext_link\">help<\/a>);\u00a0Missing or empty\u00a0<code>|url=<\/code>\u00a0(<a href=\"https:\/\/en.wikipedia.org\/wiki\/Help:CS1_errors#cite_web_url\">help<\/a>)<\/li>\n\n\n\n<li><strong><a href=\"https:\/\/en.wikipedia.org\/wiki\/Iberia_(airline)#cite_ref-110\">^<\/a><\/strong>\u00a0&#8220;<a href=\"https:\/\/www.preferente.com\/noticias-de-transportes\/noticias-de-aerolineas\/iberia-engorda-su-cartera-de-destinos-con-una-alianza-en-noruega-337860.html\">https:\/\/www.preferente.com\/noticias-de-transportes\/noticias-de-aerolineas\/iberia-engorda-su-cartera-de-destinos-con-una-alianza-en-noruega-337860.html<\/a>&#8220;. 5 July 2024.\u00a0<code>{{<a href=\"https:\/\/en.wikipedia.org\/wiki\/Template:Cite_web\">cite web<\/a>}}<\/code>:\u00a0External link in\u00a0<code>|title=<\/code>\u00a0(<a href=\"https:\/\/en.wikipedia.org\/wiki\/Help:CS1_errors#param_has_ext_link\">help<\/a>);\u00a0Missing or empty\u00a0<code>|url=<\/code>\u00a0(<a href=\"https:\/\/en.wikipedia.org\/wiki\/Help:CS1_errors#cite_web_url\">help<\/a>)<\/li>\n\n\n\n<li><strong><a href=\"https:\/\/en.wikipedia.org\/wiki\/Iberia_(airline)#cite_ref-airfleets.net_111-0\">^<\/a><\/strong>\u00a0<a href=\"https:\/\/www.airfleets.net\/flottecie\/Iberia.htm\">&#8220;Iberia Fleet Details&#8221;<\/a>. airfleets.net. Retrieved\u00a023 September\u00a02023.<\/li>\n\n\n\n<li><strong><a href=\"https:\/\/en.wikipedia.org\/wiki\/Iberia_(airline)#cite_ref-112\">^<\/a><\/strong>\u00a0<a href=\"https:\/\/www.iberia.com\/es\/fleet\/iberia\/\">&#8220;Iberia Fleet Detail&#8221;<\/a>.\u00a0<em>Iberia<\/em>. Retrieved\u00a019 August\u00a02023.<\/li>\n\n\n\n<li><strong><a href=\"https:\/\/en.wikipedia.org\/wiki\/Iberia_(airline)#cite_ref-A321XLR_113-0\">^<\/a><\/strong>\u00a0<a href=\"https:\/\/www.flightglobal.com\/news\/articles\/paris-iberia-and-aer-lingus-opt-for-a321xlrs-459108\/\">&#8220;PARIS: Iberia and Aer Lingus opt for A321XLRs&#8221;<\/a>.\u00a0<em>FlightGlobal<\/em>. 18 June 2019. Retrieved\u00a018 June\u00a02019.<\/li>\n\n\n\n<li>^\u00a0<a href=\"https:\/\/en.wikipedia.org\/wiki\/Iberia_(airline)#cite_ref-airbus.com_114-0\">Jump up to:<sup><em><strong>a<\/strong><\/em><\/sup><\/a>\u00a0<a href=\"https:\/\/en.wikipedia.org\/wiki\/Iberia_(airline)#cite_ref-airbus.com_114-1\"><sup><em><strong>b<\/strong><\/em><\/sup><\/a>\u00a0Airbus Orders and Deliveries (XLS), monthly updated, accessed via\u00a0<a href=\"https:\/\/www.airbus.com\/en\/products-services\/commercial-aircraft\/market\/orders-and-deliveries\">&#8220;Orders &amp; deliveries&#8221;<\/a>.\u00a0<em>Airbus<\/em>. Airbus SAS. Retrieved\u00a024 September\u00a02023.<\/li>\n\n\n\n<li><strong><a href=\"https:\/\/en.wikipedia.org\/wiki\/Iberia_(airline)#cite_ref-115\">^<\/a><\/strong>\u00a0<a href=\"https:\/\/aviationweek.com\/air-transport\/location\/iberia-sees-a321xlrs-boosting-north-american-network\">&#8220;Iberia Sees A321XLRs Boosting North American Network | Aviation Week Network&#8221;<\/a>.\u00a0<em>aviationweek.com<\/em>. 5 June 2023. Retrieved\u00a019 November\u00a02023.<\/li>\n\n\n\n<li><strong><a href=\"https:\/\/en.wikipedia.org\/wiki\/Iberia_(airline)#cite_ref-116\">^<\/a><\/strong>\u00a0<a href=\"https:\/\/www.reuters.com\/article\/idUKFWN10H03620150806\">&#8220;BRIEF-IAG to convert A350-900, Airbus aircraft options to firm orders for Iberia&#8221;<\/a>.\u00a0<em>Reuters<\/em>. 6 August 2015. Retrieved\u00a013 November\u00a02023.<\/li>\n\n\n\n<li><strong><a href=\"https:\/\/en.wikipedia.org\/wiki\/Iberia_(airline)#cite_ref-117\">^<\/a><\/strong>\u00a0<a href=\"https:\/\/www.airbus.com\/en\/newsroom\/press-releases\/2018-06-iberia-takes-delivery-of-its-first-a350-900\">&#8220;Iberia takes delivery of its first A350-900&#8221;<\/a>.\u00a0<em>www.airbus.com<\/em>. 26 June 2018. Retrieved\u00a019 November\u00a02023.<\/li>\n\n\n\n<li><strong><a href=\"https:\/\/en.wikipedia.org\/wiki\/Iberia_(airline)#cite_ref-118\">^<\/a><\/strong>\u00a0<a href=\"https:\/\/thediplomatinspain.com\/en\/2017\/06\/iberia-buys-20-new-airbus-320-for-short-and-medium-haul-flights\/\">&#8220;Iberia buys 20 new Airbus 320 for short and medium-haul flights&#8221;<\/a>.\u00a0<em>The Diplomat in Spain<\/em>. 29 June 2017. Retrieved\u00a013 November\u00a02023.<\/li>\n\n\n\n<li><strong><a href=\"https:\/\/en.wikipedia.org\/wiki\/Iberia_(airline)#cite_ref-119\">^<\/a><\/strong>\u00a0<a href=\"https:\/\/www.ch-aviation.com\/portal\/news\/67685-iberia-adds-first-a320neo\">&#8220;Iberia adds first A320neo&#8221;<\/a>.\u00a0<em>ch-aviation<\/em>. 1 June 2018. Retrieved\u00a019 November\u00a02023.<\/li>\n\n\n\n<li><strong><a href=\"https:\/\/en.wikipedia.org\/wiki\/Iberia_(airline)#cite_ref-120\">^<\/a><\/strong>\u00a0Wenzel, Nick (26 June 2020).\u00a0<a href=\"https:\/\/www.ifn.news\/posts\/iberia-express-receives-first-airbus-a321neo\/\">&#8220;Iberia Express receives first Airbus A321neo&#8221;<\/a>.\u00a0<em>International Flight Network<\/em>. Retrieved\u00a019 November\u00a02023.<\/li>\n\n\n\n<li><strong><a href=\"https:\/\/en.wikipedia.org\/wiki\/Iberia_(airline)#cite_ref-121\">^<\/a><\/strong>\u00a0&#8220;A321XLR Steals Paris Show&#8221;.\u00a0<em>Airliner World<\/em>. August 2019: 6.<\/li>\n\n\n\n<li><strong><a href=\"https:\/\/en.wikipedia.org\/wiki\/Iberia_(airline)#cite_ref-122\">^<\/a><\/strong>\u00a0<a href=\"http:\/\/airfleets.net\/flottecie\/Iberia.htm\">&#8220;Iberia fleet development listing&#8221;<\/a>.\u00a0<em>Airfleets.net<\/em>. Retrieved\u00a020 April\u00a02013.<\/li>\n\n\n\n<li><strong><a href=\"https:\/\/en.wikipedia.org\/wiki\/Iberia_(airline)#cite_ref-123\">^<\/a><\/strong>\u00a0<a href=\"https:\/\/archive.today\/20120707074307\/http:\/\/active.boeing.com\/commercial\/orders\/displaystandardreport.cfm?content=default.cfm&amp;pageid=m25064&amp;optReportType=Customer&amp;cboCustomer=IBE\">Customer Summary Through March 2013<\/a>. Boeing.com.<\/li>\n\n\n\n<li><strong><a href=\"https:\/\/en.wikipedia.org\/wiki\/Iberia_(airline)#cite_ref-a343retirement_124-0\">^<\/a><\/strong>\u00a0<a href=\"http:\/\/ch-aviation.com\/portal\/news\/50594-iberia-ends-a340-300-operations\">ch-aviation.com \u2013 Iberia ends A340-300 operations<\/a>\u00a023 November 2016<\/li>\n\n\n\n<li><strong><a href=\"https:\/\/en.wikipedia.org\/wiki\/Iberia_(airline)#cite_ref-125\">^<\/a><\/strong>\u00a0<a href=\"http:\/\/viajar.elperiodico.com\/viajeros\/iberia-renueva-su-clase-business-con-un-asiento-totalmente-abatible\">&#8220;Iberia renueva su clase business con un asiento totalmente abatible&#8221;<\/a>.\u00a0<em>viajar.elperiodico.com<\/em>\u00a0(in European Spanish). Retrieved\u00a02 September\u00a02017.<\/li>\n\n\n\n<li><strong><a href=\"https:\/\/en.wikipedia.org\/wiki\/Iberia_(airline)#cite_ref-126\">^<\/a><\/strong>\u00a0<a href=\"http:\/\/www.iberia.com\/web\/obsmenu.do?menuId=EIVBCL\">&#8220;Business Class \u2013 Iberia&#8221;<\/a>.\u00a0<em>www.iberia.com<\/em>. Retrieved\u00a017 April\u00a02016.<\/li>\n\n\n\n<li>^\u00a0<a href=\"https:\/\/en.wikipedia.org\/wiki\/Iberia_(airline)#cite_ref-Business_Plus_-_Iberia_127-0\">Jump up to:<sup><em><strong>a<\/strong><\/em><\/sup><\/a>\u00a0<a href=\"https:\/\/en.wikipedia.org\/wiki\/Iberia_(airline)#cite_ref-Business_Plus_-_Iberia_127-1\"><sup><em><strong>b<\/strong><\/em><\/sup><\/a>\u00a0<a href=\"http:\/\/www.iberia.com\/web\/obsmenu.do?menuId=EIVBPL\">&#8220;Business Plus \u2013 Iberia&#8221;<\/a>.\u00a0<em>www.iberia.com<\/em>. Retrieved\u00a017 April\u00a02016.<\/li>\n\n\n\n<li><strong><a href=\"https:\/\/en.wikipedia.org\/wiki\/Iberia_(airline)#cite_ref-128\">^<\/a><\/strong>\u00a0&#8220;<a href=\"http:\/\/www.iberia.com\/ibcomv3\/content\/COMUN\/PDF\/tumenu_new.pdf\">Tu Men\u00fa<\/a>.&#8221;\u00a0<em>Iberia Airlines<\/em>. Accessed 11 October 2008.<\/li>\n\n\n\n<li><strong><a href=\"https:\/\/en.wikipedia.org\/wiki\/Iberia_(airline)#cite_ref-129\">^<\/a><\/strong>\u00a0&#8220;<a href=\"http:\/\/www.iberia.com\/OneToOne\/v3\/program.do?prgOid=536884860&amp;tabId=3&amp;menuId=04040200000000&amp;language=en&amp;country=US&amp;market=US&amp;IS_ANONYMOUS=true\">Economy<\/a><sup>[<em><a href=\"https:\/\/en.wikipedia.org\/wiki\/Wikipedia:Link_rot\">permanent dead link<\/a><\/em>]<\/sup>.&#8221; Iberia. Retrieved on 13 December 2011.<\/li>\n\n\n\n<li><strong><a href=\"https:\/\/en.wikipedia.org\/wiki\/Iberia_(airline)#cite_ref-130\">^<\/a><\/strong>\u00a0<a href=\"http:\/\/aviation-safety.net\/database\/dblist.php?sorteer=datekey_desc&amp;kind=%&amp;cat=%&amp;page=1&amp;field=Operatorkey&amp;var=6016\">&#8220;Iberia occurrences&#8221;<\/a>.\u00a0<em>Aviation Safety Network<\/em>. Flight Safety Foundation. Retrieved\u00a026 January\u00a02016.<\/li>\n\n\n\n<li><strong><a href=\"https:\/\/en.wikipedia.org\/wiki\/Iberia_(airline)#cite_ref-131\">^<\/a><\/strong>\u00a0ABC (20 April 1928).\u00a0<a href=\"http:\/\/hemeroteca.abc.es\/nav\/Navigate.exe\/hemeroteca\/madrid\/abc\/1928\/04\/20\/025.html\">&#8220;ABC (Madrid) \u2013 20\/04\/1928, p. 25&#8221;<\/a>.\u00a0<em>hemeroteca.abc.es<\/em>\u00a0(in Spanish). Retrieved\u00a07 November\u00a02017.<\/li>\n\n\n\n<li><strong><a href=\"https:\/\/en.wikipedia.org\/wiki\/Iberia_(airline)#cite_ref-132\">^<\/a><\/strong>\u00a0ECO de Teruel (19 April 2014).\u00a0<a href=\"https:\/\/ecodeteruel.tv\/efemeridesque-paso-tal-dia-como-hoy-del-ano-3\/\">&#8220;Efemerides \u00bfQue paso tal dia como hoy del a\u00f1o\u2026..?&#8221;<\/a>.\u00a0<em>ecodeteruel.tv<\/em>\u00a0(in European Spanish). Retrieved\u00a07 November\u00a02017.<\/li>\n\n\n\n<li><strong><a href=\"https:\/\/en.wikipedia.org\/wiki\/Iberia_(airline)#cite_ref-133\">^<\/a><\/strong>\u00a0<a href=\"https:\/\/aviation-safety.net\/database\/record.php?id=19390329-0\">Accident description for Junkers Ju 52\/3mge registration M-CABD<\/a>\u00a0at the\u00a0<a href=\"https:\/\/en.wikipedia.org\/wiki\/Aviation_Safety_Network\">Aviation Safety Network<\/a>. Retrieved on 26 January 2016.<\/li>\n\n\n\n<li><strong><a href=\"https:\/\/en.wikipedia.org\/wiki\/Iberia_(airline)#cite_ref-134\">^<\/a><\/strong>\u00a0<a href=\"https:\/\/aviation-safety.net\/database\/record.php?id=19391218-0\">Accident description for Junkers Ju 52\/3m registration M-CABA<\/a>\u00a0at the\u00a0<a href=\"https:\/\/en.wikipedia.org\/wiki\/Aviation_Safety_Network\">Aviation Safety Network<\/a>. Retrieved on 26 January 2016.<\/li>\n\n\n\n<li><strong><a href=\"https:\/\/en.wikipedia.org\/wiki\/Iberia_(airline)#cite_ref-135\">^<\/a><\/strong>\u00a0<a href=\"https:\/\/aviation-safety.net\/database\/record.php?id=19481223-0\">&#8220;Descripci\u00f3n del Accidente ASN 23 DEC 1948 Douglas C-47-DL (DC-3) EC-ABK \u2013 Gandesa&#8221;<\/a>.\u00a0<em>Aviation Safety Network<\/em>.<\/li>\n\n\n\n<li><strong><a href=\"https:\/\/en.wikipedia.org\/wiki\/Iberia_(airline)#cite_ref-136\">^<\/a><\/strong>\u00a0ABC (24 December 1948).\u00a0<a href=\"http:\/\/hemeroteca.abc.es\/nav\/Navigate.exe\/hemeroteca\/madrid\/abc\/1948\/12\/24\/019.html\">&#8220;The 27 passengers of the Madrid-Barcelona aircraft killed after the mahcien crashed near Gadesa&#8221;<\/a>\u00a0(in Spanish).<\/li>\n\n\n\n<li><strong><a href=\"https:\/\/en.wikipedia.org\/wiki\/Iberia_(airline)#cite_ref-137\">^<\/a><\/strong>\u00a0<a href=\"http:\/\/aviation-safety.net\/database\/record.php?id=19571028-0&amp;lang=en\">&#8220;Technical Report 1957&#8221;<\/a>.\u00a0<em>Aviation Safety Network<\/em>. 1957.<\/li>\n\n\n\n<li><strong><a href=\"https:\/\/en.wikipedia.org\/wiki\/Iberia_(airline)#cite_ref-138\">^<\/a><\/strong>\u00a0<a href=\"http:\/\/aviation-safety.net\/database\/record.php?id=19590429-0&amp;lang=en\">&#8220;Technical Report 1959&#8221;<\/a>.\u00a0<em>Aviation Safety Network<\/em>. 1959.<\/li>\n\n\n\n<li><strong><a href=\"https:\/\/en.wikipedia.org\/wiki\/Iberia_(airline)#cite_ref-139\">^<\/a><\/strong>\u00a0<a href=\"https:\/\/aviation-safety.net\/database\/record.php?id=19650331-0\">Accident description for Convair CV-440-62 registration EC-ATH<\/a>\u00a0at the\u00a0<a href=\"https:\/\/en.wikipedia.org\/wiki\/Aviation_Safety_Network\">Aviation Safety Network<\/a>. Retrieved on 26 January 2016.<\/li>\n\n\n\n<li><strong><a href=\"https:\/\/en.wikipedia.org\/wiki\/Iberia_(airline)#cite_ref-140\">^<\/a><\/strong>\u00a0<a href=\"https:\/\/aviation-safety.net\/database\/record.php?id=19650505-0\">&#8220;Lockheed L-1049G Super Constellation EC-AIN Tenerife-Norte Los Rodeos Airport (TFN)&#8221;<\/a>.\u00a0<em>Aviation Safety Network<\/em>.<\/li>\n\n\n\n<li><strong><a href=\"https:\/\/en.wikipedia.org\/wiki\/Iberia_(airline)#cite_ref-141\">^<\/a><\/strong>\u00a0<a href=\"https:\/\/aviation-safety.net\/database\/record.php?id=19671104-1\">&#8220;Sud Aviation SE-210 Caravelle 10R EC-BDD Blackdown Hill, Haslemere, West Sussex&#8221;<\/a>.\u00a0<em>Aviation Safety Network<\/em>.<\/li>\n\n\n\n<li><strong><a href=\"https:\/\/en.wikipedia.org\/wiki\/Iberia_(airline)#cite_ref-142\">^<\/a><\/strong>\u00a0<a href=\"https:\/\/www.flightglobal.com\/pdfarchive\/view\/1967\/1967%20-%202154.html\">&#8220;Caravelle crash report 1967 | 2154 | Flight Archive&#8221;<\/a>. Flight International. 20 August 1970.<\/li>\n\n\n\n<li><strong><a href=\"https:\/\/en.wikipedia.org\/wiki\/Iberia_(airline)#cite_ref-143\">^<\/a><\/strong>\u00a0<a href=\"http:\/\/aviation-safety.net\/database\/record.php?id=19720107-1&amp;lang=en\">&#8220;Technical Report 1972&#8221;<\/a>.\u00a0<em>Aviation Safety Network<\/em>. 1972.<\/li>\n\n\n\n<li><strong><a href=\"https:\/\/en.wikipedia.org\/wiki\/Iberia_(airline)#cite_ref-144\">^<\/a><\/strong>\u00a0<a href=\"http:\/\/news.bbc.co.uk\/onthisday\/hi\/dates\/stories\/march\/5\/newsid_4202000\/4202039.stm\">&#8220;Mid-air collision kills 68&#8221;<\/a>.\u00a0<em>BBC News<\/em>. 5 March 1973.<\/li>\n\n\n\n<li><strong><a href=\"https:\/\/en.wikipedia.org\/wiki\/Iberia_(airline)#cite_ref-145\">^<\/a><\/strong>\u00a0<a href=\"http:\/\/aviation-safety.net\/database\/record.php?id=19731217-2\">&#8220;Technical Report 1973&#8221;<\/a>.\u00a0<em>Aviation Safety Network<\/em>. 1973.<\/li>\n\n\n\n<li><strong><a href=\"https:\/\/en.wikipedia.org\/wiki\/Iberia_(airline)#cite_ref-146\">^<\/a><\/strong>\u00a0ABC (8 December 1983).\u00a0<a href=\"http:\/\/hemeroteca.abc.es\/nav\/Navigate.exe\/hemeroteca\/madrid\/abc\/1983\/12\/08\/033.html\">&#8220;ABC (Madrid) \u2013 08\/12\/1983, p. 33&#8221;<\/a>.\u00a0<em>hemeroteca.abc.es<\/em>\u00a0(in Spanish). Retrieved\u00a06 November\u00a02017.<\/li>\n\n\n\n<li><strong><a href=\"https:\/\/en.wikipedia.org\/wiki\/Iberia_(airline)#cite_ref-147\">^<\/a><\/strong>\u00a0<a href=\"http:\/\/aviation-safety.net\/database\/record.php?id=19850219-1&amp;lang=en\">&#8220;Technical Report A-009\/1985&#8221;<\/a>.\u00a0<em>Aviation Safety Network<\/em>. 1985.<\/li>\n\n\n\n<li><strong><a href=\"https:\/\/en.wikipedia.org\/wiki\/Iberia_(airline)#cite_ref-ASN_148-0\">^<\/a><\/strong>\u00a0<a href=\"https:\/\/aviation-safety.net\/database\/record.php?id=20010207-0\">Accident description<\/a>\u00a0at the\u00a0<a href=\"https:\/\/en.wikipedia.org\/wiki\/Aviation_Safety_Network\">Aviation Safety Network<\/a>. Retrieved on 4 February 2024.<\/li>\n\n\n\n<li><strong><a href=\"https:\/\/en.wikipedia.org\/wiki\/Iberia_(airline)#cite_ref-149\">^<\/a><\/strong>\u00a0Ranter, Harro.\u00a0<a href=\"https:\/\/aviation-safety.net\/database\/record.php?id=20071109-0\">&#8220;ASN Aircraft accident Airbus A340-642 EC-JOH Quito-Mariscal Sucre Airport (UIO)&#8221;<\/a>.\u00a0<em>aviation-safety.net<\/em>. Retrieved\u00a010 January\u00a02024.<\/li>\n\n\n\n<li><strong><a href=\"https:\/\/en.wikipedia.org\/wiki\/Iberia_(airline)#cite_ref-150\">^<\/a><\/strong>\u00a0<a href=\"http:\/\/www.flightglobal.com\/articles\/2007\/11\/11\/219384\/iberia-a340-600-badly-damaged-after-sliding-off-quito-runway.html\">&#8220;Iberia A340-600 badly damaged after sliding off Quito runway&#8221;<\/a>.<\/li>\n<\/ol>\n\n\n\n<h2 class=\"wp-block-heading\">4. \u4e2d\u6587\u8bcd\u6761\u53c2\u8003\u8d44\u6599<\/h2>\n\n\n\n<ol class=\"has-small-font-size wp-block-list\">\n<li><strong><a href=\"https:\/\/zh.wikipedia.org\/wiki\/%E8%A5%BF%E7%8F%AD%E7%89%99%E5%9C%8B%E5%AE%B6%E8%88%AA%E7%A9%BA#cite_ref-1\">^<\/a><\/strong>\u00a0<a href=\"https:\/\/www.iberia.com\/gb\/our-alliances\/codeshare\/\">\u5b58\u6863\u526f\u672c<\/a>.\u00a0[12 July\u00a02023]. \uff08\u539f\u59cb\u5185\u5bb9<a href=\"https:\/\/web.archive.org\/web\/20230112160544\/https:\/\/www.iberia.com\/gb\/our-alliances\/codeshare\/\">\u5b58\u6863<\/a>\u4e8e2023-01-12\uff09.<\/li>\n\n\n\n<li><strong><a href=\"https:\/\/zh.wikipedia.org\/wiki\/%E8%A5%BF%E7%8F%AD%E7%89%99%E5%9C%8B%E5%AE%B6%E8%88%AA%E7%A9%BA#cite_ref-2\">^<\/a><\/strong>\u00a0<a href=\"https:\/\/www.planespotters.net\/airline\/Iberia\">\u5b58\u6863\u526f\u672c<\/a>.\u00a0[2016-04-12]. \uff08\u539f\u59cb\u5185\u5bb9<a href=\"https:\/\/web.archive.org\/web\/20190607050533\/https:\/\/www.planespotters.net\/airline\/Iberia\">\u5b58\u6863<\/a>\u4e8e2019-06-07\uff09.<\/li>\n\n\n\n<li><strong><a href=\"https:\/\/zh.wikipedia.org\/wiki\/%E8%A5%BF%E7%8F%AD%E7%89%99%E5%9C%8B%E5%AE%B6%E8%88%AA%E7%A9%BA#cite_ref-3\">^<\/a><\/strong>\u00a0<a href=\"http:\/\/www.airbus.com\/company\/market\/orders-deliveries\/?eID=maglisting_push&amp;tx_maglisting_pi1%5BdocID%5D=108108\">\u5b58\u6863\u526f\u672c<\/a>.\u00a0[2016-04-12]. \uff08\u539f\u59cb\u5185\u5bb9<a href=\"https:\/\/web.archive.org\/web\/20160422091136\/http:\/\/www.airbus.com\/company\/market\/orders-deliveries\/?eID=maglisting_push&amp;tx_maglisting_pi1%5BdocID%5D=108108\">\u5b58\u6863<\/a>\u4e8e2016-04-22\uff09.<\/li>\n\n\n\n<li><strong><a href=\"https:\/\/zh.wikipedia.org\/wiki\/%E8%A5%BF%E7%8F%AD%E7%89%99%E5%9C%8B%E5%AE%B6%E8%88%AA%E7%A9%BA#cite_ref-4\">^<\/a><\/strong>\u00a0<a href=\"http:\/\/www.elpais.com\/articulo\/espana\/150\/muertos\/estrellarse\/despegue\/avion\/salia\/Barajas\/elpepuesp\/20080820elpepunac_11\/Tes\">http:\/\/www.elpais.com\/articulo\/espana\/150\/muertos\/estrellarse\/despegue\/avion\/salia\/Barajas\/elpepuesp\/20080820elpepunac_11\/Tes<\/a><\/li>\n\n\n\n<li><strong><a href=\"https:\/\/zh.wikipedia.org\/wiki\/%E8%A5%BF%E7%8F%AD%E7%89%99%E5%9C%8B%E5%AE%B6%E8%88%AA%E7%A9%BA#cite_ref-5\">^<\/a><\/strong>\u00a0<a href=\"http:\/\/www.elmundo.es\/elmundo\/2008\/08\/20\/espana\/1219237335.html\">\u5b58\u6863\u526f\u672c<\/a>.\u00a0[2008-11-04]. \uff08\u539f\u59cb\u5185\u5bb9<a href=\"https:\/\/web.archive.org\/web\/20210410203141\/https:\/\/www.elmundo.es\/elmundo\/2008\/08\/20\/espana\/1219237335.html\">\u5b58\u6863<\/a>\u4e8e2021-04-10\uff09.<\/li>\n<\/ol>\n\n\n\n<h2 class=\"wp-block-heading\">5. \u5ef6\u4f38\u9605\u8bfb | Further reading<\/h2>\n\n\n\n<ul class=\"has-small-font-size wp-block-list\">\n<li>Javier Vidal Olivares (2003a). &#8220;Estado, regulaci\u00f3n de los mercados y estrategia empresarial en Am\u00e9rica Latina: Iberia, L\u00edneas A\u00e9reas de Espa\u00f1a, en Argentina y Uruguay, 1966\u20131975&#8221;.\u00a0<em>Historia econ\u00f3mica &amp; Historia de empresas<\/em>\u00a0(in Spanish).\u00a0<strong>VI<\/strong>\u00a0(1). 1219-3314, 121\u2013150.<\/li>\n\n\n\n<li>\u2014\u2014\u2014 (2003b). &#8220;El fracaso de la expansi\u00f3n internacional de la aerol\u00ednea Iberia en Am\u00e9rica Latina: los casos de Panam\u00e1 y Rep\u00fablica Dominicana,1966\u20131973&#8221;.\u00a0<em>TST. Transportes, Servicios y Telecomunicaciones<\/em>\u00a0(in Spanish).\u00a0<strong>6<\/strong>. 1578-5777, 23\u201339.<\/li>\n\n\n\n<li>\u2014\u2014\u2014 (2006). &#8220;De la internacionalizaci\u00f3n a la multinacionalizaci\u00f3n: Iberia, L\u00edneas A\u00e9reas de Espa\u00f1a en Am\u00e9rica Latina (1966\u20132000)&#8221;. In M. Cerutti (ed.).\u00a0<em>Empresas y grupos empresariales en Am\u00e9rica Latina, Espa\u00f1a y Portugal (1870\u20132000)<\/em>\u00a0(in Spanish).\u00a0<a href=\"https:\/\/en.wikipedia.org\/wiki\/Universidad_Aut%C3%B3noma_de_Nuevo_Le%C3%B3n\">Universidad Aut\u00f3noma de Nuevo Le\u00f3n<\/a>\u00a0and\u00a0<a href=\"https:\/\/en.wikipedia.org\/wiki\/Universidad_de_Alicante\">Universidad de Alicante<\/a>.\u00a0<a href=\"https:\/\/en.wikipedia.org\/wiki\/ISBN_(identifier)\">ISBN<\/a>\u00a0<a href=\"https:\/\/en.wikipedia.org\/wiki\/Special:BookSources\/970-694-224-6\"><bdi>970-694-224-6<\/bdi><\/a>.<\/li>\n\n\n\n<li>\u2014\u2014\u2014 (2008a). &#8220;Las alianzas empresariales en la aviaci\u00f3n comercial: Iberia, LAE (1950-1978)&#8221;.\u00a0<em>C\u00e1tedra Corona<\/em>\u00a0(in Spanish).\u00a0<strong>13<\/strong>\u00a0(13). 1657-477X, 1\u201366.<\/li>\n\n\n\n<li>\u2014\u2014\u2014 (2008b).\u00a0<em>Las alas de Espa\u00f1a: Iberia, l\u00edneas a\u00e9reas: de aerol\u00ednea de bandera a transportista mundial (1940\u20132005)<\/em>\u00a0(in Spanish). Vol.\u00a013 (first\u00a0ed.). Valencia: Publicacions de la Universitat de Val\u00e8ncia.\u00a0<a href=\"https:\/\/en.wikipedia.org\/wiki\/ISBN_(identifier)\">ISBN<\/a>\u00a0<a href=\"https:\/\/en.wikipedia.org\/wiki\/Special:BookSources\/978-84-370-7084-1\"><bdi>978-84-370-7084-1<\/bdi><\/a>.<\/li>\n<\/ul>\n\n\n\n<h2 class=\"wp-block-heading\">6. \u5916\u90e8\u94fe\u63a5 | External links<\/h2>\n\n\n\n<ul class=\"has-small-font-size wp-block-list\">\n<li><a href=\"https:\/\/en.wikipedia.org\/wiki\/File:Commons-logo.svg\"><\/a>\u00a0Media related to\u00a0<a href=\"https:\/\/commons.wikimedia.org\/wiki\/Category:Iberia\">Iberia<\/a>\u00a0at Wikimedia Commons \/ <a href=\"https:\/\/zh.wikipedia.org\/wiki\/%E7%BB%B4%E5%9F%BA%E5%85%B1%E4%BA%AB%E8%B5%84%E6%BA%90\">\u7ef4\u57fa\u5171\u4eab\u8d44\u6e90<\/a>\u4e0a\u7684\u76f8\u5173\u591a\u5a92\u4f53\u8d44\u6e90\uff1a<a href=\"https:\/\/commons.wikimedia.org\/wiki\/Category:Iberia\"><strong>\u897f\u73ed\u7259\u56fd\u5bb6\u822a\u7a7a<\/strong><\/a><\/li>\n\n\n\n<li><a href=\"https:\/\/www.iberia.com\/\">Official website<\/a><\/li>\n<\/ul>\n","protected":false},"excerpt":{"rendered":"<p>\u4e2d\u6587\u8bcd\u6761\u539f\u6587\u94fe\u63a5\uff08\u65e0\u6cd5\u4ece\u4e2d\u56fd\u5185\u5730\u8bbf\u95ee\uff09\uff1a\u8bf7\u70b9 [&hellip;]<\/p>\n","protected":false},"author":1,"featured_media":0,"comment_status":"closed","ping_status":"closed","sticky":false,"template":"","format":"standard","meta":[],"categories":[76,41,85,75],"tags":[155,101],"class_list":["post-3556","post","type-post","status-publish","format-standard","hentry","category-industry-of-transportation","category-europe-except-cis","category-airlines","category-multinational-corporations","tag-155","tag-101"],"_links":{"self":[{"href":"https:\/\/cathayvista.top\/index.php\/wp-json\/wp\/v2\/posts\/3556","targetHints":{"allow":["GET"]}}],"collection":[{"href":"https:\/\/cathayvista.top\/index.php\/wp-json\/wp\/v2\/posts"}],"about":[{"href":"https:\/\/cathayvista.top\/index.php\/wp-json\/wp\/v2\/types\/post"}],"author":[{"embeddable":true,"href":"https:\/\/cathayvista.top\/index.php\/wp-json\/wp\/v2\/users\/1"}],"replies":[{"embeddable":true,"href":"https:\/\/cathayvista.top\/index.php\/wp-json\/wp\/v2\/comments?post=3556"}],"version-history":[{"count":0,"href":"https:\/\/cathayvista.top\/index.php\/wp-json\/wp\/v2\/posts\/3556\/revisions"}],"wp:attachment":[{"href":"https:\/\/cathayvista.top\/index.php\/wp-json\/wp\/v2\/media?parent=3556"}],"wp:term":[{"taxonomy":"category","embeddable":true,"href":"https:\/\/cathayvista.top\/index.php\/wp-json\/wp\/v2\/categories?post=3556"},{"taxonomy":"post_tag","embeddable":true,"href":"https:\/\/cathayvista.top\/index.php\/wp-json\/wp\/v2\/tags?post=3556"}],"curies":[{"name":"wp","href":"https:\/\/api.w.org\/{rel}","templated":true}]}}